{"id":190463,"date":"2019-08-05T15:17:21","date_gmt":"2019-08-05T12:17:21","guid":{"rendered":"http:\/\/www.tvturk.com\/index.php\/adanaspor-levent-eris-ile-anlasti\/"},"modified":"2019-08-05T15:17:21","modified_gmt":"2019-08-05T12:17:21","slug":"adanaspor-levent-eris-ile-anlasti","status":"publish","type":"post","link":"http:\/\/www.tvturk.com\/index.php\/adanaspor-levent-eris-ile-anlasti\/","title":{"rendered":"Adanaspor, Levent Eri\u015f ile anla\u015ft\u0131"},"content":{"rendered":"<p>Adanspor, teknik direkt\u00f6rl\u00fck g\u00f6revine Levent Eri\u015f\u2019i getirdi.<\/p>\n<p>TFF 1.Lig ekiplerinden Adanaspor, teknik direkt\u00f6rl\u00fck g\u00f6revi i\u00e7in Levent Eri\u015f ile anla\u015ft\u0131.  Adanaspor Y\u00f6netim Kurulu Ba\u015fkan\u0131 Bayram Akg\u00fcl ile Bolu\u2019da bir araya gelen Levent Eri\u015f, resmi s\u00f6zle\u015fmeyi imzalad\u0131.<\/p>\n","protected":false},"excerpt":{"rendered":"<p>ADANSPOR, TEKN\u0130K D\u0130REKT\u00d6RL\u00dcK G\u00d6REV\u0130NE LEVENT ER\u0130\u015e&#8217;\u0130 GET\u0130RD\u0130.<\/p>\n","protected":false},"author":1,"featured_media":190464,"comment_status":"closed","ping_status":"open","sticky":false,"template":"","format":"standard","meta":{"jetpack_post_was_ever_published":false,"_jetpack_newsletter_access":"","_jetpack_dont_email_post_to_subs":false,"_jetpack_newsletter_tier_id":0,"_jetpack_memberships_contains_paywalled_content":false,"_jetpack_memberships_contains_paid_content":false,"footnotes":"","jetpack_publicize_message":"","jetpack_publicize_feature_enabled":true,"jetpack_social_post_already_shared":true,"jetpack_social_options":{"image_generator_settings":{"template":"highway","default_image_id":0,"font":"","enabled":false},"version":2}},"categories":[657],"tags":[775,6579,12014,192,1102],"class_list":["post-190463","post","type-post","status-publish","format-standard","has-post-thumbnail","hentry","category-spor","tag-adanaspor","tag-anlasti","tag-eris","tag-ile","tag-levent"],"jetpack_publicize_connections":[],"jetpack_featured_media_url":"https:\/\/i0.wp.com\/www.tvturk.com\/wp-content\/uploads\/2019\/08\/adanaspor-levent-eris-ile-anlasti_cb155f8.jpg?fit=1000%2C802","jetpack_sharing_enabled":true,"jetpack_shortlink":"https:\/\/wp.me\/paKIfm-NxZ","_links":{"self":[{"href":"http:\/\/www.tvturk.com\/index.php\/wp-json\/wp\/v2\/posts\/190463","targetHints":{"allow":["GET"]}}],"collection":[{"href":"http:\/\/www.tvturk.com\/index.php\/wp-json\/wp\/v2\/posts"}],"about":[{"href":"http:\/\/www.tvturk.com\/index.php\/wp-json\/wp\/v2\/types\/post"}],"author":[{"embeddable":true,"href":"http:\/\/www.tvturk.com\/index.php\/wp-json\/wp\/v2\/users\/1"}],"replies":[{"embeddable":true,"href":"http:\/\/www.tvturk.com\/index.php\/wp-json\/wp\/v2\/comments?post=190463"}],"version-history":[{"count":0,"href":"http:\/\/www.tvturk.com\/index.php\/wp-json\/wp\/v2\/posts\/190463\/revisions"}],"wp:featuredmedia":[{"embeddable":true,"href":"http:\/\/www.tvturk.com\/index.php\/wp-json\/wp\/v2\/media\/190464"}],"wp:attachment":[{"href":"http:\/\/www.tvturk.com\/index.php\/wp-json\/wp\/v2\/media?parent=190463"}],"wp:term":[{"taxonomy":"category","embeddable":true,"href":"http:\/\/www.tvturk.com\/index.php\/wp-json\/wp\/v2\/categories?post=190463"},{"taxonomy":"post_tag","embeddable":true,"href":"http:\/\/www.tvturk.com\/index.php\/wp-json\/wp\/v2\/tags?post=190463"}],"curies":[{"name":"wp","href":"https:\/\/api.w.org\/{rel}","templated":true}]}}