{"id":190493,"date":"2019-08-05T16:16:38","date_gmt":"2019-08-05T13:16:38","guid":{"rendered":"http:\/\/www.tvturk.com\/index.php\/sanliurfada-bayram-yogunlugu-yasaniyor\/"},"modified":"2019-08-05T16:16:38","modified_gmt":"2019-08-05T13:16:38","slug":"sanliurfada-bayram-yogunlugu-yasaniyor","status":"publish","type":"post","link":"http:\/\/www.tvturk.com\/index.php\/sanliurfada-bayram-yogunlugu-yasaniyor\/","title":{"rendered":"\u015eanl\u0131urfa\u2019da bayram yo\u011funlu\u011fu ya\u015fan\u0131yor"},"content":{"rendered":"<p>Tarihi ve k\u00fclt\u00fcrel \u00f6zelikleriyle \u00f6n planda olan \u015eanl\u0131urfa\u2019da Kurban Bayram\u0131\u2019na say\u0131l\u0131 g\u00fcnler kala al\u0131\u015fveri\u015f hareketlili\u011fi ya\u015fan\u0131yor.<\/p>\n<p>\u0130nan\u00e7 turizmin merkezlerinden olan \u015eanl\u0131urfa\u2019da Kurban Bayram\u0131\u2019na g\u00fcnler kala al\u0131\u015fveri\u015fi yapmak isteyen vatanda\u015flar Bal\u0131kl\u0131g\u00f6l \u00e7evresindeki tarihi \u00e7ar\u015f\u0131lara ak\u0131n ederek b\u00fct\u00e7elerine uygun bayraml\u0131k ald\u0131. Bayram yo\u011funlu\u011fundan memnun olan esnafta rahat bir nefes ald\u0131.<\/p>\n<p>Bayrama g\u00fcnler kala \u00e7ar\u015f\u0131da hareketlilik ya\u015fand\u0131\u011f\u0131n\u0131 belirten Esnaf Mehmet \u00c7ak\u0131r, &#8220;Kurban Bayram\u0131 yo\u011funlu\u011fu ya\u015fan\u0131yor. Bu mevsimlerde genellikle Almanya\u2019da turistler geliyor. Bu y\u0131l 2019 G\u00f6beklitepe y\u0131l\u0131 olmas\u0131ndan dolay\u0131 ilgi baya yo\u011fun ge\u00e7iyor. Bayram yo\u011funlu\u011fu da iyi gidiyor. Vatanda\u015flar pul biber, nar ek\u015fisine ve baharata ilgisi var. Bayram \u00fcst\u00fc kalabal\u0131k ya\u015fan\u0131yor\u201d dedi.<\/p>\n<p>Esnaf Abdullah Cesur da &#8220;Kurban Bayram\u0131\u2019na az bir zaman kald\u0131. Al\u0131\u015fveri\u015fin az\u0131na da \u00e7oklu\u011funa da raz\u0131y\u0131z. Vatanda\u015flar i\u00e7in olabildi\u011fince fiyatlar\u0131 a\u015fa\u011f\u0131ya \u00e7ekiyoruz. Vatanda\u015flar\u0131m\u0131za yard\u0131mc\u0131 olmak istiyoruz. Bayram yo\u011funlu\u011fu iyi gidiyor. \u0130n\u015fallah Allah daha iyisini nasip eder\u201d diye konu\u015ftu.<\/p>\n<p>Kurban Bayram\u0131\u2019na g\u00fcnler kala al\u0131\u015fveri\u015fine \u00e7\u0131kan Ahmet \u00c7ift\u00e7i ise bayrama az bir zaman kald\u0131\u011f\u0131 i\u00e7in ailesiyle al\u0131\u015fveri\u015fe yaparak \u00e7ocuklar\u0131na k\u0131yafet ald\u0131\u011f\u0131n\u0131 belirtti.<\/p>\n","protected":false},"excerpt":{"rendered":"<p>TAR\u0130H\u0130 VE K\u00dcLT\u00dcREL \u00d6ZEL\u0130KLER\u0130YLE \u00d6N PLANDA OLAN \u015eANLIURFA\u2019DA KURBAN BAYRAMI\u2019NA SAYILI G\u00dcNLER KALA ALI\u015eVER\u0130\u015e HAREKETL\u0130L\u0130\u011e\u0130 YA\u015eANIYOR.<\/p>\n","protected":false},"author":1,"featured_media":190494,"comment_status":"closed","ping_status":"open","sticky":false,"template":"","format":"standard","meta":{"jetpack_post_was_ever_published":false,"_jetpack_newsletter_access":"","_jetpack_dont_email_post_to_subs":false,"_jetpack_newsletter_tier_id":0,"_jetpack_memberships_contains_paywalled_content":false,"_jetpack_memberships_contains_paid_content":false,"footnotes":"","jetpack_publicize_message":"","jetpack_publicize_feature_enabled":true,"jetpack_social_post_already_shared":true,"jetpack_social_options":{"image_generator_settings":{"template":"highway","default_image_id":0,"font":"","enabled":false},"version":2}},"categories":[1],"tags":[23995,1294,184,10277],"class_list":["post-190493","post","type-post","status-publish","format-standard","has-post-thumbnail","hentry","category-genel","tag-bayram","tag-sanliurfada","tag-yasaniyor","tag-yogunlugu"],"jetpack_publicize_connections":[],"jetpack_featured_media_url":"https:\/\/i0.wp.com\/www.tvturk.com\/wp-content\/uploads\/2019\/08\/sanliurfada-bayram-yogunlugu-yasaniyor_2eca050.jpg?fit=1000%2C666","jetpack_sharing_enabled":true,"jetpack_shortlink":"https:\/\/wp.me\/paKIfm-Nyt","_links":{"self":[{"href":"http:\/\/www.tvturk.com\/index.php\/wp-json\/wp\/v2\/posts\/190493","targetHints":{"allow":["GET"]}}],"collection":[{"href":"http:\/\/www.tvturk.com\/index.php\/wp-json\/wp\/v2\/posts"}],"about":[{"href":"http:\/\/www.tvturk.com\/index.php\/wp-json\/wp\/v2\/types\/post"}],"author":[{"embeddable":true,"href":"http:\/\/www.tvturk.com\/index.php\/wp-json\/wp\/v2\/users\/1"}],"replies":[{"embeddable":true,"href":"http:\/\/www.tvturk.com\/index.php\/wp-json\/wp\/v2\/comments?post=190493"}],"version-history":[{"count":0,"href":"http:\/\/www.tvturk.com\/index.php\/wp-json\/wp\/v2\/posts\/190493\/revisions"}],"wp:featuredmedia":[{"embeddable":true,"href":"http:\/\/www.tvturk.com\/index.php\/wp-json\/wp\/v2\/media\/190494"}],"wp:attachment":[{"href":"http:\/\/www.tvturk.com\/index.php\/wp-json\/wp\/v2\/media?parent=190493"}],"wp:term":[{"taxonomy":"category","embeddable":true,"href":"http:\/\/www.tvturk.com\/index.php\/wp-json\/wp\/v2\/categories?post=190493"},{"taxonomy":"post_tag","embeddable":true,"href":"http:\/\/www.tvturk.com\/index.php\/wp-json\/wp\/v2\/tags?post=190493"}],"curies":[{"name":"wp","href":"https:\/\/api.w.org\/{rel}","templated":true}]}}