{"id":190507,"date":"2019-08-05T16:32:32","date_gmt":"2019-08-05T13:32:32","guid":{"rendered":"http:\/\/www.tvturk.com\/index.php\/milli-guresciye-memleketinde-coskulu-karsilama\/"},"modified":"2019-08-05T16:32:32","modified_gmt":"2019-08-05T13:32:32","slug":"milli-guresciye-memleketinde-coskulu-karsilama","status":"publish","type":"post","link":"http:\/\/www.tvturk.com\/index.php\/milli-guresciye-memleketinde-coskulu-karsilama\/","title":{"rendered":"Milli g\u00fcre\u015f\u00e7iye memleketinde co\u015fkulu kar\u015f\u0131lama"},"content":{"rendered":"<p>Y\u0131ld\u0131zlar Grekoromen G\u00fcre\u015f \u015eampiyonas\u0131\u2019nda d\u00fcnya 2.\u2019si olan milli g\u00fcre\u015f\u00e7i Mert \u0130lbars, memleketi Sungurlu\u2019da co\u015fkuyla kar\u015f\u0131land\u0131.<\/p>\n<p>Uluslararas\u0131 G\u00fcre\u015f Federasyonlar\u0131 Birli\u011fi\u2019nin (FILA) 2019 y\u0131l\u0131 faaliyet program\u0131nda yer alan D\u00fcnya Y\u0131ld\u0131zlar Grekoromen G\u00fcre\u015f \u015eampiyonas\u0131, Bulgaristan\u2019da yap\u0131ld\u0131. 60 kiloda m\u00fccadele eden milli g\u00fcre\u015f\u00e7i Mert \u0130lbars, K\u0131rg\u0131z rakibi Zhanbolat Turakbekov\u2019u 8-0 say\u0131 tu\u015fuyla, \u00e7eyrek finalde M\u0131s\u0131rl\u0131 Moustafa\u2019y\u0131 da yine ayn\u0131 \u015fekilde ge\u00e7meyi ba\u015fard\u0131. Yar\u0131 finalde Ermeni rakibi Arman Vardanyan\u2019\u0131 da 10-1 say\u0131 tu\u015fuyla yenen \u0130lbars, finale y\u00fckseldi.<\/p>\n<p>Finalde Avrupa \u015fampiyonu Rus Maksim Skuratov\u2019a 5-0 yenilen Mert \u0130lbars, G\u00fcm\u00fc\u015f madalya kazand\u0131.<\/p>\n<p>Co\u015fkulu kar\u015f\u0131lama<\/p>\n<p>Avrupa ikincili\u011finden sonra d\u00fcnya ikincisi olma ba\u015far\u0131s\u0131 da g\u00f6steren Mert \u0130lbars, memleketi Sungurlu\u2019da co\u015fkuyla kar\u015f\u0131land\u0131. Milli tak\u0131m antren\u00f6rleriyle birlikte Sungurlu\u2019ya gelen gen\u00e7 g\u00fcre\u015f\u00e7iye, Mahmut Atalay Spor Salonu\u2019nda \u00e7i\u00e7ekler verildi. Omuzlara al\u0131narak davul ve zurna e\u015fli\u011finde cadde turu atan ba\u015far\u0131l\u0131 sporcuyu vatanda\u015flar da alk\u0131\u015flayarak tebrik etti.<\/p>\n<p>&#8220;Hedefim olimpiyat \u015fampiyonu olmak&#8221;<\/p>\n<p>Rus rakibinden r\u00f6van\u015f\u0131 almak istedi\u011fini s\u00f6yleyen \u0130lbars, &#8220;Antren\u00f6r\u00fcm \u00c7elebi Bay\u0131r ile birlikte 2 y\u0131l \u00f6nce kendimize 2020 Olimpiyat Oyunlar\u0131\u2019n\u0131 belirledik. \u0130n\u015fallah olimpiyatlarda \u015feref k\u00fcrs\u00fcs\u00fcnde \u0130stiklal Mar\u015f\u0131\u2019m\u0131z\u0131 \u00e7ald\u0131rtarak, \u015feref dire\u011finin en \u00fcst\u00fcne T\u00fcrk Bayra\u011f\u0131\u2019n\u0131 \u00e7ektirece\u011fim&#8221; diye konu\u015ftu.<\/p>\n<p>Antren\u00f6r \u00c7elebi Bay\u0131r da \u015fu ifadelere yer verdi:<\/p>\n<p>\u201cBulgaristan\u2019da sona eren Y\u0131ld\u0131zlar D\u00fcnya G\u00fcre\u015f \u015eampiyonas\u0131\u2019nda d\u00fcnya 2.\u2019si olan sporcum Mert \u0130lbars\u2019\u0131 tebrik ediyorum. Bu s\u00fcre\u00e7te bizi yaln\u0131z b\u0131rakmayan ba\u015fta Spor \u0130l M\u00fcd\u00fcr\u00fcm Ha\u015fim E\u011fer\u2019e, Spor \u015fube M\u00fcd\u00fcr\u00fcm Sat\u0131 Y\u00fccel\u2019e, \u0130l\u00e7e Spor M\u00fcd\u00fcr\u00fcm Halil Yurt\u2019a, emek veren milli tak\u0131m hocalar\u0131ma, sporcular\u0131ma ve bizlerden dualar\u0131n\u0131 esirgemeyen t\u00fcm dostlar\u0131ma te\u015fekk\u00fcr ediyorum. Hepinizden Allah raz\u0131 olsun.\u201d<\/p>\n","protected":false},"excerpt":{"rendered":"<p>YILDIZLAR GREKOROMEN G\u00dcRE\u015e \u015eAMP\u0130YONASI&#8217;NDA D\u00dcNYA 2.&#8217;S\u0130 OLAN M\u0130LL\u0130 G\u00dcRE\u015e\u00c7\u0130 MERT \u0130LBARS, MEMLEKET\u0130 SUNGURLU\u2019DA CO\u015eKUYLA KAR\u015eILANDI.<\/p>\n","protected":false},"author":1,"featured_media":190508,"comment_status":"closed","ping_status":"open","sticky":false,"template":"","format":"standard","meta":{"jetpack_post_was_ever_published":false,"_jetpack_newsletter_access":"","_jetpack_dont_email_post_to_subs":false,"_jetpack_newsletter_tier_id":0,"_jetpack_memberships_contains_paywalled_content":false,"_jetpack_memberships_contains_paid_content":false,"footnotes":"","jetpack_publicize_message":"","jetpack_publicize_feature_enabled":true,"jetpack_social_post_already_shared":true,"jetpack_social_options":{"image_generator_settings":{"template":"highway","default_image_id":0,"font":"","enabled":false},"version":2}},"categories":[657],"tags":[679,40371,680,18477,429],"class_list":["post-190507","post","type-post","status-publish","format-standard","has-post-thumbnail","hentry","category-spor","tag-coskulu","tag-guresciye","tag-karsilama","tag-memleketinde","tag-milli"],"jetpack_publicize_connections":[],"jetpack_featured_media_url":"https:\/\/i0.wp.com\/www.tvturk.com\/wp-content\/uploads\/2019\/08\/milli-guresciye-memleketinde-coskulu-karsilama_7a4f017.jpg?fit=1000%2C750","jetpack_sharing_enabled":true,"jetpack_shortlink":"https:\/\/wp.me\/paKIfm-NyH","_links":{"self":[{"href":"http:\/\/www.tvturk.com\/index.php\/wp-json\/wp\/v2\/posts\/190507","targetHints":{"allow":["GET"]}}],"collection":[{"href":"http:\/\/www.tvturk.com\/index.php\/wp-json\/wp\/v2\/posts"}],"about":[{"href":"http:\/\/www.tvturk.com\/index.php\/wp-json\/wp\/v2\/types\/post"}],"author":[{"embeddable":true,"href":"http:\/\/www.tvturk.com\/index.php\/wp-json\/wp\/v2\/users\/1"}],"replies":[{"embeddable":true,"href":"http:\/\/www.tvturk.com\/index.php\/wp-json\/wp\/v2\/comments?post=190507"}],"version-history":[{"count":0,"href":"http:\/\/www.tvturk.com\/index.php\/wp-json\/wp\/v2\/posts\/190507\/revisions"}],"wp:featuredmedia":[{"embeddable":true,"href":"http:\/\/www.tvturk.com\/index.php\/wp-json\/wp\/v2\/media\/190508"}],"wp:attachment":[{"href":"http:\/\/www.tvturk.com\/index.php\/wp-json\/wp\/v2\/media?parent=190507"}],"wp:term":[{"taxonomy":"category","embeddable":true,"href":"http:\/\/www.tvturk.com\/index.php\/wp-json\/wp\/v2\/categories?post=190507"},{"taxonomy":"post_tag","embeddable":true,"href":"http:\/\/www.tvturk.com\/index.php\/wp-json\/wp\/v2\/tags?post=190507"}],"curies":[{"name":"wp","href":"https:\/\/api.w.org\/{rel}","templated":true}]}}