{"id":190519,"date":"2019-08-05T17:16:38","date_gmt":"2019-08-05T14:16:38","guid":{"rendered":"http:\/\/www.tvturk.com\/index.php\/kapikaya-fest-2019-fotograf-yarismasi-sonuclandi\/"},"modified":"2019-08-05T17:16:38","modified_gmt":"2019-08-05T14:16:38","slug":"kapikaya-fest-2019-fotograf-yarismasi-sonuclandi","status":"publish","type":"post","link":"http:\/\/www.tvturk.com\/index.php\/kapikaya-fest-2019-fotograf-yarismasi-sonuclandi\/","title":{"rendered":"Kap\u0131kaya Fest 2019 foto\u011fraf yar\u0131\u015fmas\u0131 sonu\u00e7land\u0131"},"content":{"rendered":"<p>SAMSUN (\u0130HA) \u2013 Samsun\u2019un Bafra Belediyesi\u2019nin ev sahipli\u011fini yapt\u0131\u011f\u0131 3.Uluslararas\u0131 Do\u011fa Sporlar\u0131 ve K\u00fclt\u00fcr Festivali b\u00fcnyesinde d\u00fczenlenen foto safari sonu\u00e7lar\u0131 a\u00e7\u0131kland\u0131.<\/p>\n<p>T\u00fcrkiye Foto\u011fraf Sanat\u0131 Federasyonu Temsilcisi Ya\u015far Ali Dursun, Foto\u011fraf sanat\u00e7\u0131lar\u0131 Egemen Umut \u015een, H\u00fcseyin Turgut, Mahmut \u015eim\u015fek ve Murat Danac\u0131\u2019dan olu\u015fan se\u00e7ici kurul toplanarak, yar\u0131\u015fmaya kat\u0131lan foto\u011fraf\u00e7\u0131lar\u0131n eserlerini titiz bir \u00e7al\u0131\u015fma ile de\u011ferlendirdi. Kap\u0131kaya Fest 2019 Foto safariye 103 ki\u015fi kay\u0131t yapt\u0131rd\u0131. 68 kat\u0131l\u0131mc\u0131n\u0131n teslim etti\u011fi 257 foto\u011fraf aras\u0131nda dereceye girenler belirlendi.<\/p>\n<p>3.Kap\u0131kaya Do\u011fa Sporlar\u0131 ve K\u00fclt\u00fcr Festivali, foto safari foto\u011fraf yar\u0131\u015fmas\u0131nda birincili\u011fi Ni\u011fde\u2019den kat\u0131lan Kayhan G\u00fc\u00e7, \u201cBal\u0131k \u00e7iftli\u011fi\u201d adl\u0131 foto\u011fraf\u0131 ile elde etti. \u0130kincili\u011fi ise Samsun\u2019dan kat\u0131lan Emin K\u0131nay, \u201cG\u00f6z Bebekleri\u201d adl\u0131 foto\u011fraf ile \u00fc\u00e7\u00fcnc\u00fcl\u00fc\u011f\u00fc de yine Samsun\u2019dan kat\u0131lan Mustafa G\u00fcral, \u201cGelece\u011fe Bak\u0131\u015f\u201d adl\u0131 foto\u011frafla elde etti.<\/p>\n<p>Yar\u0131\u015fmaya Giresun\u2019dan kat\u0131lan Erhan Ayd\u0131n, \u201cKaya Mezarlar\u0131\u201d, Samsun\u2019dan kat\u0131lan Hasan Akt\u00fcrk, \u201cKap\u0131kaya Fest z\u0131pline\u201d ve Ayd\u0131n Tuta\u015f, \u201cBirinci\u201d ad\u0131n\u0131 verdi\u011fi foto\u011frafla mansiyon kazan\u0131rken, drone \u00f6zel \u00f6d\u00fcl\u00fcne ise Ayd\u0131n Tuta\u015f\u2019\u0131n \u201cAn\u0131 Yakalamak\u201d adl\u0131 foto\u011fraf\u0131 lay\u0131k g\u00f6r\u00fcld\u00fc.<\/p>\n<p>S\u00f6z konusu yar\u0131\u015fman\u0131n \u00f6d\u00fcl t\u00f6reni 29 Ekim 2019 tarihinde Cumhuriyet Bayram\u0131 etkinlikleri kapsam\u0131nda yap\u0131lacak. Yar\u0131\u015fmada derece alan ve sergilenmeye lay\u0131k g\u00f6r\u00fclen foto\u011fraflar ve di\u011fer bilgiler, T\u00fcrkiye Foto\u011fraf Sanat\u0131 Federasyonu resmi sitesinde yer al\u0131yor.<\/p>\n","protected":false},"excerpt":{"rendered":"<p>SAMSUN\u2019UN BAFRA BELED\u0130YES\u0130\u2019N\u0130N EV SAH\u0130PL\u0130\u011e\u0130N\u0130 YAPTI\u011eI 3.ULUSLARARASI DO\u011eA SPORLARI VE K\u00dcLT\u00dcR FEST\u0130VAL\u0130 B\u00dcNYES\u0130NDE D\u00dcZENLENEN FOTO SAFAR\u0130 SONU\u00c7LARI A\u00c7IKLANDI.<\/p>\n","protected":false},"author":1,"featured_media":190520,"comment_status":"closed","ping_status":"open","sticky":false,"template":"","format":"standard","meta":{"jetpack_post_was_ever_published":false,"_jetpack_newsletter_access":"","_jetpack_dont_email_post_to_subs":false,"_jetpack_newsletter_tier_id":0,"_jetpack_memberships_contains_paywalled_content":false,"_jetpack_memberships_contains_paid_content":false,"footnotes":"","jetpack_publicize_message":"","jetpack_publicize_feature_enabled":true,"jetpack_social_post_already_shared":true,"jetpack_social_options":{"image_generator_settings":{"template":"highway","default_image_id":0,"font":"","enabled":false},"version":2}},"categories":[1],"tags":[2705,13324,5874,45904,9127,1650],"class_list":["post-190519","post","type-post","status-publish","format-standard","has-post-thumbnail","hentry","category-genel","tag-2705","tag-fest","tag-fotograf","tag-kapikaya","tag-sonuclandi","tag-yarismasi"],"jetpack_publicize_connections":[],"jetpack_featured_media_url":"https:\/\/i0.wp.com\/www.tvturk.com\/wp-content\/uploads\/2019\/08\/kapikaya-fest-2019-fotograf-yarismasi-sonuclandi_8fe6ef3.jpg?fit=1000%2C645","jetpack_sharing_enabled":true,"jetpack_shortlink":"https:\/\/wp.me\/paKIfm-NyT","_links":{"self":[{"href":"http:\/\/www.tvturk.com\/index.php\/wp-json\/wp\/v2\/posts\/190519","targetHints":{"allow":["GET"]}}],"collection":[{"href":"http:\/\/www.tvturk.com\/index.php\/wp-json\/wp\/v2\/posts"}],"about":[{"href":"http:\/\/www.tvturk.com\/index.php\/wp-json\/wp\/v2\/types\/post"}],"author":[{"embeddable":true,"href":"http:\/\/www.tvturk.com\/index.php\/wp-json\/wp\/v2\/users\/1"}],"replies":[{"embeddable":true,"href":"http:\/\/www.tvturk.com\/index.php\/wp-json\/wp\/v2\/comments?post=190519"}],"version-history":[{"count":0,"href":"http:\/\/www.tvturk.com\/index.php\/wp-json\/wp\/v2\/posts\/190519\/revisions"}],"wp:featuredmedia":[{"embeddable":true,"href":"http:\/\/www.tvturk.com\/index.php\/wp-json\/wp\/v2\/media\/190520"}],"wp:attachment":[{"href":"http:\/\/www.tvturk.com\/index.php\/wp-json\/wp\/v2\/media?parent=190519"}],"wp:term":[{"taxonomy":"category","embeddable":true,"href":"http:\/\/www.tvturk.com\/index.php\/wp-json\/wp\/v2\/categories?post=190519"},{"taxonomy":"post_tag","embeddable":true,"href":"http:\/\/www.tvturk.com\/index.php\/wp-json\/wp\/v2\/tags?post=190519"}],"curies":[{"name":"wp","href":"https:\/\/api.w.org\/{rel}","templated":true}]}}