{"id":190531,"date":"2019-08-05T17:31:55","date_gmt":"2019-08-05T14:31:55","guid":{"rendered":"http:\/\/www.tvturk.com\/index.php\/belediyeden-kurban-pazarina-ucretsiz-ulasim\/"},"modified":"2019-08-05T17:31:55","modified_gmt":"2019-08-05T14:31:55","slug":"belediyeden-kurban-pazarina-ucretsiz-ulasim","status":"publish","type":"post","link":"http:\/\/www.tvturk.com\/index.php\/belediyeden-kurban-pazarina-ucretsiz-ulasim\/","title":{"rendered":"Belediyeden kurban pazar\u0131na \u00fccretsiz ula\u015f\u0131m"},"content":{"rendered":"<p>Gemlik Belediyesi, kurban pazar\u0131na ula\u015f\u0131m i\u00e7in b\u00fct\u00fcn hafta \u00fccretsiz ara\u00e7 tahsis etti.<\/p>\n<p>Yenilenen Gemlik Belediyesi Kurban Pazar\u0131 ge\u00e7en hafta hizmete girmi\u015fti. Pazar i\u00e7in hafta sonlar\u0131 \u00e7al\u0131\u015fan otob\u00fcsler b\u00fct\u00fcn haftaya yay\u0131larak Gemliklilerin hizmetine sunuldu. Belediye, kurban pazar\u0131na ula\u015f\u0131m i\u00e7in \u0130skele Meydan\u0131\u2019ndan b\u00fct\u00fcn hafta saat 12.00, 15.00 ve 17.00\u2019de \u00fccretsiz otob\u00fcs kald\u0131racak.<\/p>\n<p>Muratoba mevkiindeki pazara mevcut giri\u015fin yan\u0131 s\u0131ra bir k\u00f6pr\u00fc daha in\u015fa edilerek ara\u00e7 trafi\u011finin rahatlat\u0131lmas\u0131 hedeflendi. Mescit, lavabo, du\u015f gibi b\u00f6l\u00fcmlerin de hizmete girdi\u011fi pazarda zab\u0131ta noktas\u0131 da bulunuyor. Pazarc\u0131lar ve al\u0131c\u0131lar\u0131n d\u00fczenli bir ortamda al\u0131\u015fveri\u015f yap\u0131lmas\u0131 sa\u011flan\u0131yor.<\/p>\n","protected":false},"excerpt":{"rendered":"<p>YEN\u0130LENEN GEML\u0130K BELED\u0130YES\u0130 KURBAN PAZARI GE\u00c7EN HAFTA H\u0130ZMETE G\u0130RM\u0130\u015eT\u0130.<\/p>\n","protected":false},"author":1,"featured_media":190532,"comment_status":"closed","ping_status":"open","sticky":false,"template":"","format":"standard","meta":{"jetpack_post_was_ever_published":false,"_jetpack_newsletter_access":"","_jetpack_dont_email_post_to_subs":false,"_jetpack_newsletter_tier_id":0,"_jetpack_memberships_contains_paywalled_content":false,"_jetpack_memberships_contains_paid_content":false,"footnotes":"","jetpack_publicize_message":"","jetpack_publicize_feature_enabled":true,"jetpack_social_post_already_shared":true,"jetpack_social_options":{"image_generator_settings":{"template":"highway","default_image_id":0,"font":"","enabled":false},"version":2}},"categories":[1],"tags":[419,20956,11609,324,1416],"class_list":["post-190531","post","type-post","status-publish","format-standard","has-post-thumbnail","hentry","category-genel","tag-belediyeden","tag-kurban","tag-pazarina","tag-ucretsiz","tag-ulasim"],"jetpack_publicize_connections":[],"jetpack_featured_media_url":"https:\/\/i0.wp.com\/www.tvturk.com\/wp-content\/uploads\/2019\/08\/belediyeden-kurban-pazarina-ucretsiz-ulasim_b7362ef.jpg?fit=1000%2C662","jetpack_sharing_enabled":true,"jetpack_shortlink":"https:\/\/wp.me\/paKIfm-Nz5","_links":{"self":[{"href":"http:\/\/www.tvturk.com\/index.php\/wp-json\/wp\/v2\/posts\/190531","targetHints":{"allow":["GET"]}}],"collection":[{"href":"http:\/\/www.tvturk.com\/index.php\/wp-json\/wp\/v2\/posts"}],"about":[{"href":"http:\/\/www.tvturk.com\/index.php\/wp-json\/wp\/v2\/types\/post"}],"author":[{"embeddable":true,"href":"http:\/\/www.tvturk.com\/index.php\/wp-json\/wp\/v2\/users\/1"}],"replies":[{"embeddable":true,"href":"http:\/\/www.tvturk.com\/index.php\/wp-json\/wp\/v2\/comments?post=190531"}],"version-history":[{"count":0,"href":"http:\/\/www.tvturk.com\/index.php\/wp-json\/wp\/v2\/posts\/190531\/revisions"}],"wp:featuredmedia":[{"embeddable":true,"href":"http:\/\/www.tvturk.com\/index.php\/wp-json\/wp\/v2\/media\/190532"}],"wp:attachment":[{"href":"http:\/\/www.tvturk.com\/index.php\/wp-json\/wp\/v2\/media?parent=190531"}],"wp:term":[{"taxonomy":"category","embeddable":true,"href":"http:\/\/www.tvturk.com\/index.php\/wp-json\/wp\/v2\/categories?post=190531"},{"taxonomy":"post_tag","embeddable":true,"href":"http:\/\/www.tvturk.com\/index.php\/wp-json\/wp\/v2\/tags?post=190531"}],"curies":[{"name":"wp","href":"https:\/\/api.w.org\/{rel}","templated":true}]}}