{"id":190539,"date":"2019-08-05T18:01:58","date_gmt":"2019-08-05T15:01:58","guid":{"rendered":"http:\/\/www.tvturk.com\/index.php\/bodrumda-4-saatte-2-ton-cop-topladilar\/"},"modified":"2019-08-05T18:01:58","modified_gmt":"2019-08-05T15:01:58","slug":"bodrumda-4-saatte-2-ton-cop-topladilar","status":"publish","type":"post","link":"http:\/\/www.tvturk.com\/index.php\/bodrumda-4-saatte-2-ton-cop-topladilar\/","title":{"rendered":"Bodrum\u2019da 4 saatte 2 ton \u00e7\u00f6p toplad\u0131lar"},"content":{"rendered":"<p>Bodrum\u2019da denetimli serbestlikten yararlanan h\u00fck\u00fcml\u00fcler ile Belediye personelinin ortak ger\u00e7ekle\u015ftirdi\u011fi temizlik \u00e7al\u0131\u015fmas\u0131nda 4 saatte 2 ton 180 kilogram at\u0131k malzeme topland\u0131. Temizlik \u00e7al\u0131\u015fmas\u0131na Bodrum Belediye Ba\u015fkan\u0131 Ahmet Aras da destek verdi.<\/p>\n<p>Bodrum Cumhuriyet Ba\u015fsavc\u0131l\u0131\u011f\u0131 ile Bodrum Belediyesi aras\u0131nda imzalanan h\u00fck\u00fcml\u00fcler i\u00e7in \u00f6zel protokol\u00fc kapsam\u0131nda Ortakent\u2019teki Ali Kelle Orman\u0131 ve Kabakum mevkiinde temizlik \u00e7al\u0131\u015fmas\u0131 ger\u00e7ekle\u015ftirildi. Bodrum Belediyesi Temizlik \u0130\u015fleri M\u00fcd\u00fcrl\u00fc\u011f\u00fc ekipleri ile birlikte daha \u00f6nce Adabo\u011faz\u0131 ve De\u011firmenler mevkiini temizleyen h\u00fck\u00fcml\u00fcler, bu kez Ortakent\u2019te \u00e7al\u0131\u015ft\u0131. Yap\u0131lan temizlik \u00e7al\u0131\u015fmas\u0131nda 4 saatte 2 ton 180 kilogram at\u0131k malzeme topland\u0131. Toplanan at\u0131k malzemenin \u00e7o\u011fu ise geli\u015fi g\u00fczel at\u0131lan cam, plastik ve teneke i\u00e7ecek kutular\u0131ndan olu\u015ftu. Ekip, temizlik i\u015flemini tamamlad\u0131ktan sonra, alana, \u00fczerinde fark\u0131ndal\u0131k mesajlar\u0131n\u0131n yer ald\u0131\u011f\u0131 tabelalar yerle\u015ftirildi.<\/p>\n<p>B\u00f6lgeye gelerek personelden bilgi alan ve temizlik faaliyetine destek veren Bodrum Belediye Ba\u015fkan\u0131 Ahmet Aras, \u00e7evre kirlili\u011fine neden olan at\u0131k malzemeleri yerinde inceledi. Yaz sezonunda artan n\u00fcfusla birlikte do\u011fadaki at\u0131k malzemelerin miktar\u0131n\u0131n da artt\u0131\u011f\u0131n\u0131 hat\u0131rlatan Ba\u015fkan Aras, Bodrum Belediyesi\u2019nin temizlik faaliyetlerini yo\u011fun ve etkili bir \u015fekilde s\u00fcrd\u00fcrmenin yan\u0131 s\u0131ra vatanda\u015flar\u0131n bu konudaki fark\u0131ndal\u0131\u011f\u0131n\u0131 art\u0131ran \u00e7al\u0131\u015fmalara da \u00f6nem verdiklerini s\u00f6yledi.<\/p>\n<p>Belediyenin asli g\u00f6revlerinden birinin kat\u0131 at\u0131k y\u00f6netimi, \u00e7\u00f6plerin ve at\u0131klar\u0131n zaman\u0131nda toplanmas\u0131 ve \u00e7evreye sayg\u0131l\u0131 bir belediyecilik anlay\u0131\u015f\u0131 oldu\u011funa dikkat \u00e7eken Ba\u015fkan Aras, bunun yan\u0131 s\u0131ra halka da b\u00fcy\u00fck sorumluluk d\u00fc\u015ft\u00fc\u011f\u00fcn\u00fc hat\u0131rlatt\u0131. Aras, \u015funlar\u0131 kaydetti: &#8220;Temizlik \u0130\u015fleri ekiplerimiz, rutin temizli\u011fin yan\u0131 s\u0131ra  spesifik alanlarda temizlik \u00e7al\u0131\u015fmalar\u0131 ger\u00e7ekle\u015ftiriliyor. Cumhuriyet Ba\u015fsavc\u0131l\u0131\u011f\u0131m\u0131z ile birlikte denetimli serbestlikten faydalanan h\u00fck\u00fcmlerimiz de bu \u00e7al\u0131\u015fmalara kat\u0131l\u0131yor. Onlarla birlikte Bodrum\u2019un \u00e7e\u015fitli yerlerinde \u00f6zelikle fark\u0131ndal\u0131\u011f\u0131 da artt\u0131racak etkinlikler yap\u0131yoruz. Ancak ne yaz\u0131k ki Bodrum\u2019da \u00e7evre o kadar f\u00fctursuzca kirletiliyor ki vatanda\u015flar\u0131m\u0131z neredeyse arkalar\u0131nda travma b\u0131rak\u0131p gidiyorlar Bu \u00e7ok ac\u0131 bir durum. Biz temizlemekten hi\u00e7 erinmiyoruz ama vatanda\u015flar\u0131m\u0131z\u0131n da bu konuda bilin\u00e7 d\u00fczeyini art\u0131rmak durumunday\u0131z.<\/p>\n<p>&#8220;\u00fclkesini seven, vatan\u0131n\u0131 seven, bu topraklar\u0131 seven herkesin g\u00f6revi&#8221;<\/p>\n<p>Temizlik \u00e7al\u0131\u015fmas\u0131 ger\u00e7ekle\u015ftiren personel ve h\u00fck\u00fcml\u00fclerin  40 dereceye ula\u015fan s\u0131cakta ve zor \u015fartlarda \u00e7al\u0131\u015ft\u0131\u011f\u0131na dikkat \u00e7eken Ba\u015fkan Aras, \u201cBiz yapt\u0131\u011f\u0131m\u0131z i\u015ften hi\u00e7bir zaman b\u0131kmayaca\u011f\u0131z, yapaca\u011f\u0131z, sab\u0131rla temizleyece\u011fiz ve hep umutla bekleyece\u011fiz. Tek iste\u011fimiz, vatanda\u015flar\u0131m\u0131z geli\u015fi g\u00fczel \u00e7\u00f6p atmas\u0131n, bize yard\u0131mc\u0131 olsun. Biz zaten di\u011fer t\u00fcrl\u00fcs\u00fcn\u00fc \u00fcst\u00fcm\u00fcze d\u00fc\u015fen g\u00f6revi yapaca\u011f\u0131z ama bu sadece Bodrum\u2019daki temizlik personelinin belediyenin g\u00f6revi de\u011fil, \u00fclkesini seven, vatan\u0131n\u0131 seven, bu topraklar\u0131 seven herkesin g\u00f6revi.&#8221; diye konu\u015ftu.<\/p>\n<p>\u00e7\u00f6plerinizi yan\u0131n\u0131za al\u0131n<\/p>\n<p>\u00d6zellikle cam \u015fi\u015felerin ormanl\u0131k alanlarda ve makiliklerde yang\u0131na da yol a\u00e7t\u0131\u011f\u0131n\u0131 ve bu y\u00f6n\u00fcyle de do\u011fay\u0131 tehdit etti\u011fini vurgulayan Aras, vatanda\u015flar\u0131n \u00e7\u00f6plerini do\u011faya b\u0131rakmak yerine toplay\u0131p yanlar\u0131na alarak, en yak\u0131n \u00e7\u00f6p konteyn\u0131r\u0131na b\u0131rakmalar\u0131n\u0131 istedi.<\/p>\n<p>&#8220;\u00e7ocuklar\u0131m\u0131z ve gen\u00e7lerimiz daha duyarl\u0131&#8221;<\/p>\n<p>\u00c7ocuklar ve gen\u00e7lerin \u00e7\u00f6p atma konusunda daha duyarl\u0131 oldu\u011funu dile getiren Bodrum Belediye Ba\u015fkan\u0131 Ahmet Aras \u00e7evreye duyarl\u0131 gen\u00e7lerin ve \u00e7ocuklar\u0131n ba\u015flatt\u0131\u011f\u0131 temizlik hareketlerini taktirle ve umutla izledi\u011fini s\u00f6yledi. Aras, G\u00fcndo\u011fan\u2019da \u00e7ocuklar\u0131n &#8220;Sigaran\u0131 kumsalda s\u00f6nd\u00fcrme&#8221; etkinli\u011fi yapt\u0131\u011f\u0131n\u0131 hat\u0131rlatarak \u201cGen\u00e7 nesiller, \u00e7ocuklar\u0131m\u0131z, bizim gelece\u011fimiz bunun fark\u0131nda. Bizim onlara yol g\u00f6stermemiz gerekirken onlar bize yol g\u00f6steriyor.\u201d \u0130fadelerini kulland\u0131.<\/p>\n<p>Bodrum Cumhuriyet Ba\u015fsavc\u0131l\u0131\u011f\u0131 ile Bodrum Belediyesi aras\u0131nda imzalanan protokol kapsam\u0131nda yap\u0131lan temizlik \u00e7al\u0131\u015fmalar\u0131 yar\u0131n ( Sal\u0131) G\u00fcmbet Sahilinde, \u00c7ar\u015famba g\u00fcn\u00fc Yal\u0131kavak K\u00fcd\u00fcr Mevkiinde, Per\u015fembe g\u00fcn\u00fc ise G\u00f6lk\u00f6y Akdeniz G\u00f6l\u00fc \u00e7evresinde devam edecek.<\/p>\n","protected":false},"excerpt":{"rendered":"<p>BODRUM&#8217;DA DENET\u0130ML\u0130 SERBESTL\u0130KTEN YARARLANAN H\u00dcK\u00dcML\u00dcLER \u0130LE BELED\u0130YE PERSONEL\u0130N\u0130N ORTAK GER\u00c7EKLE\u015eT\u0130RD\u0130\u011e\u0130 TEM\u0130ZL\u0130K \u00c7ALI\u015eMASINDA 4 SAATTE 2 TON 180 K\u0130LOGRAM ATIK MALZEME TOPLANDI<\/p>\n","protected":false},"author":1,"featured_media":190540,"comment_status":"closed","ping_status":"open","sticky":false,"template":"","format":"standard","meta":{"jetpack_post_was_ever_published":false,"_jetpack_newsletter_access":"","_jetpack_dont_email_post_to_subs":false,"_jetpack_newsletter_tier_id":0,"_jetpack_memberships_contains_paywalled_content":false,"_jetpack_memberships_contains_paid_content":false,"footnotes":"","jetpack_publicize_message":"","jetpack_publicize_feature_enabled":true,"jetpack_social_post_already_shared":true,"jetpack_social_options":{"image_generator_settings":{"template":"highway","default_image_id":0,"font":"","enabled":false},"version":2}},"categories":[1],"tags":[675,5448,2291,6778,24463],"class_list":["post-190539","post","type-post","status-publish","format-standard","has-post-thumbnail","hentry","category-genel","tag-bodrumda","tag-cop","tag-saatte","tag-ton","tag-topladilar"],"jetpack_publicize_connections":[],"jetpack_featured_media_url":"https:\/\/i0.wp.com\/www.tvturk.com\/wp-content\/uploads\/2019\/08\/bodrumda-4-saatte-2-ton-cop-topladilar_3cb38f0.jpg?fit=1000%2C666","jetpack_sharing_enabled":true,"jetpack_shortlink":"https:\/\/wp.me\/paKIfm-Nzd","_links":{"self":[{"href":"http:\/\/www.tvturk.com\/index.php\/wp-json\/wp\/v2\/posts\/190539","targetHints":{"allow":["GET"]}}],"collection":[{"href":"http:\/\/www.tvturk.com\/index.php\/wp-json\/wp\/v2\/posts"}],"about":[{"href":"http:\/\/www.tvturk.com\/index.php\/wp-json\/wp\/v2\/types\/post"}],"author":[{"embeddable":true,"href":"http:\/\/www.tvturk.com\/index.php\/wp-json\/wp\/v2\/users\/1"}],"replies":[{"embeddable":true,"href":"http:\/\/www.tvturk.com\/index.php\/wp-json\/wp\/v2\/comments?post=190539"}],"version-history":[{"count":0,"href":"http:\/\/www.tvturk.com\/index.php\/wp-json\/wp\/v2\/posts\/190539\/revisions"}],"wp:featuredmedia":[{"embeddable":true,"href":"http:\/\/www.tvturk.com\/index.php\/wp-json\/wp\/v2\/media\/190540"}],"wp:attachment":[{"href":"http:\/\/www.tvturk.com\/index.php\/wp-json\/wp\/v2\/media?parent=190539"}],"wp:term":[{"taxonomy":"category","embeddable":true,"href":"http:\/\/www.tvturk.com\/index.php\/wp-json\/wp\/v2\/categories?post=190539"},{"taxonomy":"post_tag","embeddable":true,"href":"http:\/\/www.tvturk.com\/index.php\/wp-json\/wp\/v2\/tags?post=190539"}],"curies":[{"name":"wp","href":"https:\/\/api.w.org\/{rel}","templated":true}]}}