{"id":190549,"date":"2019-08-05T18:31:58","date_gmt":"2019-08-05T15:31:58","guid":{"rendered":"http:\/\/www.tvturk.com\/index.php\/adiyaman-oldurulen-huseyin-icin-yurudu\/"},"modified":"2019-08-05T18:31:58","modified_gmt":"2019-08-05T15:31:58","slug":"adiyaman-oldurulen-huseyin-icin-yurudu","status":"publish","type":"post","link":"http:\/\/www.tvturk.com\/index.php\/adiyaman-oldurulen-huseyin-icin-yurudu\/","title":{"rendered":"Ad\u0131yaman \u00f6ld\u00fcr\u00fclen H\u00fcseyin i\u00e7in y\u00fcr\u00fcd\u00fc"},"content":{"rendered":"<p>\u00d6nceki g\u00fcn 6 b\u0131\u00e7ak darbesiyle \u00f6ld\u00fcr\u00fcl\u00fcp tarlaya at\u0131lan 13 ya\u015f\u0131ndaki H\u00fcseyin Nasrullah \u00c7elik i\u00e7in Ad\u0131yamanl\u0131lar y\u00fcr\u00fcy\u00fc\u015f yap\u0131p bas\u0131n a\u00e7\u0131klamas\u0131 d\u00fczenledi.<\/p>\n<p>\u00d6ld\u00fcr\u00fclen H\u00fcseyin Nasrullah \u00c7elik\u2019in ailesi, yak\u0131nlar\u0131, CHP Ad\u0131yaman Milletvekili Abdurrahman Tutdere, STK temsilcileri, dernek ba\u015fkanlar\u0131 ve \u00e7ok say\u0131da vatanda\u015f, Atat\u00fcrk Caddesi \u00fczerinde bulunan Demokrasi Park\u0131 \u00f6n\u00fcnde topland\u0131.<\/p>\n<p>Burada toplanan kalabal\u0131k H\u00fcseyin Nasrullah \u00c7elik\u2019in katil zanl\u0131s\u0131 Murat \u00c7. ile \u00e7ocuk katillerine, istismarc\u0131lara idam istedi. Kalabal\u0131k ad\u0131na bas\u0131n a\u00e7\u0131klamas\u0131 yapan Anadolu Gen\u00e7lik Derne\u011fi Ad\u0131yaman \u015eube Ba\u015fkan\u0131 Bedrettin Beyazkaya, ya\u015fan\u0131lan olaya tepki g\u00f6sterilerek olay\u0131 ger\u00e7ekle\u015ftiren Murat \u00c7\u2019nin en a\u011f\u0131r \u015fekilde cezaland\u0131r\u0131lmas\u0131n\u0131 istedi. Bas\u0131n a\u00e7\u0131klamas\u0131 sonras\u0131 \u00f6ld\u00fcr\u00fclen 13 ya\u015f\u0131ndaki H\u00fcseyin Nasrullah \u00c7elik\u2019in annesi Saliha \u00c7elik ve Babas\u0131 Sad\u0131k \u00c7elik, y\u00fcreklerinin yand\u0131\u011f\u0131n\u0131 Cumhurba\u015fkan\u0131 Recep Tayyip Erdo\u011fan\u2019dan idam istediklerini vurgulad\u0131. Anne Saliha ile Baba Sad\u0131k \u00c7elik, ba\u015fka anne ve babalar\u0131n\u0131n ci\u011ferlerinin yanmamas\u0131 i\u00e7in cezalar\u0131n idam olmas\u0131 gerekti\u011fini s\u00f6yledi.<\/p>\n<p>Yap\u0131lan konu\u015fmalar\u0131n ard\u0131ndan kalabal\u0131k grup, Ad\u0131yaman Valili\u011fi \u00f6n\u00fcne y\u00fcr\u00fcd\u00fc. Valilik \u00f6n\u00fcne kadar gelen kalabal\u0131k burada \u2018idam\u2019 sloganlar\u0131 att\u0131. Kalabal\u0131k grup bir s\u00fcre slogan att\u0131ktan sonra sessizce da\u011f\u0131ld\u0131.<\/p>\n","protected":false},"excerpt":{"rendered":"<p>\u00d6NCEK\u0130 G\u00dcN 6 BI\u00c7AK DARBES\u0130 \u0130LE \u00d6LD\u00dcR\u00dcL\u00dcP TARLAYA ATAN 13 YA\u015eINDAK\u0130 H\u00dcSEY\u0130N NASRULLAH \u00c7EL\u0130K \u0130\u00c7\u0130N ADIYAMANLILAR Y\u00dcR\u00dcY\u00dc\u015e YAPIP BASIN A\u00c7IKLAMASI D\u00dcZENLED\u0130.<\/p>\n","protected":false},"author":1,"featured_media":190550,"comment_status":"closed","ping_status":"open","sticky":false,"template":"","format":"standard","meta":{"jetpack_post_was_ever_published":false,"_jetpack_newsletter_access":"","_jetpack_dont_email_post_to_subs":false,"_jetpack_newsletter_tier_id":0,"_jetpack_memberships_contains_paywalled_content":false,"_jetpack_memberships_contains_paid_content":false,"footnotes":"","jetpack_publicize_message":"","jetpack_publicize_feature_enabled":true,"jetpack_social_post_already_shared":true,"jetpack_social_options":{"image_generator_settings":{"template":"highway","default_image_id":0,"font":"","enabled":false},"version":2}},"categories":[1],"tags":[5123,5250,44,6246,2032],"class_list":["post-190549","post","type-post","status-publish","format-standard","has-post-thumbnail","hentry","category-genel","tag-adiyaman","tag-huseyin","tag-icin","tag-oldurulen","tag-yurudu"],"jetpack_publicize_connections":[],"jetpack_featured_media_url":"https:\/\/i0.wp.com\/www.tvturk.com\/wp-content\/uploads\/2019\/08\/adiyaman-oldurulen-huseyin-icin-yurudu_59e8386.jpg?fit=1000%2C562","jetpack_sharing_enabled":true,"jetpack_shortlink":"https:\/\/wp.me\/paKIfm-Nzn","_links":{"self":[{"href":"http:\/\/www.tvturk.com\/index.php\/wp-json\/wp\/v2\/posts\/190549","targetHints":{"allow":["GET"]}}],"collection":[{"href":"http:\/\/www.tvturk.com\/index.php\/wp-json\/wp\/v2\/posts"}],"about":[{"href":"http:\/\/www.tvturk.com\/index.php\/wp-json\/wp\/v2\/types\/post"}],"author":[{"embeddable":true,"href":"http:\/\/www.tvturk.com\/index.php\/wp-json\/wp\/v2\/users\/1"}],"replies":[{"embeddable":true,"href":"http:\/\/www.tvturk.com\/index.php\/wp-json\/wp\/v2\/comments?post=190549"}],"version-history":[{"count":0,"href":"http:\/\/www.tvturk.com\/index.php\/wp-json\/wp\/v2\/posts\/190549\/revisions"}],"wp:featuredmedia":[{"embeddable":true,"href":"http:\/\/www.tvturk.com\/index.php\/wp-json\/wp\/v2\/media\/190550"}],"wp:attachment":[{"href":"http:\/\/www.tvturk.com\/index.php\/wp-json\/wp\/v2\/media?parent=190549"}],"wp:term":[{"taxonomy":"category","embeddable":true,"href":"http:\/\/www.tvturk.com\/index.php\/wp-json\/wp\/v2\/categories?post=190549"},{"taxonomy":"post_tag","embeddable":true,"href":"http:\/\/www.tvturk.com\/index.php\/wp-json\/wp\/v2\/tags?post=190549"}],"curies":[{"name":"wp","href":"https:\/\/api.w.org\/{rel}","templated":true}]}}