{"id":190559,"date":"2019-08-05T19:46:35","date_gmt":"2019-08-05T16:46:35","guid":{"rendered":"http:\/\/www.tvturk.com\/index.php\/tatilciler-gelibolu-plajina-akin-etti\/"},"modified":"2019-08-05T19:46:35","modified_gmt":"2019-08-05T16:46:35","slug":"tatilciler-gelibolu-plajina-akin-etti","status":"publish","type":"post","link":"http:\/\/www.tvturk.com\/index.php\/tatilciler-gelibolu-plajina-akin-etti\/","title":{"rendered":"Tatilciler Gelibolu plaj\u0131na ak\u0131n etti"},"content":{"rendered":"<p>Tatilciler, \u00c7anakkale\u2019nin Gelibolu il\u00e7esinde plajlara ak\u0131n etti.<\/p>\n<p>Kurban Bayram\u0131 \u00f6ncesi hafta sonu tatiline \u00e7\u0131kan vatanda\u015flar, Gelibolu\u2019ya ba\u011fl\u0131 Bolay\u0131r plaj\u0131na ak\u0131n etti. Bolay\u0131r alt\u0131 halk plaj\u0131nda ad\u0131m atacak yer kalmad\u0131. Gelibolu Bolay\u0131r plaj\u0131na \u00e7evre illerden gelen vatanda\u015flar, denize girip serinli\u011fin keyfini \u00e7\u0131kard\u0131.<\/p>\n<p>Tekirda\u011f\u2019dan gelen tatilcilerden Kerim Yavuz, \u201cBuray\u0131 \u00e7ok seviyorum. Suyu \u00e7ok temiz ve Maldivler\u2019i and\u0131r\u0131yor. Sabah geldik, ak\u015fam gidece\u011fiz\u201d dedi.<\/p>\n","protected":false},"excerpt":{"rendered":"<p>TAT\u0130LC\u0130LER GEL\u0130BOLU PLAJINA AKIN ETT\u0130<\/p>\n","protected":false},"author":1,"featured_media":190560,"comment_status":"closed","ping_status":"open","sticky":false,"template":"","format":"standard","meta":{"jetpack_post_was_ever_published":false,"_jetpack_newsletter_access":"","_jetpack_dont_email_post_to_subs":false,"_jetpack_newsletter_tier_id":0,"_jetpack_memberships_contains_paywalled_content":false,"_jetpack_memberships_contains_paid_content":false,"footnotes":"","jetpack_publicize_message":"","jetpack_publicize_feature_enabled":true,"jetpack_social_post_already_shared":true,"jetpack_social_options":{"image_generator_settings":{"template":"highway","default_image_id":0,"font":"","enabled":false},"version":2}},"categories":[1],"tags":[328,207,13231,40385,6295],"class_list":["post-190559","post","type-post","status-publish","format-standard","has-post-thumbnail","hentry","category-genel","tag-akin","tag-etti","tag-gelibolu","tag-plajina","tag-tatilciler"],"jetpack_publicize_connections":[],"jetpack_featured_media_url":"https:\/\/i0.wp.com\/www.tvturk.com\/wp-content\/uploads\/2019\/08\/tatilciler-gelibolu-plajina-akin-etti_1af0cb3.jpg?fit=1000%2C750","jetpack_sharing_enabled":true,"jetpack_shortlink":"https:\/\/wp.me\/paKIfm-Nzx","_links":{"self":[{"href":"http:\/\/www.tvturk.com\/index.php\/wp-json\/wp\/v2\/posts\/190559","targetHints":{"allow":["GET"]}}],"collection":[{"href":"http:\/\/www.tvturk.com\/index.php\/wp-json\/wp\/v2\/posts"}],"about":[{"href":"http:\/\/www.tvturk.com\/index.php\/wp-json\/wp\/v2\/types\/post"}],"author":[{"embeddable":true,"href":"http:\/\/www.tvturk.com\/index.php\/wp-json\/wp\/v2\/users\/1"}],"replies":[{"embeddable":true,"href":"http:\/\/www.tvturk.com\/index.php\/wp-json\/wp\/v2\/comments?post=190559"}],"version-history":[{"count":0,"href":"http:\/\/www.tvturk.com\/index.php\/wp-json\/wp\/v2\/posts\/190559\/revisions"}],"wp:featuredmedia":[{"embeddable":true,"href":"http:\/\/www.tvturk.com\/index.php\/wp-json\/wp\/v2\/media\/190560"}],"wp:attachment":[{"href":"http:\/\/www.tvturk.com\/index.php\/wp-json\/wp\/v2\/media?parent=190559"}],"wp:term":[{"taxonomy":"category","embeddable":true,"href":"http:\/\/www.tvturk.com\/index.php\/wp-json\/wp\/v2\/categories?post=190559"},{"taxonomy":"post_tag","embeddable":true,"href":"http:\/\/www.tvturk.com\/index.php\/wp-json\/wp\/v2\/tags?post=190559"}],"curies":[{"name":"wp","href":"https:\/\/api.w.org\/{rel}","templated":true}]}}