{"id":190575,"date":"2019-08-05T21:32:35","date_gmt":"2019-08-05T18:32:35","guid":{"rendered":"http:\/\/www.tvturk.com\/index.php\/ayhan-akman-istifa-etti\/"},"modified":"2019-08-05T21:32:35","modified_gmt":"2019-08-05T18:32:35","slug":"ayhan-akman-istifa-etti","status":"publish","type":"post","link":"http:\/\/www.tvturk.com\/index.php\/ayhan-akman-istifa-etti\/","title":{"rendered":"Ayhan Akman istifa etti"},"content":{"rendered":"<p>S\u00fcper Lig yeni ekiplerinden Gazi\u015fehir Gaziantep\u2019te yakla\u015f\u0131k 2 ay \u00f6nce sportif direkt\u00f6rl\u00fck g\u00f6revine getirilen Ayhan Akman g\u00f6revinden istifa etti.<\/p>\n<p>Gaziantep ekibinde Haziran ay\u0131nda sportif direkt\u00f6rl\u00fck g\u00f6revine getirilen ve transfer konusunda yetkilendirilen Ayhan Akman s\u00fcrpriz bir kararla g\u00f6revinden ayr\u0131ld\u0131. Ayhan Akman\u2019\u0131n y\u00f6netim ve teknik heyetle transfer konusunda anla\u015fmazl\u0131klar ya\u015fad\u0131\u011f\u0131 i\u00e7in b\u00f6yle bir karar ald\u0131\u011f\u0131 iddia edildi.<\/p>\n","protected":false},"excerpt":{"rendered":"<p>AYHAN AKMAN \u0130ST\u0130FA ETT\u0130<\/p>\n","protected":false},"author":1,"featured_media":190576,"comment_status":"closed","ping_status":"open","sticky":false,"template":"","format":"standard","meta":{"jetpack_post_was_ever_published":false,"_jetpack_newsletter_access":"","_jetpack_dont_email_post_to_subs":false,"_jetpack_newsletter_tier_id":0,"_jetpack_memberships_contains_paywalled_content":false,"_jetpack_memberships_contains_paid_content":false,"footnotes":"","jetpack_publicize_message":"","jetpack_publicize_feature_enabled":true,"jetpack_social_post_already_shared":true,"jetpack_social_options":{"image_generator_settings":{"template":"highway","default_image_id":0,"font":"","enabled":false},"version":2}},"categories":[657],"tags":[8981,8174,207,31],"class_list":["post-190575","post","type-post","status-publish","format-standard","has-post-thumbnail","hentry","category-spor","tag-akman","tag-ayhan","tag-etti","tag-istifa"],"jetpack_publicize_connections":[],"jetpack_featured_media_url":"https:\/\/i0.wp.com\/www.tvturk.com\/wp-content\/uploads\/2019\/08\/ayhan-akman-istifa-etti_1111d2d.jpg?fit=664%2C354","jetpack_sharing_enabled":true,"jetpack_shortlink":"https:\/\/wp.me\/paKIfm-NzN","_links":{"self":[{"href":"http:\/\/www.tvturk.com\/index.php\/wp-json\/wp\/v2\/posts\/190575","targetHints":{"allow":["GET"]}}],"collection":[{"href":"http:\/\/www.tvturk.com\/index.php\/wp-json\/wp\/v2\/posts"}],"about":[{"href":"http:\/\/www.tvturk.com\/index.php\/wp-json\/wp\/v2\/types\/post"}],"author":[{"embeddable":true,"href":"http:\/\/www.tvturk.com\/index.php\/wp-json\/wp\/v2\/users\/1"}],"replies":[{"embeddable":true,"href":"http:\/\/www.tvturk.com\/index.php\/wp-json\/wp\/v2\/comments?post=190575"}],"version-history":[{"count":0,"href":"http:\/\/www.tvturk.com\/index.php\/wp-json\/wp\/v2\/posts\/190575\/revisions"}],"wp:featuredmedia":[{"embeddable":true,"href":"http:\/\/www.tvturk.com\/index.php\/wp-json\/wp\/v2\/media\/190576"}],"wp:attachment":[{"href":"http:\/\/www.tvturk.com\/index.php\/wp-json\/wp\/v2\/media?parent=190575"}],"wp:term":[{"taxonomy":"category","embeddable":true,"href":"http:\/\/www.tvturk.com\/index.php\/wp-json\/wp\/v2\/categories?post=190575"},{"taxonomy":"post_tag","embeddable":true,"href":"http:\/\/www.tvturk.com\/index.php\/wp-json\/wp\/v2\/tags?post=190575"}],"curies":[{"name":"wp","href":"https:\/\/api.w.org\/{rel}","templated":true}]}}