{"id":190593,"date":"2019-08-06T01:31:31","date_gmt":"2019-08-05T22:31:31","guid":{"rendered":"http:\/\/www.tvturk.com\/index.php\/agrida-iki-gundur-kendisinden-haber-alinamayan-15-yasindaki-ahmet-araniyor\/"},"modified":"2019-08-06T01:31:31","modified_gmt":"2019-08-05T22:31:31","slug":"agrida-iki-gundur-kendisinden-haber-alinamayan-15-yasindaki-ahmet-araniyor","status":"publish","type":"post","link":"http:\/\/www.tvturk.com\/index.php\/agrida-iki-gundur-kendisinden-haber-alinamayan-15-yasindaki-ahmet-araniyor\/","title":{"rendered":"A\u011fr\u0131\u2019da iki g\u00fcnd\u00fcr kendisinden haber al\u0131namayan 15 ya\u015f\u0131ndaki Ahmet aran\u0131yor"},"content":{"rendered":"<p>A\u011fr\u0131 Merkez \u00c7ukur\u00e7ay\u0131r (Yekmal) K\u00f6y\u00fcnde ikamet eden ve kendisinden iki g\u00fcnd\u00fcr haber al\u0131namayan Ahmet Yasin Batg\u0131n (15), her yerde aran\u0131yor.<\/p>\n<p>Pazar g\u00fcn\u00fc gece saat 22.30 sular\u0131na kadar k\u00f6y meydan\u0131nda oyun oynad\u0131\u011f\u0131 \u00f6\u011frenilen Ahmet Yasin Batk\u0131n, bir daha evine d\u00f6nmedi.<\/p>\n<p>O\u011fullar\u0131n\u0131n eve gelmemesi \u00fczerine aramalara ba\u015flayan aile her hangi bir ize rastlamay\u0131nca durumu emniyet g\u00fc\u00e7lerine bildirdi.<\/p>\n<p>K\u00f6y ve \u015fehir merkezinde aramalara ba\u015flayan emniyet birimleri ve AFAD ekipleri \u015fu ana kadar Batk\u0131n\u2019a ait bir ize rastlamad\u0131.<\/p>\n<p>\u00c7ocu\u011fun ailesi ile ilgili ya\u015fad\u0131\u011f\u0131 sorunlardan \u00f6t\u00fcr\u00fc evden ka\u00e7m\u0131\u015f olabilece\u011fi iddalar\u0131 \u00fczerine konu\u015fan baba Veysi Batk\u0131n, o\u011flunun her hangi bir s\u0131k\u0131nt\u0131s\u0131n olmad\u0131\u011f\u0131n\u0131, kendi i\u015f yerinde o\u011flunun kendisine yard\u0131mc\u0131 oldu\u011funu s\u00f6yleyerek, \u00e7ocu\u011funun bulunmas\u0131 konusunda yard\u0131m istedi.<\/p>\n<p>Baba Batk\u0131n:\u201c O\u011flum okulu b\u0131rakt\u0131ktan sonra bana i\u015flerimde yard\u0131mc\u0131 olmaya ba\u015flad\u0131. Ailemizde herhangi bir huzursuzluk ya da \u00e7ocu\u011fumun herhangi bir sorunu yok. Pazar g\u00fcn\u00fc gece 22.30\u2018a kadar arkada\u015flar\u0131 ile k\u00f6yde oyun oynam\u0131\u015flar. O saatten sonra o\u011flumu g\u00f6ren olmam\u0131\u015f. T\u00fcm tan\u0131d\u0131klar\u0131m\u0131z\u0131 haberdar ettik. Gidebilece\u011fi her yeri sorduk, ara\u015ft\u0131rd\u0131k. Bir ipucuna rastlamay\u0131nca da g\u00fcvenlik g\u00fc\u00e7lerine haber verdik. \u015eimdi t\u00fcm g\u00fcvenlik g\u00fc\u00e7leri de o\u011flumuzun bulunmas\u0131 i\u00e7in \u00e7aba sarf ediyorlar. Allah R\u0131zas\u0131 i\u00e7in o\u011flumu g\u00f6renler emniyet g\u00fc\u00e7lerine ya da bize bildirmelerini rica ediyorum \u2019\u2019 dedi.<\/p>\n<p>Ahmet Yasin Batk\u0131n\u2019\u0131 (15), arama \u00e7al\u0131\u015fmalar\u0131 devam ediyor.<\/p>\n","protected":false},"excerpt":{"rendered":"<p>A\u011eRI MERKEZ \u00c7UKUR\u00c7AYIR (YEKMAL) K\u00d6Y\u00dcNDE \u0130KAMET EDEN VE KEND\u0130S\u0130NDEN \u0130K\u0130 G\u00dcND\u00dcR HABER ALINAMAYAN AHMET YAS\u0130N BATGIN (15), HER YERDE ARANIYOR.<\/p>\n","protected":false},"author":1,"featured_media":190594,"comment_status":"closed","ping_status":"open","sticky":false,"template":"","format":"standard","meta":{"jetpack_post_was_ever_published":false,"_jetpack_newsletter_access":"","_jetpack_dont_email_post_to_subs":false,"_jetpack_newsletter_tier_id":0,"_jetpack_memberships_contains_paywalled_content":false,"_jetpack_memberships_contains_paid_content":false,"footnotes":"","jetpack_publicize_message":"","jetpack_publicize_feature_enabled":true,"jetpack_social_post_already_shared":true,"jetpack_social_options":{"image_generator_settings":{"template":"highway","default_image_id":0,"font":"","enabled":false},"version":2}},"categories":[1],"tags":[7731,3634,8198,13488,2003,1545,1220,31453,1063],"class_list":["post-190593","post","type-post","status-publish","format-standard","has-post-thumbnail","hentry","category-genel","tag-agrida","tag-ahmet","tag-alinamayan","tag-araniyor","tag-gundur","tag-haber","tag-iki","tag-kendisinden","tag-yasindaki"],"jetpack_publicize_connections":[],"jetpack_featured_media_url":"https:\/\/i0.wp.com\/www.tvturk.com\/wp-content\/uploads\/2019\/08\/agrida-iki-gundur-kendisinden-haber-alinamayan-15-yasindaki-ahmet-araniyor_92efb79.jpg?fit=480%2C640","jetpack_sharing_enabled":true,"jetpack_shortlink":"https:\/\/wp.me\/paKIfm-NA5","_links":{"self":[{"href":"http:\/\/www.tvturk.com\/index.php\/wp-json\/wp\/v2\/posts\/190593","targetHints":{"allow":["GET"]}}],"collection":[{"href":"http:\/\/www.tvturk.com\/index.php\/wp-json\/wp\/v2\/posts"}],"about":[{"href":"http:\/\/www.tvturk.com\/index.php\/wp-json\/wp\/v2\/types\/post"}],"author":[{"embeddable":true,"href":"http:\/\/www.tvturk.com\/index.php\/wp-json\/wp\/v2\/users\/1"}],"replies":[{"embeddable":true,"href":"http:\/\/www.tvturk.com\/index.php\/wp-json\/wp\/v2\/comments?post=190593"}],"version-history":[{"count":0,"href":"http:\/\/www.tvturk.com\/index.php\/wp-json\/wp\/v2\/posts\/190593\/revisions"}],"wp:featuredmedia":[{"embeddable":true,"href":"http:\/\/www.tvturk.com\/index.php\/wp-json\/wp\/v2\/media\/190594"}],"wp:attachment":[{"href":"http:\/\/www.tvturk.com\/index.php\/wp-json\/wp\/v2\/media?parent=190593"}],"wp:term":[{"taxonomy":"category","embeddable":true,"href":"http:\/\/www.tvturk.com\/index.php\/wp-json\/wp\/v2\/categories?post=190593"},{"taxonomy":"post_tag","embeddable":true,"href":"http:\/\/www.tvturk.com\/index.php\/wp-json\/wp\/v2\/tags?post=190593"}],"curies":[{"name":"wp","href":"https:\/\/api.w.org\/{rel}","templated":true}]}}