{"id":190595,"date":"2019-08-06T09:01:34","date_gmt":"2019-08-06T06:01:34","guid":{"rendered":"http:\/\/www.tvturk.com\/index.php\/karsta-koyluler-gunes-altinda-patos-vuruyor\/"},"modified":"2019-08-06T09:01:34","modified_gmt":"2019-08-06T06:01:34","slug":"karsta-koyluler-gunes-altinda-patos-vuruyor","status":"publish","type":"post","link":"http:\/\/www.tvturk.com\/index.php\/karsta-koyluler-gunes-altinda-patos-vuruyor\/","title":{"rendered":"Kars\u2019ta k\u00f6yl\u00fcler, g\u00fcne\u015f alt\u0131nda patos vuruyor"},"content":{"rendered":"<p>Kars\u2019ta tar\u0131mla u\u011fra\u015fan k\u00f6yl\u00fcler, 30 derece s\u0131cakl\u0131\u011f\u0131n alt\u0131nda hayvanlar\u0131n\u0131n k\u0131\u015fl\u0131k yiyece\u011fini \u00e7\u0131karmak i\u00e7in patos vuruyor.<\/p>\n<p>Kars\u2019ta \u00e7ift\u00e7iler, g\u00fcne\u015fli ve s\u0131cak hava da arpa ve bu\u011fday hasad\u0131 i\u00e7in sabah\u0131n erken saatlerinde i\u015fe koyulup, i\u015fleri yeti\u015ftirebilmek i\u00e7in g\u00fcn\u00fcn en s\u0131cak saatinde bile hummal\u0131 bir \u015fekilde \u00e7al\u0131\u015f\u0131yor. Bir taraftan \u00fcr\u00fcn\u00fcn\u00fc toplayan k\u00f6yl\u00fcler, di\u011fer taraftan da toplad\u0131\u011f\u0131 arpa ve bu\u011fday\u0131n\u0131 trakt\u00f6r\u00fcn arkas\u0131na ba\u011flad\u0131\u011f\u0131 patosa atarak, saman, ve arpas\u0131n\u0131 ay\u0131r\u0131yor.<\/p>\n<p>55 y\u0131ld\u0131r \u00e7ift\u00e7ilik yapt\u0131\u011f\u0131n\u0131 ifade eden \u0130smail \u00c7elik, \u201cBen 75 ya\u015f\u0131nday\u0131m. 55 senedir \u00e7ift\u00e7ilik yap\u0131yorum. Bizim memleket ya\u011fmura ba\u011fl\u0131d\u0131r. Bir de mazot pahal\u0131d\u0131r. Olmuyor, yani kurtarm\u0131yor. Digor taraf\u0131ndan kurakl\u0131k var. Buralarda normal, \u00e7ift\u00e7ilik baba mesle\u011fidir. Hayvanc\u0131l\u0131k yapt\u0131n m\u0131? Yapacaks\u0131n.  Bu memlekette hayvanc\u0131l\u0131k \u00fczerinedir. Hayvanc\u0131l\u0131k yapmasan ne yapacaks\u0131n.  Fabrika yok, i\u015f yeri yok. Ben babamdan ald\u0131m, gen\u00e7lerde bende ald\u0131 devam ediyor\u201d<\/p>\n<p>\u0130smail \u00c7elik, s\u0131cak havadan \u00e7al\u0131\u015fman\u0131n zor oldu\u011funa dikkat \u00e7ekerek, \u201cBiraz zor, ama yapaca\u011f\u0131z\u201d diyerek g\u00fcne\u015f alt\u0131nda \u00e7al\u0131\u015fmaya devam etti.<\/p>\n<p>Karde\u015fiyle birlikte patos vuran Deniz \u00c7elik, \u201cZor oluyor ama i\u015fimiz bu, ekini patosa vuruyoruz. Hayvanlara saman \u00e7\u0131kar\u0131yoruz. Bu\u011fday\u0131m\u0131z\u0131 \u00e7\u0131kar\u0131yoruz\u201d diye konu\u015ftu.<\/p>\n<p>S\u0131cak havaya ald\u0131r\u0131\u015f etmeden tarlalar\u0131nda \u00e7al\u0131\u015fan k\u00f6yl\u00fcler, toplad\u0131klar\u0131 mahsullerini patos vurarak hayvanlar\u0131n k\u0131\u015fl\u0131k yiyece\u011fi olan saman yap\u0131yor.<\/p>\n<p>Kars\u2019ta bu y\u0131l havalar\u0131n kurak ge\u00e7mesinden dolay\u0131 mahsullerinin beklentilerinin alt\u0131nda oldu\u011funu belirten k\u00f6yl\u00fcler, elde ettikleri mahsullerin tarlada kalmamas\u0131 i\u00e7in s\u0131cak havaya ra\u011fmen ak\u015fam saatlerine kadar \u00e7al\u0131\u015f\u0131yor.<\/p>\n","protected":false},"excerpt":{"rendered":"<p>KARS\u2019TA TARIMLA U\u011eRA\u015eAN K\u00d6YL\u00dcLER, 30 DERECE SICAKLI\u011eIN ALTINDA HAYVANLARININ KI\u015eLIK Y\u0130YECE\u011e\u0130N\u0130 \u00c7IKARMAK \u0130\u00c7\u0130N PATOS VURUYOR.<\/p>\n","protected":false},"author":1,"featured_media":190596,"comment_status":"closed","ping_status":"open","sticky":false,"template":"","format":"standard","meta":{"jetpack_post_was_ever_published":false,"_jetpack_newsletter_access":"","_jetpack_dont_email_post_to_subs":false,"_jetpack_newsletter_tier_id":0,"_jetpack_memberships_contains_paywalled_content":false,"_jetpack_memberships_contains_paid_content":false,"footnotes":"","jetpack_publicize_message":"","jetpack_publicize_feature_enabled":true,"jetpack_social_post_already_shared":true,"jetpack_social_options":{"image_generator_settings":{"template":"highway","default_image_id":0,"font":"","enabled":false},"version":2}},"categories":[1],"tags":[3114,1386,4550,474,47614,27812],"class_list":["post-190595","post","type-post","status-publish","format-standard","has-post-thumbnail","hentry","category-genel","tag-altinda","tag-gunes","tag-karsta","tag-koyluler","tag-patos","tag-vuruyor"],"jetpack_publicize_connections":[],"jetpack_featured_media_url":"https:\/\/i0.wp.com\/www.tvturk.com\/wp-content\/uploads\/2019\/08\/karsta-koyluler-gunes-altinda-patos-vuruyor_5925884.jpg?fit=1000%2C664","jetpack_sharing_enabled":true,"jetpack_shortlink":"https:\/\/wp.me\/paKIfm-NA7","_links":{"self":[{"href":"http:\/\/www.tvturk.com\/index.php\/wp-json\/wp\/v2\/posts\/190595","targetHints":{"allow":["GET"]}}],"collection":[{"href":"http:\/\/www.tvturk.com\/index.php\/wp-json\/wp\/v2\/posts"}],"about":[{"href":"http:\/\/www.tvturk.com\/index.php\/wp-json\/wp\/v2\/types\/post"}],"author":[{"embeddable":true,"href":"http:\/\/www.tvturk.com\/index.php\/wp-json\/wp\/v2\/users\/1"}],"replies":[{"embeddable":true,"href":"http:\/\/www.tvturk.com\/index.php\/wp-json\/wp\/v2\/comments?post=190595"}],"version-history":[{"count":0,"href":"http:\/\/www.tvturk.com\/index.php\/wp-json\/wp\/v2\/posts\/190595\/revisions"}],"wp:featuredmedia":[{"embeddable":true,"href":"http:\/\/www.tvturk.com\/index.php\/wp-json\/wp\/v2\/media\/190596"}],"wp:attachment":[{"href":"http:\/\/www.tvturk.com\/index.php\/wp-json\/wp\/v2\/media?parent=190595"}],"wp:term":[{"taxonomy":"category","embeddable":true,"href":"http:\/\/www.tvturk.com\/index.php\/wp-json\/wp\/v2\/categories?post=190595"},{"taxonomy":"post_tag","embeddable":true,"href":"http:\/\/www.tvturk.com\/index.php\/wp-json\/wp\/v2\/tags?post=190595"}],"curies":[{"name":"wp","href":"https:\/\/api.w.org\/{rel}","templated":true}]}}