{"id":190613,"date":"2019-08-06T09:32:31","date_gmt":"2019-08-06T06:32:31","guid":{"rendered":"http:\/\/www.tvturk.com\/index.php\/ozel-haber-korcan-celikay-lige-ne-kadar-iyi-baslayabilirsek-o-kadar-onde-goturebiliriz\/"},"modified":"2019-08-06T09:32:31","modified_gmt":"2019-08-06T06:32:31","slug":"ozel-haber-korcan-celikay-lige-ne-kadar-iyi-baslayabilirsek-o-kadar-onde-goturebiliriz","status":"publish","type":"post","link":"http:\/\/www.tvturk.com\/index.php\/ozel-haber-korcan-celikay-lige-ne-kadar-iyi-baslayabilirsek-o-kadar-onde-goturebiliriz\/","title":{"rendered":"(\u00d6zel haber) Korcan \u00c7elikay: \u201cLige ne kadar iyi ba\u015flayabilirsek o kadar \u00f6nde g\u00f6t\u00fcrebiliriz\u201d"},"content":{"rendered":"<p>Yeni sezon haz\u0131rl\u0131klar\u0131n\u0131 Be\u015ftepe Tesisleri\u2019nde s\u00fcrd\u00fcren MKE Ankarag\u00fcc\u00fc\u2019nde kaleci Korcan \u00c7elikay, hedeflerinin lige iyi ba\u015flamak oldu\u011funu s\u00f6yledi.<\/p>\n<p>MKE Ankarag\u00fcc\u00fc, Erzurum kamp\u0131n\u0131n ard\u0131ndan verilen izin sonras\u0131nda \u00e7al\u0131\u015fmalar\u0131na Be\u015ftepe Tesisleri\u2019nde devam ediyor. Yap\u0131lan antrenman sonras\u0131 \u0130HA muhabirinin sorular\u0131n\u0131 cevaplayan Ba\u015fkent ekibinin tecr\u00fcbeli file bek\u00e7isi Korcan \u00c7elikay, \u201cLigin ba\u015f\u0131nda ne kadar \u00e7ok puan toplarsan\u0131z ligin ikinci yar\u0131s\u0131nda o kadar \u00e7ok i\u015finize yar\u0131yor\u201d diye konu\u015ftu.<\/p>\n<p>\u201cTak\u0131m kendine gelmeye ba\u015flayacakt\u0131r\u201d<\/p>\n<p>Erzurum kamp\u0131n\u0131n y\u00fcklemenin daha yo\u011fun ge\u00e7ti\u011fi bir kamp d\u00f6nemi oldu\u011funu s\u00f6yleyen kaleci Korcan \u00c7elikay, \u201c10-14 g\u00fcnl\u00fck bir kamp yapt\u0131k. Yorucu ge\u00e7ti. G\u00fcn\u00fc iki antrenman ile ge\u00e7irdik. \u015eimdi daha \u00e7ok oyuna y\u00f6nelik antrenmanlara d\u00f6nd\u00fck. Art\u0131k Ankara\u2019day\u0131z lige de \u00e7ok k\u0131sa bir s\u00fcre kald\u0131. Burada da art\u0131k 2 tane haz\u0131rl\u0131k ma\u00e7\u0131m\u0131z var. Bu ma\u00e7lar ile yapt\u0131\u011f\u0131m\u0131z o y\u00fcklemeyi peki\u015ftirme vakti. Ondan sonras\u0131 art\u0131k lig ma\u00e7lar\u0131na haz\u0131rl\u0131k. Ke\u00e7i\u00f6reng\u00fcc\u00fc ve Gen\u00e7lerbirli\u011fi ma\u00e7lar\u0131ndan sonra tak\u0131m biraz daha kendine gelmeye ba\u015flayacakt\u0131r. Oyun anlam\u0131nda daha iyi olacakt\u0131r. O y\u00fczden Erzurum\u2019da oldu\u011fu gibi burada da antrenmanlar\u0131m\u0131za devam ediyoruz\u201d dedi.<\/p>\n<p>\u201cLige ne kadar iyi ba\u015flayabilirsek o kadar \u00f6nde g\u00f6t\u00fcrebiliriz\u201d<\/p>\n<p>Yeni sezonun her sezon oldu\u011fu gibi zorlu ge\u00e7ece\u011fini ifade eden \u00c7elikay, \u201cBizim i\u00e7in ge\u00e7en sezon kar\u0131\u015f\u0131k ba\u015flam\u0131\u015ft\u0131 lig. Haz\u0131r de\u011fildik. Daha sonras\u0131nda g\u00fczel bir ekip geldi devre aras\u0131nda ve ligde kalmay\u0131 ba\u015fard\u0131k. Kar\u0131\u015f\u0131kl\u0131\u011fa ra\u011fmen g\u00fczel bir yerde kalmay\u0131 ba\u015fard\u0131k. Bu sene amac\u0131m\u0131z lige iyi ba\u015flamak. O y\u00fczden elimizden geldi\u011fince \u00f6zverili \u00e7al\u0131\u015f\u0131yoruz. Di\u011fer tak\u0131mlar\u0131n da haz\u0131rl\u0131k d\u00f6nemi oluyor ama lige ne kadar iyi ba\u015flayabilirsek o kadar \u00f6nde g\u00f6t\u00fcrebiliriz. Dolay\u0131s\u0131yla zor ge\u00e7ecek. Ligin ikinci yar\u0131s\u0131 \u00e7ok daha zorlu ge\u00e7iyor. \u00c7\u00fcnk\u00fc \u015fampiyonlu\u011fa oynayan tak\u0131mlar var. D\u00fc\u015fmemeye oynayan s\u0131k\u0131nt\u0131l\u0131 tak\u0131mlar oluyor. Dolay\u0131s\u0131yla ligin ba\u015f\u0131nda ne kadar \u00e7ok puan toplarsan\u0131z ligin ikinci yar\u0131s\u0131nda o kadar \u00e7ok i\u015finize yar\u0131yor. O y\u00fczden b\u00fct\u00fcn amac\u0131m\u0131z iyi ba\u015flamak\u201d a\u00e7\u0131klamas\u0131n\u0131 yapt\u0131.<\/p>\n","protected":false},"excerpt":{"rendered":"<p>YEN\u0130 SEZON HAZIRLIKLARINI BE\u015eTEPE TES\u0130SLER\u0130NDE S\u00dcRD\u00dcREN MKE ANKARAG\u00dcC\u00dc\u2019NDE KALEC\u0130 KORCAN \u00c7EL\u0130KAY, \u201cBU SENE AMACIMIZ L\u0130GE \u0130Y\u0130 BA\u015eLAMAK\u201d DED\u0130.<\/p>\n","protected":false},"author":1,"featured_media":190614,"comment_status":"closed","ping_status":"open","sticky":false,"template":"","format":"standard","meta":{"jetpack_post_was_ever_published":false,"_jetpack_newsletter_access":"","_jetpack_dont_email_post_to_subs":false,"_jetpack_newsletter_tier_id":0,"_jetpack_memberships_contains_paywalled_content":false,"_jetpack_memberships_contains_paid_content":false,"footnotes":"","jetpack_publicize_message":"","jetpack_publicize_feature_enabled":true,"jetpack_social_post_already_shared":true,"jetpack_social_options":{"image_generator_settings":{"template":"highway","default_image_id":0,"font":"","enabled":false},"version":2}},"categories":[657],"tags":[1073,47622,47621,47623,1545,1552,3702,47620,4364,14000],"class_list":["post-190613","post","type-post","status-publish","format-standard","has-post-thumbnail","hentry","category-spor","tag-ozel","tag-baslayabilirsek","tag-celikay","tag-goturebiliriz","tag-haber","tag-iyi","tag-kadar","tag-korcan","tag-lige","tag-onde"],"jetpack_publicize_connections":[],"jetpack_featured_media_url":"https:\/\/i0.wp.com\/www.tvturk.com\/wp-content\/uploads\/2019\/08\/ozel-haber-korcan-celikay-lige-ne-kadar-iyi-baslayabilirsek-o-kadar-onde-goturebiliriz_ca3559e.jpg?fit=1000%2C666","jetpack_sharing_enabled":true,"jetpack_shortlink":"https:\/\/wp.me\/paKIfm-NAp","_links":{"self":[{"href":"http:\/\/www.tvturk.com\/index.php\/wp-json\/wp\/v2\/posts\/190613","targetHints":{"allow":["GET"]}}],"collection":[{"href":"http:\/\/www.tvturk.com\/index.php\/wp-json\/wp\/v2\/posts"}],"about":[{"href":"http:\/\/www.tvturk.com\/index.php\/wp-json\/wp\/v2\/types\/post"}],"author":[{"embeddable":true,"href":"http:\/\/www.tvturk.com\/index.php\/wp-json\/wp\/v2\/users\/1"}],"replies":[{"embeddable":true,"href":"http:\/\/www.tvturk.com\/index.php\/wp-json\/wp\/v2\/comments?post=190613"}],"version-history":[{"count":0,"href":"http:\/\/www.tvturk.com\/index.php\/wp-json\/wp\/v2\/posts\/190613\/revisions"}],"wp:featuredmedia":[{"embeddable":true,"href":"http:\/\/www.tvturk.com\/index.php\/wp-json\/wp\/v2\/media\/190614"}],"wp:attachment":[{"href":"http:\/\/www.tvturk.com\/index.php\/wp-json\/wp\/v2\/media?parent=190613"}],"wp:term":[{"taxonomy":"category","embeddable":true,"href":"http:\/\/www.tvturk.com\/index.php\/wp-json\/wp\/v2\/categories?post=190613"},{"taxonomy":"post_tag","embeddable":true,"href":"http:\/\/www.tvturk.com\/index.php\/wp-json\/wp\/v2\/tags?post=190613"}],"curies":[{"name":"wp","href":"https:\/\/api.w.org\/{rel}","templated":true}]}}