{"id":190639,"date":"2019-08-06T10:16:32","date_gmt":"2019-08-06T07:16:32","guid":{"rendered":"http:\/\/www.tvturk.com\/index.php\/beyaz-cennete-gelen-turist-sayisi-turkiye-ortalamasinin-yuzde-13-ustunde\/"},"modified":"2019-08-06T10:16:32","modified_gmt":"2019-08-06T07:16:32","slug":"beyaz-cennete-gelen-turist-sayisi-turkiye-ortalamasinin-yuzde-13-ustunde","status":"publish","type":"post","link":"http:\/\/www.tvturk.com\/index.php\/beyaz-cennete-gelen-turist-sayisi-turkiye-ortalamasinin-yuzde-13-ustunde\/","title":{"rendered":"Beyaz cennete gelen turist say\u0131s\u0131 T\u00fcrkiye ortalamas\u0131n\u0131n y\u00fczde 13 \u00fcst\u00fcnde"},"content":{"rendered":"<p>Denizli Turistik Otelciler ve \u0130\u015fletmeciler Derne\u011fi (DENTUROD) Ba\u015fkan\u0131 Gazi Murat \u015een, 2019 y\u0131l\u0131 turizmciler i\u00e7in iyi bir y\u0131l olarak ge\u00e7ti\u011fini ifade ederek, \u201c\u00dclke ortalamas\u0131na bakt\u0131\u011f\u0131m\u0131z zaman y\u00fczde 11 civar\u0131nda yabanc\u0131 misafir say\u0131s\u0131nda art\u0131\u015f var. B\u00f6lgemizde y\u00fczde 23 civar\u0131nda yabanc\u0131 ve yerli misafir say\u0131lar\u0131nda art\u0131\u015f g\u00f6zlemliyoruz\u201d dedi.<\/p>\n<p>\u015een, UNESCO D\u00fcnya Miras Listesi\u2019ne yer alan Pamukkale\u2019ye olan ilginin her ge\u00e7en y\u0131l artt\u0131\u011f\u0131n\u0131 ve bunun da rakamlara olumlu yans\u0131d\u0131\u011f\u0131n\u0131 ifade etti. \u015een, Pamukkale\u2019ye gelen yerli ve yabanc\u0131 turist say\u0131s\u0131n\u0131n ge\u00e7en y\u0131l\u0131n ayn\u0131 d\u00f6nemine g\u00f6re artt\u0131\u011f\u0131n\u0131 kaydederek, \u201c\u00dclke ortalamas\u0131na bakt\u0131\u011f\u0131m\u0131z zaman y\u00fczde 11 civar\u0131nda yabanc\u0131 misafir say\u0131s\u0131nda art\u0131\u015f var. B\u00f6lgemizde y\u00fczde 23 civar\u0131nda yabanc\u0131 ve yerli misafir say\u0131lar\u0131nda art\u0131\u015f g\u00f6zlemliyoruz. Temmuz ay\u0131na bakt\u0131\u011f\u0131m\u0131z zamanda ge\u00e7en y\u0131l 300 bin yerli ve yabanc\u0131 misafir Pamukkale \u00f6ren yerini ziyaret etmi\u015fti. Bu y\u0131l rakam 370 binin \u00fczerine \u00e7\u0131kt\u0131. A\u011fustos ay\u0131nda 400 binin \u00fczerine \u00e7\u0131kmay\u0131 hedefliyoruz. \u00d6zellikle haziran, temmuz, a\u011fustos ay\u0131nda 1 milyon ki\u015finin ziyaret etmesini ve y\u0131l sonu itibar\u0131 ile de 3 milyon civar\u0131 hedefimiz vard\u0131 ona yak\u0131n seviyelerde de biz sezonu kapatmay\u0131 bekliyoruz. Hedefimiz de 3 y\u0131l i\u00e7inde Pamukkale \u00d6ren yeri b\u00f6lgesinde 5 milyon rakam\u0131na ula\u015fmak\u201d diye konu\u015ftu.<\/p>\n<p>\u201cTatil plan\u0131 sene ba\u015f\u0131nda yay\u0131nlanmal\u0131\u201d<\/p>\n<p>Tatil planlamas\u0131n\u0131n daha \u00f6ncesinden yap\u0131lmas\u0131n\u0131n tatil yapacak vatanda\u015flara kolayl\u0131k sa\u011flayaca\u011f\u0131n\u0131n alt\u0131n\u0131 \u00e7izen \u015een, \u201cBunun yan\u0131nda biz h\u00fck\u00fcmetimizden turizmciler olarak tatil plan\u0131n\u0131n y\u0131l\u0131n ba\u015f\u0131nda yap\u0131lmas\u0131n\u0131 talep ediyoruz. Son dakika da ilan edilen tatiller \u00f6zellikle yerli vatanda\u015flar\u0131m\u0131z\u0131n \u00e7ok pahal\u0131 fiyatlarda yer bulmas\u0131na neden oluyor. Haberlerde g\u00f6rd\u00fc\u011f\u00fcm\u00fcz gibi 1-2 neredeyse 3 saatte kent i\u00e7ine girmek m\u00fcmk\u00fcn oluyor. H\u00fck\u00fcmetimiz y\u0131l\u0131n ba\u015f\u0131nda bunu yaparsa ve bunu resmi daireler ile beraber \u00f6zel sekt\u00f6r i\u00e7in de d\u00fczenlerse hem resmi dairelerde \u00e7al\u0131\u015fanlar arkada\u015flar\u0131m\u0131z hem resmi yerlerde \u00e7al\u0131\u015fan arkada\u015flar\u0131m\u0131z tatil programlar\u0131n\u0131 buna g\u00f6re yaparlar\u201d ifadelerini kulland\u0131.<\/p>\n","protected":false},"excerpt":{"rendered":"<p>DEN\u0130ZL\u0130 TUR\u0130ST\u0130K OTELC\u0130LER VE \u0130\u015eLETMEC\u0130LER DERNE\u011e\u0130 (DENTUROD) BA\u015eKANI GAZ\u0130 MURAT \u015eEN, 2019 YILI TUR\u0130ZMC\u0130LER \u0130\u00c7\u0130N \u0130Y\u0130 B\u0130R YIL OLARAK GE\u00c7T\u0130\u011e\u0130N\u0130 \u0130FADE EDEREK, \u201c\u00dcLKE ORTALAMASINA BAKTI\u011eIMIZ ZAMAN Y\u00dcZDE 11 C\u0130VARINDA YABANCI M\u0130SAF\u0130R SAYISINDA ARTI\u015e VAR. B\u00d6LGEM\u0130ZDE Y\u00dcZDE 23 C\u0130VARINDA YABANCI VE YERL\u0130 M\u0130SAF\u0130R SAYILARINDA ARTI\u015e G\u00d6ZLEML\u0130YORUZ\u201d DED\u0130.<\/p>\n","protected":false},"author":1,"featured_media":190640,"comment_status":"closed","ping_status":"open","sticky":false,"template":"","format":"standard","meta":{"jetpack_post_was_ever_published":false,"_jetpack_newsletter_access":"","_jetpack_dont_email_post_to_subs":false,"_jetpack_newsletter_tier_id":0,"_jetpack_memberships_contains_paywalled_content":false,"_jetpack_memberships_contains_paid_content":false,"footnotes":"","jetpack_publicize_message":"","jetpack_publicize_feature_enabled":true,"jetpack_social_post_already_shared":true,"jetpack_social_options":{"image_generator_settings":{"template":"highway","default_image_id":0,"font":"","enabled":false},"version":2}},"categories":[19],"tags":[818,34326,307,47633,611,215,453,8925,3480],"class_list":["post-190639","post","type-post","status-publish","format-standard","has-post-thumbnail","hentry","category-ekonomi","tag-beyaz","tag-cennete","tag-gelen","tag-ortalamasinin","tag-sayisi","tag-turist","tag-turkiye","tag-ustunde","tag-yuzde"],"jetpack_publicize_connections":[],"jetpack_featured_media_url":"https:\/\/i0.wp.com\/www.tvturk.com\/wp-content\/uploads\/2019\/08\/beyaz-cennete-gelen-turist-sayisi-turkiye-ortalamasinin-yuzde-13-ustunde_ab14322.jpg?fit=1000%2C666","jetpack_sharing_enabled":true,"jetpack_shortlink":"https:\/\/wp.me\/paKIfm-NAP","_links":{"self":[{"href":"http:\/\/www.tvturk.com\/index.php\/wp-json\/wp\/v2\/posts\/190639","targetHints":{"allow":["GET"]}}],"collection":[{"href":"http:\/\/www.tvturk.com\/index.php\/wp-json\/wp\/v2\/posts"}],"about":[{"href":"http:\/\/www.tvturk.com\/index.php\/wp-json\/wp\/v2\/types\/post"}],"author":[{"embeddable":true,"href":"http:\/\/www.tvturk.com\/index.php\/wp-json\/wp\/v2\/users\/1"}],"replies":[{"embeddable":true,"href":"http:\/\/www.tvturk.com\/index.php\/wp-json\/wp\/v2\/comments?post=190639"}],"version-history":[{"count":0,"href":"http:\/\/www.tvturk.com\/index.php\/wp-json\/wp\/v2\/posts\/190639\/revisions"}],"wp:featuredmedia":[{"embeddable":true,"href":"http:\/\/www.tvturk.com\/index.php\/wp-json\/wp\/v2\/media\/190640"}],"wp:attachment":[{"href":"http:\/\/www.tvturk.com\/index.php\/wp-json\/wp\/v2\/media?parent=190639"}],"wp:term":[{"taxonomy":"category","embeddable":true,"href":"http:\/\/www.tvturk.com\/index.php\/wp-json\/wp\/v2\/categories?post=190639"},{"taxonomy":"post_tag","embeddable":true,"href":"http:\/\/www.tvturk.com\/index.php\/wp-json\/wp\/v2\/tags?post=190639"}],"curies":[{"name":"wp","href":"https:\/\/api.w.org\/{rel}","templated":true}]}}