{"id":190661,"date":"2019-08-06T10:32:41","date_gmt":"2019-08-06T07:32:41","guid":{"rendered":"http:\/\/www.tvturk.com\/index.php\/5-bin-yillik-yayik-yogurdun-tarihine-isik-tutuyor\/"},"modified":"2019-08-06T10:32:41","modified_gmt":"2019-08-06T07:32:41","slug":"5-bin-yillik-yayik-yogurdun-tarihine-isik-tutuyor","status":"publish","type":"post","link":"http:\/\/www.tvturk.com\/index.php\/5-bin-yillik-yayik-yogurdun-tarihine-isik-tutuyor\/","title":{"rendered":"5 bin y\u0131ll\u0131k yay\u0131k, yo\u011furdun tarihine \u0131\u015f\u0131k tutuyor"},"content":{"rendered":"<p>Amasya Arkeoloji M\u00fczesi\u2019nde sergilenen 5 bin y\u0131ll\u0131k yay\u0131k, yo\u011furdun tarihine \u0131\u015f\u0131k tutuyor. Yo\u011furdun 5 bin y\u0131l \u00f6ncesinde de var oldu\u011funu en b\u00fcy\u00fck i\u015fareti olan yay\u0131k, ziyaret\u00e7ilerden de b\u00fcy\u00fck ilgi g\u00f6r\u00fcyor.<\/p>\n<p>1972 y\u0131l\u0131nda Amasya\u2019n\u0131n Suluova il\u00e7esinde bulunan yay\u0131k, Kalkolatik d\u00f6neme ait. Amasya Arkeoloji M\u00fczesi M\u00fcd\u00fcr\u00fc Celal \u00d6zdemir, &#8220;Biz hep \u015fey biliyorduk, yo\u011furt deyince ilk T\u00fcrk ad\u0131 akla geliyor. Ama burada milattan \u00f6nce 5 bin y\u0131llar\u0131na ait bizim Kalkolatik d\u00f6nem dedi\u011fimiz d\u00f6nemde M\u00fcze M\u00fcd\u00fcrl\u00fc\u011f\u00fcm\u00fcze 1972 y\u0131l\u0131nda Suluova b\u00f6lgesindeki h\u00f6y\u00fcklerden ele ge\u00e7irilen pi\u015fmi\u015f toprak yay\u0131\u011f\u0131m\u0131z mevcut. Yakla\u015f\u0131k 30 santimetre burada g\u00f6rm\u00fc\u015f oldu\u011funuz gibi pi\u015fmi\u015f topraktan yap\u0131lm\u0131\u015f, 4 tane ip ba\u011flamak i\u00e7in yuvarlak yan taraflar\u0131nda halkalar\u0131 var ve \u00fcst k\u0131sm\u0131nda da yo\u011furdun hazneye aktar\u0131lmas\u0131 i\u00e7in oval bir a\u011fz\u0131 var. Anadolu\u2019da \u00f6zellikle T\u00fcrkmen b\u00f6lgesinde ah\u015faptan itekleyerek yay\u0131k yayma olay\u0131 vard\u0131. Bunun 5 bin y\u0131l \u00f6nceki versiyonunu g\u00f6r\u00fcyoruz. Tabii bu daha \u00e7ok k\u00fc\u00e7\u00fck \u00e7\u00fcnk\u00fc insanlar\u0131n o g\u00fcnk\u00fc d\u00f6nemde, o g\u00fcnk\u00fc \u015fartlarda toplay\u0131c\u0131l\u0131kla, avc\u0131l\u0131kla ge\u00e7indi\u011fini d\u00fc\u015f\u00fcn\u00fcrsek, yeni yeni k\u00f6ylerin olu\u015ftu\u011fu bir d\u00f6nemde yo\u011furttan tereya\u011f\u0131 yapman\u0131n \u00e7ok daha eski bir Anadolu gelene\u011fi oldu\u011fu ortaya \u00e7\u0131k\u0131yor. Bu bizim i\u00e7inde \u00e7ok \u00e7ok \u00f6nemli. M\u00fczemizin \u015fu anda bildi\u011fimiz kadar\u0131yla ara\u015ft\u0131rd\u0131k, bu tip bir \u00f6rne\u011fe denk gelmedik. Yani \u00fcnik diyebilece\u011fimiz bir eser. Bizim i\u00e7in \u00e7ok \u00e7ok \u00f6nemli bu. Ziyaret\u00e7ilerimizin de ilgisini \u00e7ekiyor. \u015eimdi yay\u0131k dedi\u011finiz zaman kocaman bir \u015feyi d\u00fc\u015f\u00fcn\u00fcyorsunuz. Tabii, Anadolu\u2019da g\u00fcn\u00fcm\u00fcze ula\u015fm\u0131\u015f ah\u015fap olan\u0131, pi\u015fmi\u015f toprak olan\u0131, deri olan\u0131 var. Ama ilk defa 5 bin y\u0131ll\u0131k bir yay\u0131\u011f\u0131 biz m\u00fczede ziyaret\u00e7ilerin ilgisine sunuyoruz ve \u00e7okta ilgi ve be\u011feni topluyor, bu y\u00fczdende \u00e7ok memnunuz. Yani diyebiliriz ki \u015fu anda T\u00fcrkiye\u2019deki 5 bin y\u0131ll\u0131k yay\u0131\u011fa sahibiz. Bunu rahatl\u0131kla s\u00f6yleyebiliriz\u201d dedi.<\/p>\n<p>23 bin eserin sergilendi\u011fi Amasya Arkeoloji m\u00fczesini 2019\u2019un ilk 6 ay\u0131nda 55 bin ki\u015fi ziyaret etti.<\/p>\n","protected":false},"excerpt":{"rendered":"<p>AMASYA ARKEOLOJ\u0130 M\u00dcZES\u0130NDE SERG\u0130LENEN 5 B\u0130N YILLIK YAYIK, YO\u011eURDUN TAR\u0130H\u0130NE I\u015eIK TUTUYOR. YO\u011eURDUN 5 B\u0130N YIL \u00d6NCES\u0130NDE DE VAR OLDU\u011eUNU EN B\u00dcY\u00dcK \u0130\u015eARET\u0130 OLAN YAYIK, Z\u0130YARET\u00c7\u0130LERDEN DE B\u00dcY\u00dcK \u0130LG\u0130 G\u00d6R\u00dcYOR.<\/p>\n","protected":false},"author":1,"featured_media":190662,"comment_status":"closed","ping_status":"open","sticky":false,"template":"","format":"standard","meta":{"jetpack_post_was_ever_published":false,"_jetpack_newsletter_access":"","_jetpack_dont_email_post_to_subs":false,"_jetpack_newsletter_tier_id":0,"_jetpack_memberships_contains_paywalled_content":false,"_jetpack_memberships_contains_paid_content":false,"footnotes":"","jetpack_publicize_message":"","jetpack_publicize_feature_enabled":true,"jetpack_social_post_already_shared":true,"jetpack_social_options":{"image_generator_settings":{"template":"highway","default_image_id":0,"font":"","enabled":false},"version":2}},"categories":[656],"tags":[213,1568,21492,9708,47644,710,47645],"class_list":["post-190661","post","type-post","status-publish","format-standard","has-post-thumbnail","hentry","category-kultur-sanat","tag-bin","tag-isik","tag-tarihine","tag-tutuyor","tag-yayik","tag-yillik","tag-yogurdun"],"jetpack_publicize_connections":[],"jetpack_featured_media_url":"https:\/\/i0.wp.com\/www.tvturk.com\/wp-content\/uploads\/2019\/08\/5-bin-yillik-yayik-yogurdun-tarihine-isik-tutuyor_e9225fc.jpg?fit=1000%2C666","jetpack_sharing_enabled":true,"jetpack_shortlink":"https:\/\/wp.me\/paKIfm-NBb","_links":{"self":[{"href":"http:\/\/www.tvturk.com\/index.php\/wp-json\/wp\/v2\/posts\/190661","targetHints":{"allow":["GET"]}}],"collection":[{"href":"http:\/\/www.tvturk.com\/index.php\/wp-json\/wp\/v2\/posts"}],"about":[{"href":"http:\/\/www.tvturk.com\/index.php\/wp-json\/wp\/v2\/types\/post"}],"author":[{"embeddable":true,"href":"http:\/\/www.tvturk.com\/index.php\/wp-json\/wp\/v2\/users\/1"}],"replies":[{"embeddable":true,"href":"http:\/\/www.tvturk.com\/index.php\/wp-json\/wp\/v2\/comments?post=190661"}],"version-history":[{"count":0,"href":"http:\/\/www.tvturk.com\/index.php\/wp-json\/wp\/v2\/posts\/190661\/revisions"}],"wp:featuredmedia":[{"embeddable":true,"href":"http:\/\/www.tvturk.com\/index.php\/wp-json\/wp\/v2\/media\/190662"}],"wp:attachment":[{"href":"http:\/\/www.tvturk.com\/index.php\/wp-json\/wp\/v2\/media?parent=190661"}],"wp:term":[{"taxonomy":"category","embeddable":true,"href":"http:\/\/www.tvturk.com\/index.php\/wp-json\/wp\/v2\/categories?post=190661"},{"taxonomy":"post_tag","embeddable":true,"href":"http:\/\/www.tvturk.com\/index.php\/wp-json\/wp\/v2\/tags?post=190661"}],"curies":[{"name":"wp","href":"https:\/\/api.w.org\/{rel}","templated":true}]}}