{"id":190663,"date":"2019-08-06T10:46:35","date_gmt":"2019-08-06T07:46:35","guid":{"rendered":"http:\/\/www.tvturk.com\/index.php\/kocaelide-ekmege-yuzde-5lik-zam-geldi\/"},"modified":"2019-08-06T10:46:35","modified_gmt":"2019-08-06T07:46:35","slug":"kocaelide-ekmege-yuzde-5lik-zam-geldi","status":"publish","type":"post","link":"http:\/\/www.tvturk.com\/index.php\/kocaelide-ekmege-yuzde-5lik-zam-geldi\/","title":{"rendered":"Kocaeli\u2019de ekme\u011fe y\u00fczde 5\u2019lik zam geldi"},"content":{"rendered":"<p>Kocaeli\u2019de al\u0131nan kararla ekme\u011fe y\u00fczde 5 oran\u0131nda yap\u0131lan zamla 280 gram ekmek 1.75 TL\u2019den sat\u0131lacak. Vatanda\u015flar yap\u0131lan zamma tepki g\u00f6sterirken, y\u00fczde 20\u2019ye yak\u0131n indirimin olaca\u011f\u0131 \u2018halk ekme\u011fi\u2019 uygulamas\u0131n\u0131n hayata ge\u00e7irilmesi bekleniyor.<\/p>\n<p>Kocaeli\u2019de ekme\u011fe y\u00fczde 5 oran\u0131nda zam yap\u0131ld\u0131. Yap\u0131lan zam do\u011frultusunda 5 A\u011fustos Per\u015fembe g\u00fcn\u00fcnden itibaren 210 gram\u0131 1.25 TL\u2019ye sat\u0131lan ekme\u011fin gramaj\u0131 280 grama y\u00fckseltilerek 1.75 TL\u2019den sat\u0131lacak. Yap\u0131lan zam neticesinde kilogram fiyat\u0131 5.90 TL olan, ekme\u011fin kilogram\u0131 6.25\u2019TL\u2019den sat\u0131lacak. Konuyla ilgili a\u00e7\u0131klama yapan Kocaeli F\u0131r\u0131nc\u0131lar Odas\u0131 Ba\u015fkan\u0131 Ali Sar\u0131, yap\u0131lan zamm\u0131n belirlenen zam oranlar\u0131 do\u011frultusunda Kocaeli Valili\u011fi izni ile yap\u0131ld\u0131\u011f\u0131n\u0131 s\u00f6yledi. Yap\u0131lan zamm\u0131n daha \u00e7ok kar etmek olmad\u0131\u011f\u0131n\u0131 belirten Sar\u0131, son g\u00fcnlerde yap\u0131lan zamlarla giderleri artan f\u0131r\u0131nc\u0131lar\u0131n zarar etmesini engellemek amac\u0131 ile zam karar\u0131n\u0131 ald\u0131klar\u0131n\u0131 ifade etti. Kocaeli B\u00fcy\u00fck\u015fehir Belediyesi koordinesinde hayata ge\u00e7irilmesi planlanan \u2018halk ekme\u011fi\u2019 uygulamas\u0131 ile vatanda\u015flara daha ucuz bir fiyattan ekmek ula\u015ft\u0131rmay\u0131 hedeflediklerini de ifade eden Sar\u0131, ihale a\u015famas\u0131nda olan projenin tamamlanmas\u0131 ile vatanda\u015flar\u0131n belirlenen b\u00fcfelerden yakla\u015f\u0131k y\u00fczde 20 daha ucuz bir \u015fekilde ekmek alabilece\u011fini dile getirdi.<\/p>\n<p>\u201cY\u00fczde 5\u2019lik art\u0131\u015fla Per\u015fembe g\u00fcn\u00fcnden itibaren sat\u0131\u015flar\u0131m\u0131z ba\u015flayacak\u201d<\/p>\n<p>Yap\u0131lan zamm\u0131n gerekli izinler ve zam oranlar\u0131 do\u011frultusunda yap\u0131ld\u0131\u011f\u0131n\u0131 dile getiren Ali Sar\u0131, \u201c\u015eu anda 210 gram ekme\u011fi 1.25 TL\u2019den sat\u0131yoruz. Yakla\u015f\u0131k 15 ay \u00f6nce bu gramaj tarifesine ge\u00e7tik. Ama \u00fclkede ya\u015fanan ekonomik krizler nedeni ile Bakanl\u0131\u011f\u0131n belirlemi\u015f oldu\u011fu ekme\u011fin kilogram\u0131n\u0131n 6.25 TL\u2019lik fiyata g\u00f6re bir zam yapt\u0131k. 210 gram olan ekme\u011fimizin gramaj\u0131n\u0131 70 gram artt\u0131rarak 280 gram olarak 1.75 TL olarak Per\u015fembe g\u00fcn\u00fcnden itibaren uygulamaya sokaca\u011f\u0131z. Tabii bunu Bakanl\u0131\u011f\u0131n ve Kocaeli Valili\u011fi\u2019nin izniyle yap\u0131yoruz. Per\u015fembe g\u00fcn\u00fcnden itibaren ekme\u011fin kilogram fiyat\u0131 6.25 TL olacak \u015fekilde bir d\u00fczenleme yapt\u0131k. Buradaki zam oran\u0131 ise y\u00fczde 5 miktar\u0131ndad\u0131r. Y\u00fczde 5\u2019lik art\u0131\u015fla Per\u015fembe g\u00fcn\u00fcnden itibaren sat\u0131\u015flar\u0131m\u0131z ba\u015flayacak\u201d dedi.<\/p>\n<p>\u201cBu y\u00fczde 5\u2019lik zam oran\u0131 ile bu d\u00f6nemi atlataca\u011f\u0131z\u201d<\/p>\n<p>Giderlerinin artmas\u0131 ile ekmek fiyatlar\u0131na zam yap\u0131lmas\u0131n\u0131n zorunlu hale geldi\u011fini kaydeden Sar\u0131, \u201cBiz yakla\u015f\u0131k 5 ayd\u0131r bakanl\u0131\u011f\u0131n belirledi\u011fi kilogram fiyat\u0131n\u0131n alt\u0131nda, 5.95 TL\u2019den ekme\u011fin kilogram\u0131n\u0131 sat\u0131yorduk. Un, elektrik, do\u011fal gaz gibi  b\u00fct\u00fcn girdilerimizdeki art\u0131\u015ftan dolay\u0131 zam ka\u00e7\u0131n\u0131lmaz oldu. Biz de f\u0131r\u0131nc\u0131lar olarak zamm\u0131 istemiyoruz ama bir noktadan sonra gerekli oldu. \u015eu andaki y\u00fczde 5\u2019lik zam sadece bizim zarar\u0131m\u0131z\u0131 kar\u015f\u0131lar, kar etmemizi sa\u011flamaz. Ama biz \u00fclkenin ekonomik s\u0131k\u0131nt\u0131lar ya\u015fad\u0131\u011f\u0131 bir d\u00f6nemde f\u0131r\u0131nc\u0131lar olarak devletimizin yan\u0131nda oldu\u011fumuzu g\u00f6stermek ad\u0131na sadece zarar\u0131 kar\u015f\u0131lamak ad\u0131na b\u00f6yle bir zamla bu d\u00f6nemi ge\u00e7irelim d\u00fc\u015f\u00fcncesine vard\u0131k. \u0130n\u015fallah bu y\u00fczde 5\u2019lik zam oran\u0131 ile bu d\u00f6nemi atlataca\u011f\u0131z\u201d dedi.<\/p>\n<p>\u201cVatanda\u015f\u0131m\u0131za yakla\u015f\u0131k y\u00fczde 20 oran\u0131nda daha ucuz ekme\u011fi ula\u015ft\u0131rm\u0131\u015f olaca\u011f\u0131z\u201d<\/p>\n<p>Hayata ge\u00e7irilecek halk ekme\u011fi uygulamas\u0131 ile vatanda\u015flar\u0131n y\u00fczde 20 indirimli olarak ekme\u011fe ula\u015fabilece\u011fini belirten Sar\u0131, \u201cBiliyorsunuz yeni bir Kocaeli B\u00fcy\u00fck\u015fehir Belediye ba\u015fkan\u0131m\u0131z se\u00e7ildi. Yeni belediye ba\u015fkan\u0131m\u0131z\u0131n halk ekmek y\u00f6n\u00fcnde bir talebi oldu. Burada B\u00fcy\u00fckak\u0131n, vatanda\u015flar\u0131n halk ekme\u011fi ilgisine duyars\u0131z kalmad\u0131. Bunu yaparken de esnaf\u0131 kar\u015f\u0131s\u0131na almad\u0131. Kocaeli genelinde 500\u2019e yak\u0131n f\u0131r\u0131n var.  Bin 500 civar\u0131nda da ekmek sat\u0131\u015f\u0131 yapan bakkal ve b\u00fcfeler var. Bu esnaflar da d\u00fc\u015f\u00fcn\u00fclerek f\u0131r\u0131nc\u0131 ve di\u011fer esnaflar\u0131n da etkilenmeyece\u011fi bir halk ekme\u011fi uygulamas\u0131 yap\u0131l\u0131yor. Burada bizi toptan ve perakende sat\u0131\u015flar\u0131m\u0131z s\u0131ras\u0131nda arada olan fark direkt vatanda\u015f\u0131m\u0131z\u0131n cebine yans\u0131yacak. Bakkallara ve b\u00fcfelere yapt\u0131\u011f\u0131m\u0131z sat\u0131\u015f fiyat\u0131ndan vatanda\u015flar\u0131m\u0131z ekme\u011fi alacak. Kar g\u00fcd\u00fclmeden vatanda\u015f eme\u011fi alabilecek. 1.25 TL olan ekmek, halk ekme\u011fi uygulamas\u0131 ile 1 TL\u2019ye sat\u0131lacakt\u0131 ama ekme\u011fin gramaj\u0131nda ve fiyat\u0131nda yap\u0131lan art\u0131\u015fa g\u00f6re g\u00f6r\u00fc\u015f\u00fcp bir fiyat belirlemesi yapaca\u011f\u0131z. Vatanda\u015f\u0131m\u0131za yakla\u015f\u0131k y\u00fczde 20 oran\u0131nda daha ucuz ekme\u011fi ula\u015ft\u0131rm\u0131\u015f olaca\u011f\u0131z\u201d \u015fekline konu\u015ftu.<\/p>\n<p>Vatanda\u015flar yap\u0131lan zamma tepki g\u00f6sterdi<\/p>\n<p>\u00d6te yandan, vatanda\u015flar ise ekme\u011fe zam yap\u0131lmas\u0131na tepki g\u00f6sterdi. Bu t\u00fcr zamlar\u0131n vatanda\u015flar\u0131 maddi olarak etkiledi\u011fini kaydeden vatanda\u015flar, bu t\u00fcr zamlar\u0131n etik olmad\u0131\u011f\u0131n\u0131 s\u00f6ylediler. Temel g\u0131dalar\u0131n ba\u015f\u0131nda gelen ekme\u011fe zam yap\u0131lmamas\u0131 gerekti\u011fini belirten Nazmiye G\u00fcr, \u201cZam konusunda dokunulmamas\u0131 gereken \u015feye dokunu\u015flar. Her \u015feyde zam var, ekme\u011fe de mi zam geldi? Yaz\u0131k bu vatanda\u015flara. Kalabal\u0131k olmayan aileler, birka\u00e7 ekmek al\u0131yor ama 5-6 n\u00fcfuslu bir ailenin masraf\u0131 ne kadar katlanacak? \u00c7ok yaz\u0131k. Ben yap\u0131lan zamm\u0131 yad\u0131rgad\u0131m, k\u0131n\u0131yorum\u201d ifadelerini kulland\u0131.<\/p>\n","protected":false},"excerpt":{"rendered":"<p>KOCAEL\u0130\u2019DE ALINAN KARARLA EKME\u011eE Y\u00dcZDE 5 ORANINDA YAPILAN ZAMLA 280 GRAM EKMEK 1.75 TL\u2019DEN SATILACAK. VATANDA\u015eLAR YAPILAN ZAMMA TEPK\u0130 G\u00d6STER\u0130RKEN, Y\u00dcZDE 20\u2019YE YAKIN \u0130ND\u0130R\u0130M\u0130N OLACA\u011eI \u2018HALK EKME\u011e\u0130\u2019 UYGULAMASININ HAYATA GE\u00c7\u0130R\u0130LMES\u0130 BEKLEN\u0130YOR.<\/p>\n","protected":false},"author":1,"featured_media":190664,"comment_status":"closed","ping_status":"open","sticky":false,"template":"","format":"standard","meta":{"jetpack_post_was_ever_published":false,"_jetpack_newsletter_access":"","_jetpack_dont_email_post_to_subs":false,"_jetpack_newsletter_tier_id":0,"_jetpack_memberships_contains_paywalled_content":false,"_jetpack_memberships_contains_paid_content":false,"footnotes":"","jetpack_publicize_message":"","jetpack_publicize_feature_enabled":true,"jetpack_social_post_already_shared":true,"jetpack_social_options":{"image_generator_settings":{"template":"highway","default_image_id":0,"font":"","enabled":false},"version":2}},"categories":[1],"tags":[47646,25816,127,5089,3480,4652],"class_list":["post-190663","post","type-post","status-publish","format-standard","has-post-thumbnail","hentry","category-genel","tag-5lik","tag-ekmege","tag-geldi","tag-kocaelide","tag-yuzde","tag-zam"],"jetpack_publicize_connections":[],"jetpack_featured_media_url":"https:\/\/i0.wp.com\/www.tvturk.com\/wp-content\/uploads\/2019\/08\/kocaelide-ekmege-yuzde-5lik-zam-geldi_ca3a1e3.jpg?fit=1000%2C666","jetpack_sharing_enabled":true,"jetpack_shortlink":"https:\/\/wp.me\/paKIfm-NBd","_links":{"self":[{"href":"http:\/\/www.tvturk.com\/index.php\/wp-json\/wp\/v2\/posts\/190663","targetHints":{"allow":["GET"]}}],"collection":[{"href":"http:\/\/www.tvturk.com\/index.php\/wp-json\/wp\/v2\/posts"}],"about":[{"href":"http:\/\/www.tvturk.com\/index.php\/wp-json\/wp\/v2\/types\/post"}],"author":[{"embeddable":true,"href":"http:\/\/www.tvturk.com\/index.php\/wp-json\/wp\/v2\/users\/1"}],"replies":[{"embeddable":true,"href":"http:\/\/www.tvturk.com\/index.php\/wp-json\/wp\/v2\/comments?post=190663"}],"version-history":[{"count":0,"href":"http:\/\/www.tvturk.com\/index.php\/wp-json\/wp\/v2\/posts\/190663\/revisions"}],"wp:featuredmedia":[{"embeddable":true,"href":"http:\/\/www.tvturk.com\/index.php\/wp-json\/wp\/v2\/media\/190664"}],"wp:attachment":[{"href":"http:\/\/www.tvturk.com\/index.php\/wp-json\/wp\/v2\/media?parent=190663"}],"wp:term":[{"taxonomy":"category","embeddable":true,"href":"http:\/\/www.tvturk.com\/index.php\/wp-json\/wp\/v2\/categories?post=190663"},{"taxonomy":"post_tag","embeddable":true,"href":"http:\/\/www.tvturk.com\/index.php\/wp-json\/wp\/v2\/tags?post=190663"}],"curies":[{"name":"wp","href":"https:\/\/api.w.org\/{rel}","templated":true}]}}