{"id":190675,"date":"2019-08-06T11:02:04","date_gmt":"2019-08-06T08:02:04","guid":{"rendered":"http:\/\/www.tvturk.com\/index.php\/yarali-karaca-dogaya-salindi\/"},"modified":"2019-08-06T11:02:04","modified_gmt":"2019-08-06T08:02:04","slug":"yarali-karaca-dogaya-salindi","status":"publish","type":"post","link":"http:\/\/www.tvturk.com\/index.php\/yarali-karaca-dogaya-salindi\/","title":{"rendered":"Yaral\u0131 karaca do\u011faya sal\u0131nd\u0131"},"content":{"rendered":"<p>Artvin\u2019de, sokak k\u00f6peklerin sald\u0131r\u0131s\u0131 sonucu yaralanan karaca, Milli Parklar \u015eube M\u00fcd\u00fcrl\u00fc\u011f\u00fc ekiplerince tedavisinin tamamlanmas\u0131n\u0131n ard\u0131ndan yeniden do\u011faya sal\u0131nd\u0131.<\/p>\n<p>Edinilen bilgiye g\u00f6re, Artvin\u2019in Bor\u00e7ka il\u00e7esi Zorlu k\u00f6y\u00fcnde ormanl\u0131k alanda k\u00f6peklerin sald\u0131r\u0131s\u0131na u\u011frayarak yaralanan 3 ya\u015f\u0131ndaki di\u015fi karaca, vatanda\u015flar taraf\u0131ndan bulunarak Artvin Milli Parklar \u015eube M\u00fcd\u00fcrl\u00fc\u011f\u00fc\u2019ne teslim edildi. Tedavi alt\u0131na al\u0131nan ve yaralar\u0131 iyile\u015fen karaca, 16 g\u00fcn sonra bulundu\u011fu yerden yeniden do\u011faya sal\u0131nd\u0131.<\/p>\n","protected":false},"excerpt":{"rendered":"<p>ARTV\u0130N\u2019DE, SOKAK K\u00d6PEKLER\u0130N SALDIRISI SONUCU YARALANAN KARACA, M\u0130LL\u0130 PARKLAR \u015eUBE M\u00dcD\u00dcRL\u00dc\u011e\u00dc EK\u0130PLER\u0130NCE TEDAV\u0130S\u0130N\u0130N TAMAMLANMASININ ARDINDAN YEN\u0130DEN DO\u011eAYA SALINDI.<\/p>\n","protected":false},"author":1,"featured_media":190676,"comment_status":"closed","ping_status":"open","sticky":false,"template":"","format":"standard","meta":{"jetpack_post_was_ever_published":false,"_jetpack_newsletter_access":"","_jetpack_dont_email_post_to_subs":false,"_jetpack_newsletter_tier_id":0,"_jetpack_memberships_contains_paywalled_content":false,"_jetpack_memberships_contains_paid_content":false,"footnotes":"","jetpack_publicize_message":"","jetpack_publicize_feature_enabled":true,"jetpack_social_post_already_shared":true,"jetpack_social_options":{"image_generator_settings":{"template":"highway","default_image_id":0,"font":"","enabled":false},"version":2}},"categories":[1],"tags":[9206,238,16733,774],"class_list":["post-190675","post","type-post","status-publish","format-standard","has-post-thumbnail","hentry","category-genel","tag-dogaya","tag-karaca","tag-salindi","tag-yarali"],"jetpack_publicize_connections":[],"jetpack_featured_media_url":"https:\/\/i0.wp.com\/www.tvturk.com\/wp-content\/uploads\/2019\/08\/yarali-karaca-dogaya-salindi_d07da4a.jpg?fit=1000%2C666","jetpack_sharing_enabled":true,"jetpack_shortlink":"https:\/\/wp.me\/paKIfm-NBp","_links":{"self":[{"href":"http:\/\/www.tvturk.com\/index.php\/wp-json\/wp\/v2\/posts\/190675","targetHints":{"allow":["GET"]}}],"collection":[{"href":"http:\/\/www.tvturk.com\/index.php\/wp-json\/wp\/v2\/posts"}],"about":[{"href":"http:\/\/www.tvturk.com\/index.php\/wp-json\/wp\/v2\/types\/post"}],"author":[{"embeddable":true,"href":"http:\/\/www.tvturk.com\/index.php\/wp-json\/wp\/v2\/users\/1"}],"replies":[{"embeddable":true,"href":"http:\/\/www.tvturk.com\/index.php\/wp-json\/wp\/v2\/comments?post=190675"}],"version-history":[{"count":0,"href":"http:\/\/www.tvturk.com\/index.php\/wp-json\/wp\/v2\/posts\/190675\/revisions"}],"wp:featuredmedia":[{"embeddable":true,"href":"http:\/\/www.tvturk.com\/index.php\/wp-json\/wp\/v2\/media\/190676"}],"wp:attachment":[{"href":"http:\/\/www.tvturk.com\/index.php\/wp-json\/wp\/v2\/media?parent=190675"}],"wp:term":[{"taxonomy":"category","embeddable":true,"href":"http:\/\/www.tvturk.com\/index.php\/wp-json\/wp\/v2\/categories?post=190675"},{"taxonomy":"post_tag","embeddable":true,"href":"http:\/\/www.tvturk.com\/index.php\/wp-json\/wp\/v2\/tags?post=190675"}],"curies":[{"name":"wp","href":"https:\/\/api.w.org\/{rel}","templated":true}]}}