{"id":190721,"date":"2019-08-06T12:01:40","date_gmt":"2019-08-06T09:01:40","guid":{"rendered":"http:\/\/www.tvturk.com\/index.php\/petrol-ofisinden-gunes-enerjili-benzin-istasyonu\/"},"modified":"2019-08-06T12:01:40","modified_gmt":"2019-08-06T09:01:40","slug":"petrol-ofisinden-gunes-enerjili-benzin-istasyonu","status":"publish","type":"post","link":"http:\/\/www.tvturk.com\/index.php\/petrol-ofisinden-gunes-enerjili-benzin-istasyonu\/","title":{"rendered":"Petrol Ofisi\u2019nden g\u00fcne\u015f enerjili benzin istasyonu"},"content":{"rendered":"<p>T\u00fcrkiye\u2019nin \u00f6nemli akaryak\u0131t \u015firketlerinden Petrol Ofisi, solar \u00e7at\u0131s\u0131 ile g\u00fcne\u015f enerjili istasyonunu Bodrum Ortakent\u2019te hizmete soktu. 153 adet y\u00fcksek verimli g\u00fcne\u015f paneli bulunan bayinin solar sistemi 42,075 kWp kurulu g\u00fc\u00e7le, istasyonun t\u00fcm elektrik ihtiyac\u0131n\u0131n yakla\u015f\u0131k y\u00fczde 70\u2019ini kar\u015f\u0131layacak. Yakla\u015f\u0131k 30 evin senelik elektrik ihtiyac\u0131n\u0131 kar\u015f\u0131la\u015fabilecek kapasitedeki sistem ile y\u0131lda 180 a\u011fa\u00e7 kurtar\u0131lacak ve 32 ton karbon sal\u0131m\u0131 engellenecek.<\/p>\n<p>Petrol Ofisi\u2019nin ilk g\u00fcne\u015f enerjili istasyonu, Bodrum Ortakent\u2019te d\u00fczenlenen t\u00f6renle hizmete girdi. Petrol Ofisi bayisi Pa\u015fal\u0131lar Petrol\u2019\u00fcn ve Mustafa Pa\u015fal\u0131\u2019n\u0131n ev sahipli\u011finde ger\u00e7ekle\u015ftirilen t\u00f6rene Petrol Ofisi CEO\u2019su Selim \u015eiper, \u015firketin y\u00f6neticileri, projenin uygulamas\u0131n\u0131 yapan RM \u0130stanbul Y\u00f6netim Kurulu Ba\u015fkan\u0131 Mustafa Ak\u0131nc\u0131, Solar\u00e7at\u0131 CEO\u2019su Utku Y\u0131lmaz, Solar\u00e7at\u0131 y\u00f6neticileri ve Bodrum Kaymakam\u0131 Bekir Y\u0131lmaz da kat\u0131ld\u0131lar.<\/p>\n<p>\u0130stasyonun elektrik ihtiyac\u0131n\u0131n y\u00fczde 70\u2019ini kar\u015f\u0131l\u0131yor<\/p>\n<p>A\u00e7\u0131l\u0131\u015f\u0131 ger\u00e7ekle\u015ftirilen Petrol Ofisi istasyonunda, 275 Watt\u2019l\u0131k 153 adet y\u00fcksek verimli yerli \u00fcretim panel ve 2 adet invert\u00f6r kullan\u0131ld\u0131. Toplam 42,075 kWp\u2019l\u0131k kurulu g\u00fcce sahip istasyonda, y\u0131ll\u0131k 70.266 kWh\u2019l\u0131k elektrik \u00fcretilmesi bekleniyor. Kurulu sistem, istasyonun elektrik t\u00fcketiminin yakla\u015f\u0131k y\u00fczde 70\u2019ini kar\u015f\u0131l\u0131yor. \u0130stasyonda kurulu solar sistem ile, 30 dairelik bir site ya da k\u00fc\u00e7\u00fck bir soka\u011f\u0131n t\u00fcketimine e\u015fde\u011fer elektrik \u00fcretiliyor.<\/p>\n<p>\u00d6zellikleri ile T\u00fcrkiye\u2019de de ilklere imza at\u0131yor<\/p>\n<p>Yap\u0131lan bilgilendirmede; g\u00fcne\u015f enerjili istasyon, farkl\u0131 \u00f6zellikleri ile T\u00fcrkiye\u2019nin de baz\u0131 ilklerinden oldu\u011fu kaydedildi. Solar \u00e7at\u0131ya sahip istasyon, yeni y\u00f6netmelik kapsam\u0131nda \u00f6n kabul\u00fc yap\u0131larak, \u015febekeye elektrik sa\u011flayan istasyon; g\u00fcnd\u00fcz \u00fcretti\u011fi elektri\u011fi gece kullanabilme avantaj\u0131na da sahip.<\/p>\n<p>Y\u0131lda yakla\u015f\u0131k 30 evin elektrik ihtiyac\u0131 kar\u015f\u0131lanacak<\/p>\n<p>A\u00e7\u0131l\u0131\u015f\u0131 ger\u00e7ekle\u015ftirilen solar \u00e7at\u0131l\u0131 istasyonun, karbon ayak izinin azalt\u0131lmas\u0131na en g\u00fczel \u00f6rneklerden birini olu\u015fturdu\u011funu belirten Petrol Ofisi CEO\u2019su Selim \u015eiper, \u015f\u00f6yle konu\u015ftu:<\/p>\n<p>&#8220;Her \u015feyden \u00f6nce a\u00e7\u0131l\u0131\u015f\u0131n\u0131 ger\u00e7ekle\u015ftirdi\u011fimiz bu istasyon, Petrol Ofisi\u2019nin standartlar\u0131na, ruhuna yak\u0131\u015f\u0131r bir projeye imza atm\u0131\u015ft\u0131r. \u015eirket olarak biz i\u015fimizi en iyi, en kaliteli \u015fekilde yapan, \u00f6nc\u00fc, \u00f6rnek olan, ilklere imza atan bir \u015firketiz. Bunu bir anlamda 78 y\u0131ll\u0131k k\u00f6kl\u00fc bir gelene\u011fimizin, pazar ve sekt\u00f6r liderliklerimizden ald\u0131\u011f\u0131m\u0131z sorumlu\u011fun da bir eseri, miras\u0131 olarak g\u00f6r\u00fcyoruz. Bu istasyonumuz da, bayimiz Pa\u015fal\u0131lar Petrol de \u00e7ok do\u011fru, sadece \u015firket \u00e7at\u0131s\u0131 alt\u0131nda de\u011fil T\u00fcrkiye \u00e7ap\u0131nda ger\u00e7ekle\u015ftirdi\u011fi ilklerle de \u00f6rnek, alan\u0131nda \u00f6nc\u00fc bir proje geli\u015ftirmi\u015ftir. G\u00fcne\u015f enerjisi ile istasyonumuzda \u00fcretilen elektrikle, yakla\u015f\u0131k 30 evin 1 y\u0131ll\u0131k elektrik ihtiyac\u0131n\u0131n tamam\u0131n\u0131 kar\u015f\u0131lamaya yetiyor. Elde edilen bu yenilenebilir enerji ile y\u0131lda yakla\u015f\u0131k 180 a\u011fa\u00e7 kurtar\u0131l\u0131yor ve 32 ton karbon sal\u0131m\u0131n\u0131 engelleniyor.<\/p>\n<p>\u015eirket olarak, elektrikli ara\u00e7 teknolojilerini, geli\u015ftirdi\u011fimiz e-POwer ile destekliyoruz. Elektrikli ara\u00e7lar\u0131, ayr\u0131 ve \u00f6zg\u00fcn bir kanopi alt\u0131nda \u015farj imkan\u0131 sunuyoruz. e-POwer\u2019lar\u0131, \u015fehirleraras\u0131 karayollar\u0131n\u0131n belirli noktalardaki istasyonlar\u0131m\u0131za yerle\u015ftirerek, \u015farj ve menzil sorunlar\u0131 nedeniyle adeta \u015fehiri\u00e7lerinde s\u0131k\u0131\u015f\u0131p kalm\u0131\u015f elektrikli ara\u00e7lar\u0131 \u00f6zg\u00fcrle\u015ftirdik. \u015eimdi elektrikli ara\u00e7lar Petrol Ofisi kalite ve g\u00fcvencesi alt\u0131nda, \u0130zmir\u2019e, Antalya\u2019ya, Bodrum\u2019a, Ankara\u2019ya, Eski\u015fehir\u2019e, Bursa\u2019ya ve hatta \u0130psala\u2019ya dahi rahatl\u0131kla gidebiliyorlar. Keza, ge\u00e7ti\u011fimiz hafta da alan\u0131nda T\u00fcrkiye\u2019nin ilk ve \u00f6nc\u00fc projesi olan Yak\u0131t Emniyet Sistemi &#8211; YES\u2019in lansman\u0131n\u0131 ger\u00e7ekle\u015ftirdik. PO\/Gaz\u2019da yak\u0131t kalitesi ve tam dolum konular\u0131nda y\u00fczde 100 garanti sunan YES ile t\u00fcm d\u00fcnyada \u2018temiz enerji\u2019 olarak kabul edilen LPG\u2019nin yani otogaz\u0131n kullan\u0131m\u0131n\u0131 destekliyor, yayg\u0131nla\u015ft\u0131rmay\u0131 hedefliyoruz. Bu ad\u0131mlar\u0131 att\u0131\u011f\u0131m\u0131z d\u00f6nemde ger\u00e7ekle\u015fen bu proje, bizler i\u00e7in ayr\u0131 bir anlam ve \u00f6nem ta\u015f\u0131yor, \u015firketimizin bu yakla\u015f\u0131m\u0131n\u0131 en g\u00fczel \u015fekilde yans\u0131t\u0131yor&#8221; dedi.<\/p>\n<p>&#8220;Kapasitemiz, bir sitenin ya da k\u00fc\u00e7\u00fck bir soka\u011f\u0131n elektrik ihtiyac\u0131na e\u015fde\u011fer&#8221;<\/p>\n<p>\u0130stasyonun sahibi Mustafa Pa\u015fal\u0131 da &#8220;Ta\u015f\u0131d\u0131\u011f\u0131m\u0131z bu sorumlulukla t\u00fcm ad\u0131mlar\u0131m\u0131z\u0131, Pa\u015fal\u0131lar Petrol\u2019e ve Petrol Ofisi\u2019ne yak\u0131\u015f\u0131r \u015fekilde atmaya \u00f6zen g\u00f6steriyoruz. G\u00fcne\u015f enerjisi projemizde de, ayn\u0131 \u00f6zen ve titizlikle hareket ettik, en iyisini, en idealini hedefledik. Projemizde, yeni nesil daha verimli ve \u00f6ncelikle yerli \u00fcretim teknolojileri tercih ettik. Bug\u00fcn kurdu\u011fumuz g\u00fcne\u015f enerjisi sistemi ile istasyonumuzun elektrik ihtiyac\u0131n\u0131n b\u00fcy\u00fck b\u00f6l\u00fcm\u00fcn\u00fc, y\u00fczde 70\u2019ini kar\u015f\u0131layabiliyoruz. Kapasitemiz, bir sitenin ya da k\u00fc\u00e7\u00fck bir soka\u011f\u0131n elektrik ihtiyac\u0131na e\u015fde\u011fer\u201d \u015feklinde konu\u015ftu.<\/p>\n","protected":false},"excerpt":{"rendered":"<p>T\u00dcRK\u0130YE\u2019N\u0130N \u00d6NEML\u0130 AKARYAKIT \u015e\u0130RKETLER\u0130NDEN PETROL OF\u0130S\u0130, SOLAR \u00c7ATISI \u0130LE G\u00dcNE\u015e ENERJ\u0130L\u0130 \u0130STASYONUNU BODRUM ORTAKENT\u2019TE H\u0130ZMETE SOKTU<\/p>\n","protected":false},"author":1,"featured_media":190722,"comment_status":"closed","ping_status":"open","sticky":false,"template":"","format":"standard","meta":{"jetpack_post_was_ever_published":false,"_jetpack_newsletter_access":"","_jetpack_dont_email_post_to_subs":false,"_jetpack_newsletter_tier_id":0,"_jetpack_memberships_contains_paywalled_content":false,"_jetpack_memberships_contains_paid_content":false,"footnotes":"","jetpack_publicize_message":"","jetpack_publicize_feature_enabled":true,"jetpack_social_post_already_shared":true,"jetpack_social_options":{"image_generator_settings":{"template":"highway","default_image_id":0,"font":"","enabled":false},"version":2}},"categories":[19],"tags":[10854,34490,1386,9498,47665,19515],"class_list":["post-190721","post","type-post","status-publish","format-standard","has-post-thumbnail","hentry","category-ekonomi","tag-benzin","tag-enerjili","tag-gunes","tag-istasyonu","tag-ofisinden","tag-petrol"],"jetpack_publicize_connections":[],"jetpack_featured_media_url":"https:\/\/i0.wp.com\/www.tvturk.com\/wp-content\/uploads\/2019\/08\/petrol-ofisinden-gunes-enerjili-benzin-istasyonu_340bcb6.jpg?fit=1000%2C749","jetpack_sharing_enabled":true,"jetpack_shortlink":"https:\/\/wp.me\/paKIfm-NC9","_links":{"self":[{"href":"http:\/\/www.tvturk.com\/index.php\/wp-json\/wp\/v2\/posts\/190721","targetHints":{"allow":["GET"]}}],"collection":[{"href":"http:\/\/www.tvturk.com\/index.php\/wp-json\/wp\/v2\/posts"}],"about":[{"href":"http:\/\/www.tvturk.com\/index.php\/wp-json\/wp\/v2\/types\/post"}],"author":[{"embeddable":true,"href":"http:\/\/www.tvturk.com\/index.php\/wp-json\/wp\/v2\/users\/1"}],"replies":[{"embeddable":true,"href":"http:\/\/www.tvturk.com\/index.php\/wp-json\/wp\/v2\/comments?post=190721"}],"version-history":[{"count":0,"href":"http:\/\/www.tvturk.com\/index.php\/wp-json\/wp\/v2\/posts\/190721\/revisions"}],"wp:featuredmedia":[{"embeddable":true,"href":"http:\/\/www.tvturk.com\/index.php\/wp-json\/wp\/v2\/media\/190722"}],"wp:attachment":[{"href":"http:\/\/www.tvturk.com\/index.php\/wp-json\/wp\/v2\/media?parent=190721"}],"wp:term":[{"taxonomy":"category","embeddable":true,"href":"http:\/\/www.tvturk.com\/index.php\/wp-json\/wp\/v2\/categories?post=190721"},{"taxonomy":"post_tag","embeddable":true,"href":"http:\/\/www.tvturk.com\/index.php\/wp-json\/wp\/v2\/tags?post=190721"}],"curies":[{"name":"wp","href":"https:\/\/api.w.org\/{rel}","templated":true}]}}