{"id":190725,"date":"2019-08-06T12:01:58","date_gmt":"2019-08-06T09:01:58","guid":{"rendered":"http:\/\/www.tvturk.com\/index.php\/calistigi-fabrikada-elini-makineye-kaptiran-kadin-isci-yaralandi\/"},"modified":"2019-08-06T12:01:58","modified_gmt":"2019-08-06T09:01:58","slug":"calistigi-fabrikada-elini-makineye-kaptiran-kadin-isci-yaralandi","status":"publish","type":"post","link":"http:\/\/www.tvturk.com\/index.php\/calistigi-fabrikada-elini-makineye-kaptiran-kadin-isci-yaralandi\/","title":{"rendered":"\u00c7al\u0131\u015ft\u0131\u011f\u0131 fabrikada elini makineye kapt\u0131ran kad\u0131n i\u015f\u00e7i yaraland\u0131"},"content":{"rendered":"<p>Bilecik\u2019te bir lastik fabrikas\u0131nda elini makineye kapt\u0131ran kad\u0131n i\u015f\u00e7i yaraland\u0131.<\/p>\n<p>Al\u0131nan bilgilere g\u00f6re; Bilecik 1. Organize Sanayi B\u00f6lgesi Ata Bulvar\u0131 \u00fczerinde faaliyet g\u00f6steren bir lastik fabrikas\u0131nda \u00e7al\u0131\u015fan G\u00fcls\u00fcm G. (42), d\u00fcnk\u00fc 16:00-24:00 vardiyas\u0131nda \u00e7al\u0131\u015ft\u0131\u011f\u0131 esnada motosiklet lasti\u011fi yap\u0131m\u0131na yarayan lastik imar makinesine elini kapt\u0131rd\u0131. Kad\u0131n\u0131n yard\u0131m\u0131na di\u011fer \u00e7al\u0131\u015fanlar yeti\u015firken, yaral\u0131 kad\u0131n olay yerine gelen 112 Acil Servis ekiplerince yap\u0131lan ilk m\u00fcdahalenin ard\u0131ndan Bilecik Devlet Hastanesine kald\u0131r\u0131ld\u0131. Yaral\u0131 kad\u0131n\u0131n sa\u011fl\u0131k durumunun iyi oldu\u011fu belirtilirken, makineye kapt\u0131rd\u0131\u011f\u0131 elinde k\u0131r\u0131klar oldu\u011fu \u00f6\u011frenildi.<\/p>\n","protected":false},"excerpt":{"rendered":"<p>\u00c7ALI\u015eTI\u011eI FABR\u0130KADA EL\u0130N\u0130 MAK\u0130NEYE KAPTIRAN KADIN YARALANDI<\/p>\n","protected":false},"author":1,"featured_media":190726,"comment_status":"closed","ping_status":"open","sticky":false,"template":"","format":"standard","meta":{"jetpack_post_was_ever_published":false,"_jetpack_newsletter_access":"","_jetpack_dont_email_post_to_subs":false,"_jetpack_newsletter_tier_id":0,"_jetpack_memberships_contains_paywalled_content":false,"_jetpack_memberships_contains_paid_content":false,"footnotes":"","jetpack_publicize_message":"","jetpack_publicize_feature_enabled":true,"jetpack_social_post_already_shared":true,"jetpack_social_options":{"image_generator_settings":{"template":"highway","default_image_id":0,"font":"","enabled":false},"version":2}},"categories":[1],"tags":[17949,16845,16573,1030,108,47667,47666,6701],"class_list":["post-190725","post","type-post","status-publish","format-standard","has-post-thumbnail","hentry","category-genel","tag-calistigi","tag-elini","tag-fabrikada","tag-isci","tag-kadin","tag-kaptiran","tag-makineye","tag-yaralandi"],"jetpack_publicize_connections":[],"jetpack_featured_media_url":"https:\/\/i0.wp.com\/www.tvturk.com\/wp-content\/uploads\/2019\/08\/calistigi-fabrikada-elini-makineye-kaptiran-kadin-isci-yaralandi_2513d5f.jpg?fit=1000%2C750","jetpack_sharing_enabled":true,"jetpack_shortlink":"https:\/\/wp.me\/paKIfm-NCd","_links":{"self":[{"href":"http:\/\/www.tvturk.com\/index.php\/wp-json\/wp\/v2\/posts\/190725","targetHints":{"allow":["GET"]}}],"collection":[{"href":"http:\/\/www.tvturk.com\/index.php\/wp-json\/wp\/v2\/posts"}],"about":[{"href":"http:\/\/www.tvturk.com\/index.php\/wp-json\/wp\/v2\/types\/post"}],"author":[{"embeddable":true,"href":"http:\/\/www.tvturk.com\/index.php\/wp-json\/wp\/v2\/users\/1"}],"replies":[{"embeddable":true,"href":"http:\/\/www.tvturk.com\/index.php\/wp-json\/wp\/v2\/comments?post=190725"}],"version-history":[{"count":0,"href":"http:\/\/www.tvturk.com\/index.php\/wp-json\/wp\/v2\/posts\/190725\/revisions"}],"wp:featuredmedia":[{"embeddable":true,"href":"http:\/\/www.tvturk.com\/index.php\/wp-json\/wp\/v2\/media\/190726"}],"wp:attachment":[{"href":"http:\/\/www.tvturk.com\/index.php\/wp-json\/wp\/v2\/media?parent=190725"}],"wp:term":[{"taxonomy":"category","embeddable":true,"href":"http:\/\/www.tvturk.com\/index.php\/wp-json\/wp\/v2\/categories?post=190725"},{"taxonomy":"post_tag","embeddable":true,"href":"http:\/\/www.tvturk.com\/index.php\/wp-json\/wp\/v2\/tags?post=190725"}],"curies":[{"name":"wp","href":"https:\/\/api.w.org\/{rel}","templated":true}]}}