{"id":190729,"date":"2019-08-06T12:02:32","date_gmt":"2019-08-06T09:02:32","guid":{"rendered":"http:\/\/www.tvturk.com\/index.php\/fenerbahce-bekoda-sinan-guler-ile-yollar-ayrildi\/"},"modified":"2019-08-06T12:02:32","modified_gmt":"2019-08-06T09:02:32","slug":"fenerbahce-bekoda-sinan-guler-ile-yollar-ayrildi","status":"publish","type":"post","link":"http:\/\/www.tvturk.com\/index.php\/fenerbahce-bekoda-sinan-guler-ile-yollar-ayrildi\/","title":{"rendered":"Fenerbah\u00e7e Beko\u2019da Sinan G\u00fcler ile yollar ayr\u0131ld\u0131"},"content":{"rendered":"<p>Fenerbah\u00e7e Beko, 35 ya\u015f\u0131ndaki tecr\u00fcbeli basketbolcu Sinan G\u00fcler ile yollar\u0131 kar\u015f\u0131l\u0131kl\u0131 anla\u015farak ay\u0131rd\u0131.<\/p>\n<p>Sar\u0131-lacivertli kul\u00fcpten yap\u0131lan a\u00e7\u0131klamada, &#8220;Yeni sezon kadro yap\u0131lanmas\u0131 \u00e7al\u0131\u015fmalar\u0131n\u0131 s\u00fcrd\u00fcren Fenerbah\u00e7e Beko, Sinan G\u00fcler ile kar\u015f\u0131l\u0131kl\u0131 olarak anla\u015fm\u0131\u015f ve taraflar aras\u0131ndaki s\u00f6zle\u015fmenin \u00fc\u00e7\u00fcnc\u00fc y\u0131l opsiyonunun kullan\u0131lmamas\u0131 karar\u0131 al\u0131nm\u0131\u015ft\u0131r. Fenerbah\u00e7e Beko\u2019ya 2017-2018 sezonunda transfer olan Sinan G\u00fcler, formam\u0131z\u0131 giydi\u011fi iki sezon boyunca yetene\u011fi, tecr\u00fcbesi ve karakteriyle tak\u0131m\u0131m\u0131za \u00f6nemli katk\u0131lar sa\u011flam\u0131\u015ft\u0131r. \u00c7ubuklu formaya en iyi \u015fekilde hizmet eden Sinan G\u00fcler\u2019e, kariyerinin yeni d\u00f6neminde sonsuz ba\u015far\u0131lar diliyoruz&#8221; denildi.<\/p>\n","protected":false},"excerpt":{"rendered":"<p>FENERBAH\u00c7E BEKO, 35 YA\u015eINDAK\u0130 TECR\u00dcBEL\u0130 BASKETBOLCU S\u0130NAN G\u00dcLER \u0130LE YOLLARI KAR\u015eILIKLI ANLA\u015eARAK AYIRDI.<\/p>\n","protected":false},"author":1,"featured_media":190730,"comment_status":"closed","ping_status":"open","sticky":false,"template":"","format":"standard","meta":{"jetpack_post_was_ever_published":false,"_jetpack_newsletter_access":"","_jetpack_dont_email_post_to_subs":false,"_jetpack_newsletter_tier_id":0,"_jetpack_memberships_contains_paywalled_content":false,"_jetpack_memberships_contains_paid_content":false,"footnotes":"","jetpack_publicize_message":"","jetpack_publicize_feature_enabled":true,"jetpack_social_post_already_shared":true,"jetpack_social_options":{"image_generator_settings":{"template":"highway","default_image_id":0,"font":"","enabled":false},"version":2}},"categories":[657],"tags":[3001,4847,30022,2626,113,192,13287],"class_list":["post-190729","post","type-post","status-publish","format-standard","has-post-thumbnail","hentry","category-spor","tag-yollar","tag-ayrildi","tag-bekoda","tag-fenerbahce","tag-guler","tag-ile","tag-sinan"],"jetpack_publicize_connections":[],"jetpack_featured_media_url":"https:\/\/i0.wp.com\/www.tvturk.com\/wp-content\/uploads\/2019\/08\/fenerbahce-bekoda-sinan-guler-ile-yollar-ayrildi_d5b6db8.jpg?fit=1000%2C618","jetpack_sharing_enabled":true,"jetpack_shortlink":"https:\/\/wp.me\/paKIfm-NCh","_links":{"self":[{"href":"http:\/\/www.tvturk.com\/index.php\/wp-json\/wp\/v2\/posts\/190729","targetHints":{"allow":["GET"]}}],"collection":[{"href":"http:\/\/www.tvturk.com\/index.php\/wp-json\/wp\/v2\/posts"}],"about":[{"href":"http:\/\/www.tvturk.com\/index.php\/wp-json\/wp\/v2\/types\/post"}],"author":[{"embeddable":true,"href":"http:\/\/www.tvturk.com\/index.php\/wp-json\/wp\/v2\/users\/1"}],"replies":[{"embeddable":true,"href":"http:\/\/www.tvturk.com\/index.php\/wp-json\/wp\/v2\/comments?post=190729"}],"version-history":[{"count":0,"href":"http:\/\/www.tvturk.com\/index.php\/wp-json\/wp\/v2\/posts\/190729\/revisions"}],"wp:featuredmedia":[{"embeddable":true,"href":"http:\/\/www.tvturk.com\/index.php\/wp-json\/wp\/v2\/media\/190730"}],"wp:attachment":[{"href":"http:\/\/www.tvturk.com\/index.php\/wp-json\/wp\/v2\/media?parent=190729"}],"wp:term":[{"taxonomy":"category","embeddable":true,"href":"http:\/\/www.tvturk.com\/index.php\/wp-json\/wp\/v2\/categories?post=190729"},{"taxonomy":"post_tag","embeddable":true,"href":"http:\/\/www.tvturk.com\/index.php\/wp-json\/wp\/v2\/tags?post=190729"}],"curies":[{"name":"wp","href":"https:\/\/api.w.org\/{rel}","templated":true}]}}