{"id":190743,"date":"2019-08-06T12:31:58","date_gmt":"2019-08-06T09:31:58","guid":{"rendered":"http:\/\/www.tvturk.com\/index.php\/medeniyetler-sehrinde-turizm-bereketi\/"},"modified":"2019-08-06T12:31:58","modified_gmt":"2019-08-06T09:31:58","slug":"medeniyetler-sehrinde-turizm-bereketi","status":"publish","type":"post","link":"http:\/\/www.tvturk.com\/index.php\/medeniyetler-sehrinde-turizm-bereketi\/","title":{"rendered":"\u2018Medeniyetler \u015fehrinde turizm bereketi"},"content":{"rendered":"<p>K\u00fclt\u00fcr turizminin yan\u0131 s\u0131ra \u00f6nemli inan\u00e7 merkezlerinden biri olan ve 2019\u2019un \u2019G\u00f6beklitepe Y\u0131l\u0131\u2019 ilan edilmesiyle turist yo\u011funlu\u011fu ya\u015fanan \u015eanl\u0131urfa, Kurban Bayram\u0131 tatilinde de ziyaret\u00e7ilerini a\u011f\u0131rlamaya haz\u0131rlan\u0131yor.<\/p>\n<p>UNESCO D\u00fcnya Miras\u0131 Kal\u0131c\u0131 Listesi\u2019ne girmesi ve 2019\u2019un Cumhurba\u015fkan\u0131 Recep Tayyip Erdo\u011fan taraf\u0131ndan \u2019G\u00f6beklitepe Y\u0131l\u0131\u2019 ilan edilmesinin ard\u0131ndan yerli ve yabanc\u0131 turistlerin ak\u0131n\u0131na u\u011frayan \u015eanl\u0131urfa\u2019da otellerde doluluk oran\u0131 y\u00fczde 75 seviyelerine ula\u015ft\u0131. 12 bin y\u0131ll\u0131k ge\u00e7mi\u015fi ile d\u00fcnyan\u0131n bilinen en eski tap\u0131na\u011f\u0131 olarak kabul edilen G\u00f6beklitepe\u2019yi gezen yerli ve yabanc\u0131 turistler, daha sonra kentin simgesi olan Bal\u0131kl\u0131g\u00f6l Platosu\u2019nda manevi atmosferi teneff\u00fcs ediyor. Hazreti \u0130brahim ve daha bir\u00e7ok peygambere ev sahipli\u011fi yapan kent \u2019peygamberler \u015fehri\u2019 diye adland\u0131r\u0131l\u0131rken, d\u00fcnyan\u0131n \u00f6nemli inan\u00e7 merkezlerinden biri olarak kabul ediliyor.  \u015eehirde en fazla ilgiyi ise Hazreti \u0130brahim\u2019in do\u011fdu\u011fu ve d\u00f6nemin h\u00fck\u00fcmdar\u0131 Nemrut taraf\u0131ndan ate\u015fe at\u0131ld\u0131\u011f\u0131 yer olarak rivayet edilen Bal\u0131kl\u0131g\u00f6l g\u00f6r\u00fcyor. Yerli ve yabanc\u0131 turistler, burada kutsal oldu\u011funa inan\u0131lan bal\u0131klara yem at\u0131p, hat\u0131ra foto\u011fraf\u0131 \u00e7ektiriyor.<\/p>\n<p>Otel m\u00fcd\u00fcr\u00fc Mehmet Alata\u015f, \u201c2019 y\u0131l\u0131nda turizm daha \u00e7ok canland\u0131. 2019\u2019un G\u00f6beklitepe Y\u0131l\u0131 ilan edilmesiyle beraber bu etki daha da art\u0131. G\u00f6bekitepe Y\u0131l\u0131 olmas\u0131 nedeniyle T\u00fcrkiye ve d\u00fcnyada \u00e7ok b\u00fcy\u00fck etki olu\u015fturdu. Otel olarak bu etkisini bize d\u00f6n\u00fc\u015f\u00fc verimli oldu. G\u00f6beklitepe Y\u0131l\u0131 ilan edilmesi sadece \u015eanl\u0131urfa\u2019y\u0131 de\u011fil b\u00fct\u00fcn b\u00f6lgede etkisini g\u00f6sterdi. B\u00f6lgeye gelen turistler bir\u00e7ok yeri gezmek istiyor. T\u00fcrkiye\u2019de ter\u00f6r eylemi olmad\u0131\u011f\u0131 s\u00fcrece, b\u00f6lgede hi\u00e7bir zaman s\u0131k\u0131nt\u0131 ya\u015fanmaz. Ter\u00f6r eylemimin olmamas\u0131, turizmin iyiye gitti\u011finin bir g\u00f6stergesidir. Turizm gelecek vadetmesi de bizim i\u00e7in \u00e7ok \u00f6nemlidir. 2019 y\u0131l\u0131nda otellerde doluluk oran\u0131 iyi bir \u015fekilde yans\u0131d\u0131. Sonbahar mevsimine bakt\u0131\u011f\u0131m\u0131zda bu dolulu\u011fu \u015fimdiden g\u00f6rebiliriz. Otellerde \u015fimdiden y\u00fczde 75\u2019lik bir seviyeye \u015fimdiden ula\u015ft\u0131k. Gelecek olan yerli ve yabanc\u0131 turistlerin \u00f6nceden rezervasyon yapmalar\u0131nda fayda var. B\u00f6lgenin tamam\u0131nda turizm yo\u011funlu\u011fu ya\u015fan\u0131yor\u201d diye konu\u015ftu.<\/p>\n","protected":false},"excerpt":{"rendered":"<p>2019&#8217;UN &#8216;G\u00d6BEKL\u0130TEPE YILI&#8217; \u0130LAN ED\u0130LMES\u0130YLE TUR\u0130ST YO\u011eUNLU\u011eU YA\u015eANAN \u015eANLIURFA, KURBAN BAYRAMI TAT\u0130L\u0130NDE DE Z\u0130YARET\u00c7\u0130LER\u0130N\u0130 A\u011eIRLAMAYA HAZIRLANIYOR.<\/p>\n","protected":false},"author":1,"featured_media":190744,"comment_status":"closed","ping_status":"open","sticky":false,"template":"","format":"standard","meta":{"jetpack_post_was_ever_published":false,"_jetpack_newsletter_access":"","_jetpack_dont_email_post_to_subs":false,"_jetpack_newsletter_tier_id":0,"_jetpack_memberships_contains_paywalled_content":false,"_jetpack_memberships_contains_paid_content":false,"footnotes":"","jetpack_publicize_message":"","jetpack_publicize_feature_enabled":true,"jetpack_social_post_already_shared":true,"jetpack_social_options":{"image_generator_settings":{"template":"highway","default_image_id":0,"font":"","enabled":false},"version":2}},"categories":[1],"tags":[1593,10265,25361,2184],"class_list":["post-190743","post","type-post","status-publish","format-standard","has-post-thumbnail","hentry","category-genel","tag-bereketi","tag-medeniyetler","tag-sehrinde","tag-turizm"],"jetpack_publicize_connections":[],"jetpack_featured_media_url":"https:\/\/i0.wp.com\/www.tvturk.com\/wp-content\/uploads\/2019\/08\/medeniyetler-sehrinde-turizm-bereketi_8fde58a.jpg?fit=1000%2C666","jetpack_sharing_enabled":true,"jetpack_shortlink":"https:\/\/wp.me\/paKIfm-NCv","_links":{"self":[{"href":"http:\/\/www.tvturk.com\/index.php\/wp-json\/wp\/v2\/posts\/190743","targetHints":{"allow":["GET"]}}],"collection":[{"href":"http:\/\/www.tvturk.com\/index.php\/wp-json\/wp\/v2\/posts"}],"about":[{"href":"http:\/\/www.tvturk.com\/index.php\/wp-json\/wp\/v2\/types\/post"}],"author":[{"embeddable":true,"href":"http:\/\/www.tvturk.com\/index.php\/wp-json\/wp\/v2\/users\/1"}],"replies":[{"embeddable":true,"href":"http:\/\/www.tvturk.com\/index.php\/wp-json\/wp\/v2\/comments?post=190743"}],"version-history":[{"count":0,"href":"http:\/\/www.tvturk.com\/index.php\/wp-json\/wp\/v2\/posts\/190743\/revisions"}],"wp:featuredmedia":[{"embeddable":true,"href":"http:\/\/www.tvturk.com\/index.php\/wp-json\/wp\/v2\/media\/190744"}],"wp:attachment":[{"href":"http:\/\/www.tvturk.com\/index.php\/wp-json\/wp\/v2\/media?parent=190743"}],"wp:term":[{"taxonomy":"category","embeddable":true,"href":"http:\/\/www.tvturk.com\/index.php\/wp-json\/wp\/v2\/categories?post=190743"},{"taxonomy":"post_tag","embeddable":true,"href":"http:\/\/www.tvturk.com\/index.php\/wp-json\/wp\/v2\/tags?post=190743"}],"curies":[{"name":"wp","href":"https:\/\/api.w.org\/{rel}","templated":true}]}}