{"id":190745,"date":"2019-08-06T12:32:03","date_gmt":"2019-08-06T09:32:03","guid":{"rendered":"http:\/\/www.tvturk.com\/index.php\/ogrencilerden-turkiye-deniz-canlilari-muzesine-ziyaret\/"},"modified":"2019-08-06T12:32:03","modified_gmt":"2019-08-06T09:32:03","slug":"ogrencilerden-turkiye-deniz-canlilari-muzesine-ziyaret","status":"publish","type":"post","link":"http:\/\/www.tvturk.com\/index.php\/ogrencilerden-turkiye-deniz-canlilari-muzesine-ziyaret\/","title":{"rendered":"\u00d6\u011frencilerden, T\u00fcrkiye Deniz Canl\u0131lar\u0131 M\u00fczesi\u2019ne ziyaret"},"content":{"rendered":"<p>\u00d6\u011frenciler, Beylikd\u00fcz\u00fc\u2019nde yar\u0131m as\u0131rl\u0131k bal\u0131k\u00e7\u0131 Kenan Balc\u0131 taraf\u0131ndan kurulan T\u00fcrkiye Deniz Canl\u0131lar\u0131 M\u00fczesi\u2019ni ziyaret etti.<\/p>\n<p>T\u00fcrkiye Deniz Canl\u0131lar\u0131 M\u00fczesi\u2019ne \u00f6zellikle \u00f6\u011frenciler taraf\u0131ndan yo\u011fun ilgi g\u00f6steriliyor. Beylikd\u00fcz\u00fc\u2019ndeki yaz Kur\u2019an kursu \u00f6\u011frencileri de yar\u0131m as\u0131rl\u0131k Bal\u0131k\u00e7\u0131 Kenan Balc\u0131 taraf\u0131ndan kurulan m\u00fczeyi gezerek y\u00fczlerce \u00e7e\u015fit bal\u0131\u011f\u0131 mumyalanm\u0131\u015f halde g\u00f6rme imkan\u0131 buldu. Bol bol hat\u0131ra foto\u011fraf\u0131 \u00e7ektiren \u00e7ocuklara Balc\u0131 taraf\u0131ndan \u00e7e\u015fitli bilgiler verildi. \u00d6\u011frenciler ayr\u0131ca k\u00fcmes hayvanlar\u0131n\u0131 da elleriyle besleme imkan\u0131 buldu. M\u00fczedeki bilgilendirme s\u0131ras\u0131nda 13 ya\u015f\u0131ndaki \u00f6\u011frenci Bilal Ayd\u0131n\u2019\u0131n denizlerdeki canl\u0131 t\u00fcrlerinin yok olmas\u0131yla ilgili Balc\u0131\u2019ya sordu\u011fu dikkat \u00e7ekti. Bilal Ayd\u0131n, deniz canl\u0131lar\u0131 t\u00fcrlerinin neden yok olmas\u0131yla ilgili olarak, \u201cD\u00fcnya da ve T\u00fcrkiye\u2019de bir s\u00fcr\u00fc canl\u0131 \u00e7e\u015fidi var. Bunlar  her ge\u00e7en g\u00fcn \u00f6l\u00fcyor. Bunlar\u0131 korumam\u0131z laz\u0131m bunun hakk\u0131nda ne d\u00fc\u015f\u00fcn\u00fcyorsunuz diye sordum. Her elimize gelen \u00fcr\u00fcn\u00fc denizlere  at\u0131yoruz. \u00c7evre kirlili\u011fi yap\u0131yoruz. Bunlar\u0131 yapmamam\u0131z laz\u0131m. Bal\u0131klar bizim i\u00e7in \u00e7ok \u00f6nemli. Burada m\u00fczede bir s\u00fcr\u00fc canl\u0131 var. Hayat\u0131m\u0131zda belki de bal\u0131klar\u0131 hi\u00e7 \u00f6\u011frenemeyecektik. D\u00fcnyada her bir canl\u0131n\u0131n oldu\u011fu gibi bal\u0131klar\u0131n da bir g\u00f6revi var. Bunlar\u0131 e\u011fer g\u00f6revsiz b\u0131rak\u0131rsak d\u00fcnyam\u0131z \u00e7\u00f6pl\u00fc\u011fe d\u00f6ner\u201d dedi.<\/p>\n<p>\u00d6\u011frencilerden Muhammet Yasin ise m\u00fczeyi gezerek deniz canl\u0131lar\u0131 t\u00fcrlerini \u00f6\u011frendiklerini ifade etti.<\/p>\n<p>Kendi kurdu\u011fu m\u00fczede herkesi \u00fccretsiz olarak a\u011f\u0131rlad\u0131\u011f\u0131n\u0131 ifade eden Bal\u0131k\u00e7\u0131 Kenan Balc\u0131, denizlerin insanlar taraf\u0131ndan kirletilmesinden dolay\u0131 canl\u0131 t\u00fcrlerinin azald\u0131\u011f\u0131n\u0131 s\u00f6yleyerek, \u201c T\u00fcrkiye deniz canl\u0131lar\u0131 m\u00fczesini ziyarete geldiler. Herkes \u00e7ok mutlu, heyecanl\u0131lar. Hat\u0131ra foto\u011fraflar\u0131 \u00e7ektirdiler. Yanl\u0131\u015f avc\u0131l\u0131k ve kirlilik denizlerdeki canl\u0131 t\u00fcrlerinin yok olmas\u0131na neden oluyor. Hamsiler \u00e7ok k\u00fc\u00e7\u00fck bal\u0131klar\u0131m\u0131z. K\u00fc\u00e7\u00fck bal\u0131klar b\u00fcy\u00fck bal\u0131klar\u0131 davet eder. K\u00fc\u00e7\u00fck bal\u0131\u011f\u0131n olmad\u0131\u011f\u0131 yere de b\u00fcy\u00fck bal\u0131k gelmez. Onun i\u00e7in hamsi, \u0130stavrit \u00e7ok de\u011ferli bal\u0131\u011f\u0131m\u0131z.\u201d \u015feklinde konu\u015ftu.<\/p>\n","protected":false},"excerpt":{"rendered":"<p>\u00d6\u011eRENC\u0130LER, BEYL\u0130KD\u00dcZ\u00dc\u2019NDE YARIM ASIRLIK BALIK\u00c7I KENAN BALCI TARAFINDAN KURULAN T\u00dcRK\u0130YE DEN\u0130Z CANLILARI M\u00dcZES\u0130\u2019N\u0130 Z\u0130YARET ETT\u0130.<\/p>\n","protected":false},"author":1,"featured_media":190746,"comment_status":"closed","ping_status":"open","sticky":false,"template":"","format":"standard","meta":{"jetpack_post_was_ever_published":false,"_jetpack_newsletter_access":"","_jetpack_dont_email_post_to_subs":false,"_jetpack_newsletter_tier_id":0,"_jetpack_memberships_contains_paywalled_content":false,"_jetpack_memberships_contains_paid_content":false,"footnotes":"","jetpack_publicize_message":"","jetpack_publicize_feature_enabled":true,"jetpack_social_post_already_shared":true,"jetpack_social_options":{"image_generator_settings":{"template":"highway","default_image_id":0,"font":"","enabled":false},"version":2}},"categories":[1],"tags":[1099,1471,6264,3174,453,150],"class_list":["post-190745","post","type-post","status-publish","format-standard","has-post-thumbnail","hentry","category-genel","tag-canlilari","tag-deniz","tag-muzesine","tag-ogrencilerden","tag-turkiye","tag-ziyaret"],"jetpack_publicize_connections":[],"jetpack_featured_media_url":"https:\/\/i0.wp.com\/www.tvturk.com\/wp-content\/uploads\/2019\/08\/ogrencilerden-turkiye-deniz-canlilari-muzesine-ziyaret_09ace68.jpg?fit=1000%2C750","jetpack_sharing_enabled":true,"jetpack_shortlink":"https:\/\/wp.me\/paKIfm-NCx","_links":{"self":[{"href":"http:\/\/www.tvturk.com\/index.php\/wp-json\/wp\/v2\/posts\/190745","targetHints":{"allow":["GET"]}}],"collection":[{"href":"http:\/\/www.tvturk.com\/index.php\/wp-json\/wp\/v2\/posts"}],"about":[{"href":"http:\/\/www.tvturk.com\/index.php\/wp-json\/wp\/v2\/types\/post"}],"author":[{"embeddable":true,"href":"http:\/\/www.tvturk.com\/index.php\/wp-json\/wp\/v2\/users\/1"}],"replies":[{"embeddable":true,"href":"http:\/\/www.tvturk.com\/index.php\/wp-json\/wp\/v2\/comments?post=190745"}],"version-history":[{"count":0,"href":"http:\/\/www.tvturk.com\/index.php\/wp-json\/wp\/v2\/posts\/190745\/revisions"}],"wp:featuredmedia":[{"embeddable":true,"href":"http:\/\/www.tvturk.com\/index.php\/wp-json\/wp\/v2\/media\/190746"}],"wp:attachment":[{"href":"http:\/\/www.tvturk.com\/index.php\/wp-json\/wp\/v2\/media?parent=190745"}],"wp:term":[{"taxonomy":"category","embeddable":true,"href":"http:\/\/www.tvturk.com\/index.php\/wp-json\/wp\/v2\/categories?post=190745"},{"taxonomy":"post_tag","embeddable":true,"href":"http:\/\/www.tvturk.com\/index.php\/wp-json\/wp\/v2\/tags?post=190745"}],"curies":[{"name":"wp","href":"https:\/\/api.w.org\/{rel}","templated":true}]}}