{"id":190751,"date":"2019-08-06T12:46:41","date_gmt":"2019-08-06T09:46:41","guid":{"rendered":"http:\/\/www.tvturk.com\/index.php\/tikadan-kenyali-uzmanlara-mersinde-narenciye-tarimi-egitimi\/"},"modified":"2019-08-06T12:46:41","modified_gmt":"2019-08-06T09:46:41","slug":"tikadan-kenyali-uzmanlara-mersinde-narenciye-tarimi-egitimi","status":"publish","type":"post","link":"http:\/\/www.tvturk.com\/index.php\/tikadan-kenyali-uzmanlara-mersinde-narenciye-tarimi-egitimi\/","title":{"rendered":"T\u0130KA\u2019dan Kenyal\u0131 uzmanlara Mersin\u2019de Narenciye tar\u0131m\u0131 e\u011fitimi"},"content":{"rendered":"<p>T\u0130KA, Tar\u0131m ve Orman Bakanl\u0131\u011f\u0131 ve Kenya Tar\u0131m ve Hayvanc\u0131l\u0131k Ara\u015ft\u0131rma Kurumu (KALRO) i\u015f birli\u011finde, Kenya\u2019dan turun\u00e7gil alan\u0131nda uzman 3 ki\u015filik heyete, Mersin\u2019de uygulamal\u0131 e\u011fitim program\u0131 ger\u00e7ekle\u015ftirildi.<\/p>\n<p>Kenya Tar\u0131m ve Hayvanc\u0131l\u0131k Ara\u015ft\u0131rma Kurumu (KALRO) Bah\u00e7e Bitkileri Ara\u015ft\u0131rma Enstit\u00fcs\u00fcnden turun\u00e7gil alan\u0131nda uzman 3 ki\u015filik bir heyet, Tar\u0131m ve Orman Bakanl\u0131\u011f\u0131 Mersin Alata Bah\u00e7e K\u00fclt\u00fcrleri Ara\u015ft\u0131rma Enstit\u00fcs\u00fcnde uygulamal\u0131 e\u011fitimlere kat\u0131ld\u0131. Program kapsam\u0131nda e\u011fitimlerin yan\u0131 s\u0131ra narenciye alan\u0131nda \u00e7al\u0131\u015fan \u00f6zel sekt\u00f6r temsilcileri ziyaret edilerek \u00fcretim sonras\u0131 a\u015famalar ile ilgili de bilgi al\u0131nd\u0131.<\/p>\n<p>T\u0130KA taraf\u0131ndan iki y\u0131ld\u0131r y\u00fcr\u00fct\u00fclen, S\u00fcrd\u00fcr\u00fclebilir Organik Tar\u0131m\u0131 Destekleme Program\u0131 (SOLEP) ile \u00fclkemizin tar\u0131m alan\u0131ndaki tecr\u00fcbesinin aktar\u0131lmas\u0131 hedefleniyor. Bu program kapsam\u0131nda, Kenya Bah\u00e7e Bitkileri Ara\u015ft\u0131rma Enstit\u00fcs\u00fc\u2019n\u00fcn altyap\u0131s\u0131n\u0131 g\u00fc\u00e7lendirmek amac\u0131yla bir doku k\u00fclt\u00fcr\u00fc laboratuvar\u0131n\u0131n kurulmas\u0131 planlan\u0131yor. Program\u0131n ana hedeflerinden biri geleneksel y\u00f6ntemlerle kaliteli fide \u00e7o\u011falt\u0131m\u0131n\u0131 te\u015fvik etmek ve iyi tar\u0131m uygulamalar\u0131n\u0131 yayg\u0131nla\u015ft\u0131rmak.<\/p>\n<p>Programa ili\u015fkin a\u00e7\u0131klamalarda bulunan T\u0130KA Nairobi Program Koordinat\u00f6r\u00fc Emre Y\u00fcksek, \u201cKenya\u2019n\u0131n sahil b\u00f6lgesi, narenciye tar\u0131m\u0131 noktas\u0131nda meyvelerin daha h\u0131zl\u0131 b\u00fcy\u00fcmesini ve meyve tatl\u0131l\u0131\u011f\u0131n\u0131n korunmas\u0131n\u0131 sa\u011flayan ideal ko\u015fullara sahip olmas\u0131na ra\u011fmen b\u00f6lgedeki bir\u00e7ok \u015fehirde yoksulluk oran\u0131 y\u00fczde 60\u2019lar civar\u0131ndad\u0131r. Turun\u00e7gillerin k\u0131sa \u00f6m\u00fcrleri g\u00f6z \u00f6n\u00fcnde bulundurularak i\u015flenip katma de\u011fer kat\u0131lmazsa \u00e7ok ucuz fiyata sat\u0131lmaktad\u0131r. B\u00f6lgede yapt\u0131\u011f\u0131m\u0131z incelemelerde portakal ve limonlarda g\u00f6r\u00fclen ve fideler geli\u015ftikten sonra ortaya \u00e7\u0131kan ye\u015fillenme hastal\u0131\u011f\u0131 nedeniyle kaliteli bir \u00fcretim ger\u00e7ekle\u015femedi\u011fini \u00f6\u011frendik. Bu noktada yerel \u00fcreticilerin desteklenmesi, organik narenciye tar\u0131m\u0131nda \u00fclkemizin tecr\u00fcbelerinin aktar\u0131lmas\u0131, \u00fcretim sonras\u0131 a\u015famalar\u0131n da g\u00f6zlemlenmesi amac\u0131 ile bu program\u0131 d\u00fczenledik\u201d ifadelerini kulland\u0131.<\/p>\n","protected":false},"excerpt":{"rendered":"<p>T\u0130KA, TARIM VE ORMAN BAKANLI\u011eI VE KENYA TARIM VE HAYVANCILIK ARA\u015eTIRMA KURUMU (KALRO) \u0130\u015e B\u0130RL\u0130\u011e\u0130NDE, KENYA&#8217;DAN TURUN\u00c7G\u0130L ALANINDA UZMAN 3 K\u0130\u015e\u0130L\u0130K HEYETE, MERS\u0130N\u2019DE UYGULAMALI E\u011e\u0130T\u0130M PROGRAMI GER\u00c7EKLE\u015eT\u0130R\u0130LD\u0130.<\/p>\n","protected":false},"author":1,"featured_media":190752,"comment_status":"closed","ping_status":"open","sticky":false,"template":"","format":"standard","meta":{"jetpack_post_was_ever_published":false,"_jetpack_newsletter_access":"","_jetpack_dont_email_post_to_subs":false,"_jetpack_newsletter_tier_id":0,"_jetpack_memberships_contains_paywalled_content":false,"_jetpack_memberships_contains_paid_content":false,"footnotes":"","jetpack_publicize_message":"","jetpack_publicize_feature_enabled":true,"jetpack_social_post_already_shared":true,"jetpack_social_options":{"image_generator_settings":{"template":"highway","default_image_id":0,"font":"","enabled":false},"version":2}},"categories":[1],"tags":[581,31147,2218,19422,10163,5615,26396],"class_list":["post-190751","post","type-post","status-publish","format-standard","has-post-thumbnail","hentry","category-genel","tag-egitimi","tag-kenyali","tag-mersinde","tag-narenciye","tag-tarimi","tag-tikadan","tag-uzmanlara"],"jetpack_publicize_connections":[],"jetpack_featured_media_url":"https:\/\/i0.wp.com\/www.tvturk.com\/wp-content\/uploads\/2019\/08\/tikadan-kenyali-uzmanlara-mersinde-narenciye-tarimi-egitimi_d07f20b.jpg?fit=1000%2C666","jetpack_sharing_enabled":true,"jetpack_shortlink":"https:\/\/wp.me\/paKIfm-NCD","_links":{"self":[{"href":"http:\/\/www.tvturk.com\/index.php\/wp-json\/wp\/v2\/posts\/190751","targetHints":{"allow":["GET"]}}],"collection":[{"href":"http:\/\/www.tvturk.com\/index.php\/wp-json\/wp\/v2\/posts"}],"about":[{"href":"http:\/\/www.tvturk.com\/index.php\/wp-json\/wp\/v2\/types\/post"}],"author":[{"embeddable":true,"href":"http:\/\/www.tvturk.com\/index.php\/wp-json\/wp\/v2\/users\/1"}],"replies":[{"embeddable":true,"href":"http:\/\/www.tvturk.com\/index.php\/wp-json\/wp\/v2\/comments?post=190751"}],"version-history":[{"count":0,"href":"http:\/\/www.tvturk.com\/index.php\/wp-json\/wp\/v2\/posts\/190751\/revisions"}],"wp:featuredmedia":[{"embeddable":true,"href":"http:\/\/www.tvturk.com\/index.php\/wp-json\/wp\/v2\/media\/190752"}],"wp:attachment":[{"href":"http:\/\/www.tvturk.com\/index.php\/wp-json\/wp\/v2\/media?parent=190751"}],"wp:term":[{"taxonomy":"category","embeddable":true,"href":"http:\/\/www.tvturk.com\/index.php\/wp-json\/wp\/v2\/categories?post=190751"},{"taxonomy":"post_tag","embeddable":true,"href":"http:\/\/www.tvturk.com\/index.php\/wp-json\/wp\/v2\/tags?post=190751"}],"curies":[{"name":"wp","href":"https:\/\/api.w.org\/{rel}","templated":true}]}}