{"id":190775,"date":"2019-08-06T13:16:42","date_gmt":"2019-08-06T10:16:42","guid":{"rendered":"http:\/\/www.tvturk.com\/index.php\/kalp-krizi-geciren-yolcuyu-hastaneye-yetistirdi\/"},"modified":"2019-08-06T13:16:42","modified_gmt":"2019-08-06T10:16:42","slug":"kalp-krizi-geciren-yolcuyu-hastaneye-yetistirdi","status":"publish","type":"post","link":"http:\/\/www.tvturk.com\/index.php\/kalp-krizi-geciren-yolcuyu-hastaneye-yetistirdi\/","title":{"rendered":"Kalp krizi ge\u00e7iren yolcuyu hastaneye yeti\u015ftirdi"},"content":{"rendered":"<p>Sivas\u2019ta \u00f6zel halk otob\u00fcs\u00fc \u015fof\u00f6r\u00fc Mustafa Karasoy, otob\u00fcs seyir halindeyken kalp krizi ge\u00e7iren vatanda\u015f\u0131 hastaneye yeti\u015firdi.<\/p>\n<p>Sivas\u2019ta, Aydo\u011fan Mahallesi &#8211; \u00dcniversite seferini yapan halk otob\u00fcs\u00fc \u015fof\u00f6r\u00fc Mustafa Karasoy yolcu otob\u00fcs\u00fcne binen vatanda\u015f\u0131n fenala\u015ft\u0131\u011f\u0131n\u0131 g\u00f6rerek zaman ge\u00e7irmeden hastaneye hareket etti. \u00d6zel Medicana Hastanesine k\u0131sa s\u00fcrede yeti\u015ftirilen gen\u00e7 tedavi alt\u0131na al\u0131nd\u0131. Yolcu otob\u00fcs\u00fcn\u00fcn g\u00fcvenlik kameralar\u0131na yans\u0131yan g\u00f6r\u00fcnt\u00fclerde ayakta yolculuk yapan gencin biranda fenala\u015farak bayg\u0131nl\u0131k ge\u00e7irmesi yer ald\u0131. Yakla\u015f\u0131k 7 dakikada hastaneye yeti\u015ftirilen gencin sa\u011fl\u0131k durumunun iyiye gitti\u011fi \u00f6\u011frenildi.<\/p>\n<p>Sivas \u00d6zal Halk Otob\u00fcsleri Kooperatifi Ba\u015fkan\u0131 Yasin Arsalan, \u00f6zel halk otob\u00fcs\u00fc \u015fof\u00f6r\u00fcn\u00fcn yapt\u0131\u011f\u0131 davran\u0131\u015f\u0131n takdire \u015fayen oldu\u011funu belirterek en k\u0131sa s\u00fcrede \u00f6d\u00fcllendireceklerini kaydetti.<\/p>\n","protected":false},"excerpt":{"rendered":"<p>S\u0130VAS&#8217;TA \u00d6ZEL HALK OTOB\u00dcS\u00dc \u015eOF\u00d6R\u00dc MUSTAFA KARASOY, OTOB\u00dcS SEY\u0130R HAL\u0130NDEYKEN KALP KR\u0130Z\u0130 GE\u00c7\u0130REN VATANDA\u015eI HASTANEYE YET\u0130\u015e\u0130RD\u0130.<\/p>\n","protected":false},"author":1,"featured_media":190776,"comment_status":"closed","ping_status":"open","sticky":false,"template":"","format":"standard","meta":{"jetpack_post_was_ever_published":false,"_jetpack_newsletter_access":"","_jetpack_dont_email_post_to_subs":false,"_jetpack_newsletter_tier_id":0,"_jetpack_memberships_contains_paywalled_content":false,"_jetpack_memberships_contains_paid_content":false,"footnotes":"","jetpack_publicize_message":"","jetpack_publicize_feature_enabled":true,"jetpack_social_post_already_shared":true,"jetpack_social_options":{"image_generator_settings":{"template":"highway","default_image_id":0,"font":"","enabled":false},"version":2}},"categories":[1],"tags":[8455,2097,2120,2121,11193,17799],"class_list":["post-190775","post","type-post","status-publish","format-standard","has-post-thumbnail","hentry","category-genel","tag-geciren","tag-hastaneye","tag-kalp","tag-krizi","tag-yetistirdi","tag-yolcuyu"],"jetpack_publicize_connections":[],"jetpack_featured_media_url":"https:\/\/i0.wp.com\/www.tvturk.com\/wp-content\/uploads\/2019\/08\/kalp-krizi-geciren-yolcuyu-hastaneye-yetistirdi_96643cb.jpg?fit=1000%2C756","jetpack_sharing_enabled":true,"jetpack_shortlink":"https:\/\/wp.me\/paKIfm-ND1","_links":{"self":[{"href":"http:\/\/www.tvturk.com\/index.php\/wp-json\/wp\/v2\/posts\/190775","targetHints":{"allow":["GET"]}}],"collection":[{"href":"http:\/\/www.tvturk.com\/index.php\/wp-json\/wp\/v2\/posts"}],"about":[{"href":"http:\/\/www.tvturk.com\/index.php\/wp-json\/wp\/v2\/types\/post"}],"author":[{"embeddable":true,"href":"http:\/\/www.tvturk.com\/index.php\/wp-json\/wp\/v2\/users\/1"}],"replies":[{"embeddable":true,"href":"http:\/\/www.tvturk.com\/index.php\/wp-json\/wp\/v2\/comments?post=190775"}],"version-history":[{"count":0,"href":"http:\/\/www.tvturk.com\/index.php\/wp-json\/wp\/v2\/posts\/190775\/revisions"}],"wp:featuredmedia":[{"embeddable":true,"href":"http:\/\/www.tvturk.com\/index.php\/wp-json\/wp\/v2\/media\/190776"}],"wp:attachment":[{"href":"http:\/\/www.tvturk.com\/index.php\/wp-json\/wp\/v2\/media?parent=190775"}],"wp:term":[{"taxonomy":"category","embeddable":true,"href":"http:\/\/www.tvturk.com\/index.php\/wp-json\/wp\/v2\/categories?post=190775"},{"taxonomy":"post_tag","embeddable":true,"href":"http:\/\/www.tvturk.com\/index.php\/wp-json\/wp\/v2\/tags?post=190775"}],"curies":[{"name":"wp","href":"https:\/\/api.w.org\/{rel}","templated":true}]}}