{"id":190791,"date":"2019-08-06T13:46:36","date_gmt":"2019-08-06T10:46:36","guid":{"rendered":"http:\/\/www.tvturk.com\/index.php\/bisikletli-kucuk-aile-27-gun-sonra-tarihin-sifir-noktasinda\/"},"modified":"2019-08-06T13:46:36","modified_gmt":"2019-08-06T10:46:36","slug":"bisikletli-kucuk-aile-27-gun-sonra-tarihin-sifir-noktasinda","status":"publish","type":"post","link":"http:\/\/www.tvturk.com\/index.php\/bisikletli-kucuk-aile-27-gun-sonra-tarihin-sifir-noktasinda\/","title":{"rendered":"Bisikletli &#8220;K\u00fc\u00e7\u00fck aile&#8221; 27 g\u00fcn sonra tarihin s\u0131f\u0131r noktas\u0131nda"},"content":{"rendered":"<p>Mu\u011fla\u2019dan bisikletleriyle yola \u00e7\u0131kan ve kendilerine \u2018K\u00fc\u00e7\u00fck 1 aile\u2019 ad\u0131n\u0131 veren Pek\u00e7eden\u00f6z ailesi, 27 g\u00fcn sonra \u015eanl\u0131urfa\u2019daki tarihin s\u0131f\u0131r noktas\u0131 G\u00f6beklitepe\u2019ye ula\u015ft\u0131.<\/p>\n<p>Mu\u011fla\u2019dan bisikletleriyle yola \u00e7\u0131kan ve kendilerine \u2018K\u00fc\u00e7\u00fck 1 aile\u2019 ad\u0131n\u0131 veren Pek\u00e7eden\u00f6z ailesi, \u015eanl\u0131urfa kent merkezinde kendilerini kar\u015f\u0131layan Urfa Bisiklet Toplulu\u011fu (URB\u0130T) \u00fcyeleriyle G\u00f6beklitepe\u2019ye do\u011fru pedal \u00e7evirdi. Aile, 27 g\u00fcn s\u00fcren yolculuklar\u0131n\u0131n ard\u0131ndan &#8220;tarihin s\u0131f\u0131r noktas\u0131&#8221; diye adland\u0131r\u0131lan UNESCO D\u00fcnya Miras\u0131 Listesi\u2019nde yer alan G\u00f6beklitepe\u2019ye ula\u015ft\u0131. Pek\u00e7eden\u00f6z ailesini burada \u015eanl\u0131urfa \u0130l K\u00fclt\u00fcr ve Turizm M\u00fcd\u00fcr\u00fc Ayd\u0131n Aslan ile URB\u0130T \u00fcyeleri ve \u00d6zg\u00fcl Pek\u00e7eden\u00f6z\u2019\u00fcn annesi Birsen \u00c7elik kar\u015f\u0131lad\u0131.<\/p>\n<p>Aileyi kar\u015f\u0131layan \u015eanl\u0131urfa \u0130l K\u00fclt\u00fcr ve Turizm M\u00fcd\u00fcr\u00fc Ayd\u0131n Aslan, 2019 G\u00f6beklitepe Y\u0131l\u0131\u2019nda Pek\u00e7eden\u00f6z ailesinin g\u00f6stermi\u015f oldu\u011fu duyarl\u0131l\u0131k nedeniyle te\u015fekk\u00fcr etti. Aslan, ailenin en k\u00fc\u00e7\u00fck bireyi Mithatcan\u2019a G\u00f6beklitepe\u2019yi simgeleyen bir plaket takdim etti.<\/p>\n<p>Bisikletlerini b\u0131rakarak G\u00f6beklitepe \u00f6ren yerini gezen aile, \u0130l K\u00fclt\u00fcr ve Turizm M\u00fcd\u00fcr\u00fc Aslan\u2019dan tarihin s\u0131f\u0131r noktas\u0131yla ilgili bilgi ald\u0131. Baba R\u00fc\u015ft\u00fc Pek\u00e7eden\u00f6z, burada duygular\u0131n\u0131 payla\u015farak, G\u00f6beklitepe\u2019nin anlam ve \u00f6nemine dikkati \u00e7ekmek i\u00e7in yola \u00e7\u0131kt\u0131klar\u0131n\u0131 s\u00f6yledi. Bin 450 kilometrelik zorlu yolculuktan sonra G\u00f6beklitepe\u2019ye ula\u015ft\u0131klar\u0131 i\u00e7in mutlu olduklar\u0131n\u0131 anlatan R\u00fc\u015ft\u00fc Pek\u00e7eden\u00f6z, &#8220;Biz bu bin 450 kilometre boyunca \u00e7ocuklar\u0131m\u0131z\u0131 bir\u00e7ok tarihi \u00f6ren yerlerini gezdirdik. Bu yolculuk sayesinde \u00e7ok g\u00fczel insanlarla tan\u0131\u015ft\u0131k ve \u00e7ok g\u00fczel yerler gezdik. Yol boyunca bizi en \u00e7ok zorlayan \u015fey yoku\u015flar oldu. 25 kilometreye bulan yoku\u015flar vard\u0131, sosyal medyada bunu payla\u015ft\u0131k ama pes etmedik. \u00c7ocuklara pes etmemeyi \u00f6\u011fretmek de bu yolculukta \u00e7ocuklar\u0131ma vurgulamak istedi\u011fim yanlar\u0131ndan biriydi. G\u00f6beklitepe in\u015fallah hak etti\u011finden daha iyi yere gelecek, son 10 kilometredeki asfalt \u00e7ok k\u00f6t\u00fc l\u00fctfen bu asfalt\u0131 d\u00fczeltelim. Buras\u0131 d\u00fcnyaya hitap eden bir merkez, gereken ilginin verilmesi gerekti\u011fini d\u00fc\u015f\u00fcn\u00fcyoruz\u201d dedi.<\/p>\n<p>Ailenin 11 ya\u015f\u0131ndaki \u00e7ocuklar\u0131 Mithatcan Pek\u00e7eden\u00f6z de G\u00f6beklitepe\u2019ye ula\u015ft\u0131\u011f\u0131 i\u00e7in \u00e7ok mutlu oldu\u011funu ifade ederek, yolculuk s\u0131ras\u0131nda \u00e7ok zorland\u0131\u011f\u0131 anlar\u0131n oldu\u011funu s\u00f6yledi. Pek\u00e7eden\u00f6z, \u201cBen yolculuk s\u0131ras\u0131nda \u00e7ok e\u011flendim, zevk ald\u0131m, b\u00f6yle bir yolculuk bir daha yapmak ister miyim bilmiyorum ama bundan sonrakiler daha k\u0131sa olur in\u015fallah, bu kadar uzununu bir daha kald\u0131ramayabilirim\u201d ifadelerini kuland\u0131.<\/p>\n<p>Ailenin 14 ya\u015f\u0131ndaki k\u0131zlar\u0131 Ceren de yol yapanlar\u0131n bisiklet kulland\u0131ktan sonra yolu yapmas\u0131 gerekti\u011fini belirti.<\/p>\n<p>Son olarak a\u00e7\u0131klamada bulunan anne \u00d6zg\u00fcl Pek\u00e7eden\u00f6z, \u201cS\u00fcr\u00fcc\u00fclere sesleniyorum l\u00fctfen bisikletli g\u00f6rd\u00fc\u011f\u00fcn\u00fcz zaman onlara sayg\u0131l\u0131 davran\u0131n. Bisikletlerin yak\u0131n\u0131ndan de\u011fil de biraz daha uza\u011f\u0131ndan ge\u00e7iniz, dibimizden ge\u00e7tikleri zaman r\u00fczgar etkisi olu\u015fturuyor ve b\u00fct\u00fcn dengemizi bozuyor, bu konuda s\u00fcr\u00fcc\u00fclerin biraz daha dikkatli olmas\u0131 gerekiyor\u201d diye konu\u015ftu.<\/p>\n","protected":false},"excerpt":{"rendered":"<p>MU\u011eLA&#8217;DAN B\u0130S\u0130KLETLER\u0130YLE YOLA \u00c7IKAN VE KEND\u0130LER\u0130NE \u2018K\u00dc\u00c7\u00dcK 1 A\u0130LE\u2019 ADINI VEREN PEK\u00c7EDEN\u00d6Z A\u0130LES\u0130, 27 G\u00dcN SONRA \u015eANLIURFA&#8217;DAK\u0130 TAR\u0130H\u0130N SIFIR NOKTASI G\u00d6BEKL\u0130TEPE&#8217;YE ULA\u015eTI.<\/p>\n","protected":false},"author":1,"featured_media":190792,"comment_status":"closed","ping_status":"open","sticky":false,"template":"","format":"standard","meta":{"jetpack_post_was_ever_published":false,"_jetpack_newsletter_access":"","_jetpack_dont_email_post_to_subs":false,"_jetpack_newsletter_tier_id":0,"_jetpack_memberships_contains_paywalled_content":false,"_jetpack_memberships_contains_paid_content":false,"footnotes":"","jetpack_publicize_message":"","jetpack_publicize_feature_enabled":true,"jetpack_social_post_already_shared":true,"jetpack_social_options":{"image_generator_settings":{"template":"highway","default_image_id":0,"font":"","enabled":false},"version":2}},"categories":[1],"tags":[4511,3014,15331,2579,1166,1066,2022,17367],"class_list":["post-190791","post","type-post","status-publish","format-standard","has-post-thumbnail","hentry","category-genel","tag-sifir","tag-aile","tag-bisikletli","tag-gun","tag-kucuk","tag-noktasinda","tag-sonra","tag-tarihin"],"jetpack_publicize_connections":[],"jetpack_featured_media_url":"https:\/\/i0.wp.com\/www.tvturk.com\/wp-content\/uploads\/2019\/08\/bisikletli-kucuk-aile-27-gun-sonra-tarihin-sifir-noktasinda_11883d2.jpg?fit=1000%2C666","jetpack_sharing_enabled":true,"jetpack_shortlink":"https:\/\/wp.me\/paKIfm-NDh","_links":{"self":[{"href":"http:\/\/www.tvturk.com\/index.php\/wp-json\/wp\/v2\/posts\/190791","targetHints":{"allow":["GET"]}}],"collection":[{"href":"http:\/\/www.tvturk.com\/index.php\/wp-json\/wp\/v2\/posts"}],"about":[{"href":"http:\/\/www.tvturk.com\/index.php\/wp-json\/wp\/v2\/types\/post"}],"author":[{"embeddable":true,"href":"http:\/\/www.tvturk.com\/index.php\/wp-json\/wp\/v2\/users\/1"}],"replies":[{"embeddable":true,"href":"http:\/\/www.tvturk.com\/index.php\/wp-json\/wp\/v2\/comments?post=190791"}],"version-history":[{"count":0,"href":"http:\/\/www.tvturk.com\/index.php\/wp-json\/wp\/v2\/posts\/190791\/revisions"}],"wp:featuredmedia":[{"embeddable":true,"href":"http:\/\/www.tvturk.com\/index.php\/wp-json\/wp\/v2\/media\/190792"}],"wp:attachment":[{"href":"http:\/\/www.tvturk.com\/index.php\/wp-json\/wp\/v2\/media?parent=190791"}],"wp:term":[{"taxonomy":"category","embeddable":true,"href":"http:\/\/www.tvturk.com\/index.php\/wp-json\/wp\/v2\/categories?post=190791"},{"taxonomy":"post_tag","embeddable":true,"href":"http:\/\/www.tvturk.com\/index.php\/wp-json\/wp\/v2\/tags?post=190791"}],"curies":[{"name":"wp","href":"https:\/\/api.w.org\/{rel}","templated":true}]}}