{"id":190793,"date":"2019-08-06T13:47:01","date_gmt":"2019-08-06T10:47:01","guid":{"rendered":"http:\/\/www.tvturk.com\/index.php\/sanat-camiasinda-temmuz-ayi-hareketli-gecti\/"},"modified":"2019-08-06T13:47:01","modified_gmt":"2019-08-06T10:47:01","slug":"sanat-camiasinda-temmuz-ayi-hareketli-gecti","status":"publish","type":"post","link":"http:\/\/www.tvturk.com\/index.php\/sanat-camiasinda-temmuz-ayi-hareketli-gecti\/","title":{"rendered":"Sanat camias\u0131nda Temmuz ay\u0131 hareketli ge\u00e7ti"},"content":{"rendered":"<p>Medya Takip Merkezi (MTM), Temmuz ay\u0131n\u0131 kapsayan ara\u015ft\u0131rmas\u0131nda \u00f6ne \u00e7\u0131kan magazin olaylar\u0131 ve ay\u0131n pop\u00fcler \u00fcnl\u00fcleri belirledi. Birbirinden \u00e7arp\u0131c\u0131 geli\u015fmelerin ya\u015fand\u0131\u011f\u0131 ayda, Acun Il\u0131cal\u0131 zirvedeki yerini korurken eski e\u015fi \u015eeyma Suba\u015f\u0131 \u00e7\u0131karm\u0131\u015f oldu\u011fu \u2019Sadece \u015eeyma\u2019 adl\u0131 kitab\u0131 ile listenin 5\u2019inci s\u0131ras\u0131nda yerini ald\u0131.<\/p>\n<p>MTM\u2019nin Magazin Gazetecileri Derne\u011fi i\u00e7in haz\u0131rlad\u0131\u011f\u0131 Temmuz ay\u0131 magazin raporu a\u00e7\u0131kland\u0131. Acun Il\u0131cal\u0131 sevgilisi oldu\u011fu iddia edilen Ay\u00e7a \u00c7a\u011fla Altunkaya ile ikinci kez objektiflere yakaland\u0131. Demet Akal\u0131n trafik magandas\u0131n\u0131n sald\u0131r\u0131s\u0131na u\u011frad\u0131. Aleyna Tilki\u2019nin bonk\u00f6rl\u00fc\u011f\u00fc olay oldu. \u015eeyma Suba\u015f\u0131\u2019n\u0131n, imza g\u00fcn\u00fc i\u00e7in istekleri ise dudak u\u00e7uklatt\u0131.<\/p>\n<p>Acun Il\u0131cal\u0131 ve Ay\u00e7a \u00c7a\u011fla Altunkaya a\u015fk\u0131 son s\u00fcrat devam ediyor<\/p>\n<p>Acun Il\u0131cal\u0131\u2019n\u0131n ge\u00e7ti\u011fimiz ay \u00c7e\u015fme\u2019de kendisinden 30 ya\u015f k\u00fc\u00e7\u00fck Ay\u00e7a \u00c7a\u011fla Altunkaya ile objektiflere yakalanmas\u0131 medya g\u00fcndemine bomba gibi d\u00fc\u015fm\u00fc\u015ft\u00fc. Ak\u0131llara yeni bir a\u015fka m\u0131 yelken a\u00e7t\u0131\u011f\u0131 sorular\u0131n\u0131 getiren medya patronu, sevgilisini mutlu etmek i\u00e7in bu kez g\u00f6z al\u0131c\u0131 s\u00fcrat teknesini kulland\u0131. Aralar\u0131nda Fenerbah\u00e7e\u2019nin eski futbolcusu Van Hooijdonk\u2019un da oldu\u011fu arkada\u015flar\u0131n\u0131 ve Ay\u00e7a \u00c7a\u011fla Altunkaya\u2019y\u0131 teknesine alan Il\u0131cal\u0131, \u00c7e\u015fme\u2019den Mikonos\u2019a ge\u00e7ti. Mikonos\u2019a olan deniz yolculu\u011fu Normal \u015fartlarda yakla\u015f\u0131k 6 saat s\u00fcrerken, Acun Il\u0131cal\u0131, ultra l\u00fcks s\u00fcrat teknesiyle Mikonos\u2019a sadece 1 saatte ula\u015ft\u0131.<\/p>\n<p>\u0130kili a\u015fk iddialar\u0131 hakk\u0131nda hen\u00fcz bir a\u00e7\u0131klama yapmasa da Altunkaya, gizli tuttu\u011fu Instagram hesab\u0131nda biyografi k\u0131sm\u0131na Acun Il\u0131cal\u0131\u2019n\u0131n ba\u015f harfini yazarak yan\u0131na siyah kalp koydu. Altunkaya\u2019n\u0131n bu hareketi ise a\u015fk iddialar\u0131n\u0131 g\u00fc\u00e7lendirdi.<\/p>\n<p>Acun Il\u0131cal\u0131 ve Seren Serengil\u2019in mahkemelik olmas\u0131 ise g\u00fcndemde yerini alan di\u011fer bir konu oldu<\/p>\n<p>TV8 ekranlar\u0131nda \u2019Gel Yaz\u0131n Konu\u015fal\u0131m\u2019 isimli programda Hakan Hatipo\u011flu ile program sunan Seray Sever\u2019in, canl\u0131 yay\u0131nda, &#8220;Fasulye pahal\u0131! Pahal\u0131ysa pahal\u0131 ne yapacaks\u0131n fasulye yemeyeceksin o zaman ucuz sebze yiyeceksin&#8230;\u201d diyerek t\u00fcm dikkatleri \u00fczerine \u00e7ekti.<\/p>\n<p>Sever\u2019e sosyal medya \u00fczerinden tepki g\u00f6steren Seren Serengil, &#8220;\u0130\u015fte herkesi oturtursan oralara olaca\u011f\u0131 bu Bu TV8\u2019in magazin olay\u0131n\u0131 yapamad\u0131 gitti. Fasulye almayacaks\u0131n diyen bir sunucular\u0131 var \u00e7ok klas&#8221; yorumunda bulunarak Tv8\u2019i hedefe alan bir yaz\u0131 payla\u015ft\u0131. \u00c7ok fazla polemi\u011fe girmemesiyle tan\u0131nan medya patronu ise bu sefer suskunlu\u011funu koruyamad\u0131 ve &#8220;Seren Serengil\u2019in kanal\u0131m\u0131z\u0131 karalamaya \u00e7al\u0131\u015fmas\u0131ndaki sebep kanal\u0131m\u0131zda \u00e7al\u0131\u015fmak istemesi ve reddedilmesi olabilir mi acaba?&#8221; a\u00e7\u0131klamas\u0131nda bulundu.<\/p>\n<p>\u015eark\u0131c\u0131 ve oyuncu Seren Serengil, Acun Il\u0131cal\u0131\u2019n\u0131n kendisi hakk\u0131nda yapt\u0131\u011f\u0131 a\u00e7\u0131klamadan sonra avukat\u0131 \u00fczerinden bir metin payla\u015farak, ki\u015filik haklar\u0131n\u0131n ihlali ve ki\u015fi hakk\u0131nda karalama kampanyas\u0131 yapt\u0131\u011f\u0131 iddias\u0131yla Acun Il\u0131cal\u0131 hakk\u0131nda gerekli hukuki s\u00fcrecin ba\u015flat\u0131laca\u011f\u0131n\u0131 duyuruldu. A\u015fk iddialar\u0131 ve girdi\u011fi polemik ile 5 bin 591 habere konu olan Il\u0131cal\u0131, Temmuz ay\u0131nda da zirvedeki yerini korudu.<\/p>\n<p>Demet Akal\u0131n\u2019a maganda \u015foku<\/p>\n<p>T\u00fcrk pop m\u00fczi\u011finin sevilen isimlerinden Demet Akal\u0131n, trafik magandas\u0131n\u0131n sald\u0131r\u0131s\u0131na u\u011frad\u0131. Bodrum Turgutreis\u2019te k\u0131z\u0131yla birlikte ara\u00e7ta oldu\u011fu s\u0131rada, ba\u015fka bir s\u00fcr\u00fcc\u00fcn\u00fcn arac\u0131na yumrukla sald\u0131rd\u0131\u011f\u0131n\u0131 a\u00e7\u0131klayan Demet Akal\u0131n, o anlarda k\u0131z\u0131n\u0131n da \u00e7ok korktu\u011funu ifade etti. Ya\u015fad\u0131\u011f\u0131 korkuyu anlatan Akal\u0131n, &#8220;Benim Demet Akal\u0131n olmam \u00f6nemli de\u011fil. Arabada \u00e7ocuk var bir kere. Cesarete bakar m\u0131s\u0131n\u0131z? Adam arabadan iniyor, arabay\u0131 yumrukluyor. Ya arabada e\u015fim olsayd\u0131. Art\u0131k bu i\u015fin erke\u011fi kad\u0131n\u0131 kalmad\u0131. E\u015fim Okan, b\u00f6yle durumlarda daha sakin ama ben deliriyorum. Ben trafik kurallar\u0131na uymayan birisi olsam, bir kural ihlali yapsam anlar\u0131m. B\u00f6yle bir sa\u00e7mal\u0131k olabilir mi? Zaten beni g\u00f6r\u00fcnce \u015fok oldu. Arabas\u0131na ko\u015ftura ko\u015ftura geri gitti. Bu sefer pe\u015fini b\u0131rakmayaca\u011f\u0131m bu i\u015fin&#8221; ifadelerini kulland\u0131.<\/p>\n<p>\u00dcnl\u00fc sanat\u00e7\u0131n\u0131n, hamile iken kendisini \u015fi\u015flemeyi d\u00fc\u015f\u00fcnd\u00fc\u011f\u00fcn\u00fc s\u00f6ylemesi de g\u00fcndemi sarsan olaylardand\u0131. M\u00fcge ve G\u00fcl\u015fen\u2019le 2. Sayfa program\u0131na konuk olan Akal\u0131n, canl\u0131 yay\u0131nda \u00e7ocuk istismar\u0131 ve \u00f6l\u00fcmleri hakk\u0131nda konu\u015ftu. &#8220;Hira\u2019ya 5 ayl\u0131k hamileyken kendimi \u015fi\u015flemeyi d\u00fc\u015f\u00fcnm\u00fc\u015ft\u00fcm. Ruh halim iyi de\u011fildi. Hamileli\u011fim s\u0131ras\u0131nda sa\u011fl\u0131kl\u0131 bir s\u00fcre\u00e7 ya\u015famad\u0131m. Hira\u2019y\u0131 g\u00f6\u011fs\u00fcme yat\u0131rd\u0131ktan sonra annelik geliyor. Annelik \u00e7ok i\u00e7g\u00fcd\u00fcsel bir \u015fey&#8221; a\u00e7\u0131klamalar\u0131nda bulunan m\u00fczik sanat\u00e7\u0131s\u0131, 3 bin 780 habere konu olarak magazin g\u00fcndemindeki yerini ald\u0131.<\/p>\n<p>Aleyna Tilki bonk\u00f6rl\u00fc\u011f\u00fc ile dikkat \u00e7ekti<\/p>\n<p>Sosyal medya payla\u015f\u0131mlar\u0131 ve yapt\u0131klar\u0131yla magazin d\u00fcnyas\u0131nda ad\u0131ndan bolca s\u00f6z ettiren Aleyna Tilki, bonk\u00f6rl\u00fc\u011f\u00fc ile konu\u015fuldu. Konser ba\u015f\u0131na 70 bin TL ald\u0131\u011f\u0131 konu\u015fulan 19 ya\u015f\u0131ndaki pop\u00e7u, Bodrum\u2019da sevgilisi oldu\u011fu iddia edilen bir gen\u00e7 ve iki k\u0131z arkada\u015f\u0131 ile 3 g\u00fcnl\u00fck tatile \u00e7\u0131kt\u0131. Arkada\u015flar\u0131yla Yal\u0131kavak\u2019taki bir otelde kalan Tilki, 2 gece 3 g\u00fcnl\u00fck konaklama bedeli olan 15 bin liray\u0131 kendi cebinden verdi. Tatil boyunca sahillerdeki giri\u015f \u00fccretleri de d\u00e2hil t\u00fcm yeme-i\u00e7me masraflar\u0131n\u0131 da kar\u015f\u0131layan Tilki\u2019nin bonk\u00f6rl\u00fc\u011f\u00fc, \u2019arkada\u015f\u0131m olsan bari\u2019 esprilerini beraberinde getirdi.<\/p>\n<p>Son zamanlarda yapt\u0131\u011f\u0131 payla\u015f\u0131mlarla da s\u0131k s\u0131k g\u00fcndeme gelen gen\u00e7 \u015fark\u0131c\u0131 Aleyna Tlki, annesi Havva \u00d6ztel ile mutfakta \u015fark\u0131 s\u00f6yledi. \u00d6ztel, k\u0131z\u0131yla birlikte \u015fark\u0131 s\u00f6yleyerek takip\u00e7ilerinden tam not ald\u0131. K\u0131sa s\u00fcrede binlerce yorum ve be\u011feni alan bu d\u00fcet i\u00e7in sosyal medya kullan\u0131c\u0131lar\u0131 &#8220;Annesinin sesi k\u0131z\u0131n\u0131n sesinden daha g\u00fczel&#8221; yorumunda bulundu. Her ad\u0131m\u0131 olay olan gen\u00e7 \u015fark\u0131c\u0131 Aleyna Tilki 3 bin 143 haber ile magazin camias\u0131n\u0131n en \u00e7ok konu\u015fulan isimlerinden oldu.<\/p>\n<p>Hadise\u2019nin cesur dans\u0131<\/p>\n<p>Daha \u00f6nce Reynmen\u2019in Derdim olsun \u015fark\u0131s\u0131na dans ederek payla\u015f\u0131m yapan Hadise, bu kez de sosyal medya fenomenin yeni \u015fark\u0131s\u0131 olan Ela ile etti\u011fi dansla g\u00fcndeme bomba gibi d\u00fc\u015ft\u00fc. Hadise\u2019nin Alsam m\u0131 bi dal dudaklar\u0131ndan? notu ile payla\u015ft\u0131\u011f\u0131 cesur dans, hem sosyal medyada hem de magazin servislerinde ses getirdi.<\/p>\n<p>Ere\u011fli\u2019de verdi\u011fi konserde eski sevgilisi Sinan Ak\u00e7\u0131l\u2019\u0131n kendisi i\u00e7in yazd\u0131\u011f\u0131 \u2019Evlenmeliyiz\u2019 \u015fark\u0131s\u0131n\u0131 seslendirirken, &#8220;Kar\u015f\u0131m\u0131za gerizekal\u0131lar \u00e7\u0131kmazsa evlenece\u011fiz de&#8221; diyerek yapt\u0131\u011f\u0131 g\u00f6nderme ile de 2 bin 990 habere konu olan Hadise medyan\u0131n en \u00e7ok konu\u015fulan \u00fcnl\u00fcleri aras\u0131nda yerini ald\u0131.<\/p>\n<p>\u015eeyma Suba\u015f\u0131\u2019n\u0131n imza g\u00fcn\u00fc i\u00e7in istekleri pes dedirtti<\/p>\n<p>Acun Il\u0131cal\u0131\u2019dan bo\u015fanarak \u0130talyan DJ Guido Senia ile a\u015fk ya\u015famaya ba\u015flayan \u015eeyma Suba\u015f\u0131 son d\u00f6nemlerde Sadece \u015eeyma kitab\u0131yla konu\u015fuluyor. Kitapta yer alan itiraflar ve detaylar epeyce ses getirdi. \u00d6zellikle kitaptaki &#8220;Ac\u0131mad\u0131 ki&#8230;&#8221; k\u0131sm\u0131n\u0131n Acun Il\u0131cal\u0131\u2019ya bir g\u00f6nderme olarak yaz\u0131ld\u0131\u011f\u0131 d\u00fc\u015f\u00fcn\u00fcld\u00fc. Kitapta okuyuculara cilt bak\u0131m\u0131 i\u00e7in, \u2019hyal\u00fcronik asit\u2019 yerine \u2019hidrolik asit\u2019 \u00f6nerdi\u011finin ortaya \u00e7\u0131kmas\u0131yla ise bir\u00e7ok tepki toplad\u0131.<\/p>\n<p>Suba\u015f\u0131 ses getiren kitab\u0131 i\u00e7in bir imza g\u00fcn\u00fc d\u00fczenledi. \u0130stanbul\u2019daki bir AVM\u2019de d\u00fczenlenen imza g\u00fcn\u00fcnde hayranlar\u0131 Suba\u015f\u0131\u2019na kitaplar\u0131n\u0131 imzalatmak ve onunla foto\u011fraf \u00e7ektirebilmek i\u00e7in uzun kuyruklar olu\u015fturdu. \u0130mza g\u00fcn\u00fcnde ise \u015eeyma Suba\u015f\u0131\u2019n\u0131n hayranlar\u0131n\u0131n ya\u015f ortalamas\u0131 d\u00fc\u015f\u00fck olmas\u0131 ise sosyal medyan\u0131n diline d\u00fc\u015ft\u00fc. Suba\u015f\u0131\u2019n\u0131n benzer etkinlikler d\u00fczenlemek isteyen AVM\u2019leden, 40 bin TL b\u00fct\u00e7e, VIP ara\u00e7la ula\u015f\u0131m, kulis ve etkinli\u011fin sadece 1 saat s\u00fcrmesi iste\u011fi ise duyanlara yok art\u0131k dedirtti. Yapt\u0131klar\u0131 ve sosyal medya payla\u015f\u0131mlar\u0131yla da ilgi \u00e7eken Suba\u015f\u0131 2 bin 883 habere ad\u0131n\u0131 yazd\u0131rarak magazin g\u00fcndeminin en \u00e7ok konu\u015fulan isimlerinden oldu.<\/p>\n","protected":false},"excerpt":{"rendered":"<p>MEDYA TAK\u0130P MERKEZ\u0130 (MTM), TEMMUZ AYININ \u00d6NE \u00c7IKAN MAGAZ\u0130N OLAYLARINI VE AYIN POP\u00dcLER \u00dcNL\u00dcLER\u0130N\u0130 BEL\u0130RLED\u0130.<\/p>\n","protected":false},"author":1,"featured_media":190794,"comment_status":"closed","ping_status":"open","sticky":false,"template":"","format":"standard","meta":{"jetpack_post_was_ever_published":false,"_jetpack_newsletter_access":"","_jetpack_dont_email_post_to_subs":false,"_jetpack_newsletter_tier_id":0,"_jetpack_memberships_contains_paywalled_content":false,"_jetpack_memberships_contains_paid_content":false,"footnotes":"","jetpack_publicize_message":"","jetpack_publicize_feature_enabled":true,"jetpack_social_post_already_shared":true,"jetpack_social_options":{"image_generator_settings":{"template":"highway","default_image_id":0,"font":"","enabled":false},"version":2}},"categories":[1],"tags":[345,20907,1512,34608,4854,1148],"class_list":["post-190793","post","type-post","status-publish","format-standard","has-post-thumbnail","hentry","category-genel","tag-ayi","tag-camiasinda","tag-gecti","tag-hareketli","tag-sanat","tag-temmuz"],"jetpack_publicize_connections":[],"jetpack_featured_media_url":"https:\/\/i0.wp.com\/www.tvturk.com\/wp-content\/uploads\/2019\/08\/sanat-camiasinda-temmuz-ayi-hareketli-gecti_3825e8f.jpg?fit=1000%2C561","jetpack_sharing_enabled":true,"jetpack_shortlink":"https:\/\/wp.me\/paKIfm-NDj","_links":{"self":[{"href":"http:\/\/www.tvturk.com\/index.php\/wp-json\/wp\/v2\/posts\/190793","targetHints":{"allow":["GET"]}}],"collection":[{"href":"http:\/\/www.tvturk.com\/index.php\/wp-json\/wp\/v2\/posts"}],"about":[{"href":"http:\/\/www.tvturk.com\/index.php\/wp-json\/wp\/v2\/types\/post"}],"author":[{"embeddable":true,"href":"http:\/\/www.tvturk.com\/index.php\/wp-json\/wp\/v2\/users\/1"}],"replies":[{"embeddable":true,"href":"http:\/\/www.tvturk.com\/index.php\/wp-json\/wp\/v2\/comments?post=190793"}],"version-history":[{"count":0,"href":"http:\/\/www.tvturk.com\/index.php\/wp-json\/wp\/v2\/posts\/190793\/revisions"}],"wp:featuredmedia":[{"embeddable":true,"href":"http:\/\/www.tvturk.com\/index.php\/wp-json\/wp\/v2\/media\/190794"}],"wp:attachment":[{"href":"http:\/\/www.tvturk.com\/index.php\/wp-json\/wp\/v2\/media?parent=190793"}],"wp:term":[{"taxonomy":"category","embeddable":true,"href":"http:\/\/www.tvturk.com\/index.php\/wp-json\/wp\/v2\/categories?post=190793"},{"taxonomy":"post_tag","embeddable":true,"href":"http:\/\/www.tvturk.com\/index.php\/wp-json\/wp\/v2\/tags?post=190793"}],"curies":[{"name":"wp","href":"https:\/\/api.w.org\/{rel}","templated":true}]}}