{"id":190811,"date":"2019-08-06T14:16:34","date_gmt":"2019-08-06T11:16:34","guid":{"rendered":"http:\/\/www.tvturk.com\/index.php\/assosta-otelcilerin-karavan-tepkisi\/"},"modified":"2019-08-06T14:16:34","modified_gmt":"2019-08-06T11:16:34","slug":"assosta-otelcilerin-karavan-tepkisi","status":"publish","type":"post","link":"http:\/\/www.tvturk.com\/index.php\/assosta-otelcilerin-karavan-tepkisi\/","title":{"rendered":"Assos\u2019ta otelcilerin karavan tepkisi"},"content":{"rendered":"<p>T\u00fcrkiye\u2019nin \u00f6nemli turizm merkezlerinden biri olan Ayvac\u0131k il\u00e7esine ba\u011fl\u0131 Assos\u2019un Kad\u0131rga Plaj\u0131 karavanlar\u0131n ak\u0131n\u0131na u\u011fruyor. Kad\u0131rga Koyu\u2019na yerle\u015fen onlarca karavana b\u00f6lgedeki otel i\u015fletmecileri tepki g\u00f6sterdi.<\/p>\n<p>Assos\u2019un Kad\u0131rga Koyu\u2019na gelen onlarca turistin b\u00f6lgedeki plajlar\u0131 i\u015fgal ettiklerini ifade eden Assos Otelciler Derne\u011fi Ba\u015fkan\u0131 Bayram Erten, \u201cKad\u0131rga Koyu\u2019nun plaj k\u0131sm\u0131na yerle\u015fen karavanlar nedeniyle b\u00f6lgedeki oteller zor zamanlar ge\u00e7iriyor. Bu b\u00f6lgedeki otellerin \u00f6n\u00fcne kadar karavan\u0131n\u0131 durduran tatilciler y\u00fcz\u00fcnden otellerimizde kalan turistler s\u0131k\u0131nt\u0131 ya\u015f\u0131yor. Sahile ula\u015fmakta bile zaman zaman zorluk \u00e7ekiyorlar \u00e7\u00fcnk\u00fc bu karavanlar yolun plaj k\u0131sm\u0131na park etmi\u015f durumdalar. Biz karavanlar i\u00e7in s\u0131k\u0131nt\u0131 ya\u015f\u0131yoruz. Buradaki karavanlar ara\u00e7lar\u0131n\u0131 plaj k\u0131sm\u0131na de\u011fil de yolun di\u011fer taraf\u0131na durdursa bir s\u0131k\u0131nt\u0131 kalmaz ama bunu yapm\u0131yorlar. Burada turizm sezonu zaten k\u0131sa s\u00fcr\u00fcyor. Bir de \u00fcst\u00fcne plaj k\u0131sm\u0131na durduran karavanlar da eklenince turizmimiz de bundan olumsuz etkileniyor. Burada bir\u00e7ok kamping alan\u0131, karavan alan\u0131 var. Buralara durdurabilirler ama yapm\u0131yorlar. Baz\u0131 otellerin ve g\u00fcn\u00fc birlik i\u015fletmelerin plaj ile olan ba\u011flant\u0131s\u0131 bile bu karavanlar y\u00fcz\u00fcnden kesiliyor \u00e7\u00fcnk\u00fc plaj k\u0131sm\u0131na paralel olarak ara\u00e7lar\u0131n\u0131 durduruyor. Yetkililerden bir an \u00f6nce bu sorunun ortadan kald\u0131r\u0131lmas\u0131n\u0131 istiyoruz. Burada ho\u015f bir g\u00f6r\u00fcnt\u00fc var. 100\u2019\u00fc a\u015fk\u0131n karavan bu b\u00f6lgeye yerle\u015fti. Otellerimize gelen yerli ve yabanc\u0131 turistler de bu durumdan olan rahats\u0131zl\u0131\u011f\u0131n\u0131 bize bildiriyor\u201d dedi.<\/p>\n<p>B\u00f6lgede otel i\u015fletmecili\u011fi yapan H\u00fcseyin Atmaca isimli bir vatanda\u015f ise bu karavanlar\u0131n daha uygun bir yere park etmesi gerekti\u011fini ifade ederek, \u201cBurada bir \u00e7ok alan var oraya park edebilirler ama yapm\u0131yorlar. Kimseyi de dinlemiyorlar. Bu ara\u00e7lar\u0131n burada durmas\u0131 \u00e7o\u011fu oteli etkiliyor \u00e7\u00fcnk\u00fc m\u00fc\u015fteriler bu karavanlar y\u00fcz\u00fcnden plaja \u00e7evrelerinden dola\u015farak gidebiliyor. Ayr\u0131ca burada aylarca kalan karavanlar var. O zaman herkes karavan als\u0131n, istedi\u011fi yere park etsin. Sahile insin, orada dursun. B\u00f6yle bir \u015fey olabilir mi? Bu karavanlar\u0131n bayram \u00f6ncesinde mutlaka daha uygun bir yere park etmesi gerekiyor. Yetkilerden yard\u0131m bekliyoruz\u201d dedi.<\/p>\n","protected":false},"excerpt":{"rendered":"<p>T\u00dcRK\u0130YE\u2019N\u0130N \u00d6NEML\u0130 TUR\u0130ZM MERKEZLER\u0130NDEN B\u0130R\u0130 OLAN AYVACIK \u0130L\u00c7ES\u0130NE BA\u011eLI ASSOS\u2019UN KADIRGA PLAJI KARAVANLARIN AKININA U\u011eRUYOR. KADIRGA KOYU\u2019NA YERLE\u015eEN ONLARCA KARAVANA B\u00d6LGEDEK\u0130 OTEL \u0130\u015eLETMEC\u0130LER\u0130 TEPK\u0130 G\u00d6STERD\u0130.<\/p>\n","protected":false},"author":1,"featured_media":190812,"comment_status":"closed","ping_status":"open","sticky":false,"template":"","format":"standard","meta":{"jetpack_post_was_ever_published":false,"_jetpack_newsletter_access":"","_jetpack_dont_email_post_to_subs":false,"_jetpack_newsletter_tier_id":0,"_jetpack_memberships_contains_paywalled_content":false,"_jetpack_memberships_contains_paid_content":false,"footnotes":"","jetpack_publicize_message":"","jetpack_publicize_feature_enabled":true,"jetpack_social_post_already_shared":true,"jetpack_social_options":{"image_generator_settings":{"template":"highway","default_image_id":0,"font":"","enabled":false},"version":2}},"categories":[1],"tags":[47691,30865,47692,9601],"class_list":["post-190811","post","type-post","status-publish","format-standard","has-post-thumbnail","hentry","category-genel","tag-assosta","tag-karavan","tag-otelcilerin","tag-tepkisi"],"jetpack_publicize_connections":[],"jetpack_featured_media_url":"https:\/\/i0.wp.com\/www.tvturk.com\/wp-content\/uploads\/2019\/08\/assosta-otelcilerin-karavan-tepkisi_58154df.jpg?fit=1000%2C750","jetpack_sharing_enabled":true,"jetpack_shortlink":"https:\/\/wp.me\/paKIfm-NDB","_links":{"self":[{"href":"http:\/\/www.tvturk.com\/index.php\/wp-json\/wp\/v2\/posts\/190811","targetHints":{"allow":["GET"]}}],"collection":[{"href":"http:\/\/www.tvturk.com\/index.php\/wp-json\/wp\/v2\/posts"}],"about":[{"href":"http:\/\/www.tvturk.com\/index.php\/wp-json\/wp\/v2\/types\/post"}],"author":[{"embeddable":true,"href":"http:\/\/www.tvturk.com\/index.php\/wp-json\/wp\/v2\/users\/1"}],"replies":[{"embeddable":true,"href":"http:\/\/www.tvturk.com\/index.php\/wp-json\/wp\/v2\/comments?post=190811"}],"version-history":[{"count":0,"href":"http:\/\/www.tvturk.com\/index.php\/wp-json\/wp\/v2\/posts\/190811\/revisions"}],"wp:featuredmedia":[{"embeddable":true,"href":"http:\/\/www.tvturk.com\/index.php\/wp-json\/wp\/v2\/media\/190812"}],"wp:attachment":[{"href":"http:\/\/www.tvturk.com\/index.php\/wp-json\/wp\/v2\/media?parent=190811"}],"wp:term":[{"taxonomy":"category","embeddable":true,"href":"http:\/\/www.tvturk.com\/index.php\/wp-json\/wp\/v2\/categories?post=190811"},{"taxonomy":"post_tag","embeddable":true,"href":"http:\/\/www.tvturk.com\/index.php\/wp-json\/wp\/v2\/tags?post=190811"}],"curies":[{"name":"wp","href":"https:\/\/api.w.org\/{rel}","templated":true}]}}