{"id":190827,"date":"2019-08-06T14:32:36","date_gmt":"2019-08-06T11:32:36","guid":{"rendered":"http:\/\/www.tvturk.com\/index.php\/fenerbahce-taktik-calisti-3\/"},"modified":"2019-08-06T14:32:36","modified_gmt":"2019-08-06T11:32:36","slug":"fenerbahce-taktik-calisti-3","status":"publish","type":"post","link":"http:\/\/www.tvturk.com\/index.php\/fenerbahce-taktik-calisti-3\/","title":{"rendered":"Fenerbah\u00e7e taktik \u00e7al\u0131\u015ft\u0131"},"content":{"rendered":"<p>Fenerbah\u00e7e, yeni sezon haz\u0131rl\u0131klar\u0131n\u0131 sabah saatlerinde yapt\u0131\u011f\u0131 antrenmanla s\u00fcrd\u00fcrd\u00fc.<\/p>\n<p>Fenerbah\u00e7e Can Bartu Tesisleri\u2019nde, Teknik Direkt\u00f6r Ersun Yanal y\u00f6netiminde ger\u00e7ekle\u015ftirilen idman saat 11.00\u2019de ba\u015flad\u0131. Ko\u015fu, \u0131s\u0131nma ve koordinasyon hareketlerinin ard\u0131ndan pas \u00e7al\u0131\u015fmas\u0131 yapan oyuncular, antrenman\u0131 taktiksel ve bireysel \u00e7al\u0131\u015fmalarla tamamlad\u0131.<\/p>\n<p>Sar\u0131-lacivertliler, yeni sezon haz\u0131rl\u0131klar\u0131 kapsam\u0131nda \u0130talyan ekibi Cagliari Calcio ile yar\u0131n saat 20.30\u2019da \u00dclker Stadyumu Fenerbah\u00e7e \u015e\u00fckr\u00fc Saraco\u011flu Spor Kompleksi\u2019nde kar\u015f\u0131la\u015facak.<\/p>\n","protected":false},"excerpt":{"rendered":"<p>FENERBAH\u00c7E, YEN\u0130 SEZON HAZIRLIKLARINI SABAH SAATLER\u0130NDE YAPTI\u011eI ANTRENMANLA S\u00dcRD\u00dcRD\u00dc.<\/p>\n","protected":false},"author":1,"featured_media":190828,"comment_status":"closed","ping_status":"open","sticky":false,"template":"","format":"standard","meta":{"jetpack_post_was_ever_published":false,"_jetpack_newsletter_access":"","_jetpack_dont_email_post_to_subs":false,"_jetpack_newsletter_tier_id":0,"_jetpack_memberships_contains_paywalled_content":false,"_jetpack_memberships_contains_paid_content":false,"footnotes":"","jetpack_publicize_message":"","jetpack_publicize_feature_enabled":true,"jetpack_social_post_already_shared":true,"jetpack_social_options":{"image_generator_settings":{"template":"highway","default_image_id":0,"font":"","enabled":false},"version":2}},"categories":[657],"tags":[5060,2626,5059],"class_list":["post-190827","post","type-post","status-publish","format-standard","has-post-thumbnail","hentry","category-spor","tag-calisti","tag-fenerbahce","tag-taktik"],"jetpack_publicize_connections":[],"jetpack_featured_media_url":"https:\/\/i0.wp.com\/www.tvturk.com\/wp-content\/uploads\/2019\/08\/fenerbahce-taktik-calisti_12e4a03.jpg?fit=1000%2C597","jetpack_sharing_enabled":true,"jetpack_shortlink":"https:\/\/wp.me\/paKIfm-NDR","_links":{"self":[{"href":"http:\/\/www.tvturk.com\/index.php\/wp-json\/wp\/v2\/posts\/190827","targetHints":{"allow":["GET"]}}],"collection":[{"href":"http:\/\/www.tvturk.com\/index.php\/wp-json\/wp\/v2\/posts"}],"about":[{"href":"http:\/\/www.tvturk.com\/index.php\/wp-json\/wp\/v2\/types\/post"}],"author":[{"embeddable":true,"href":"http:\/\/www.tvturk.com\/index.php\/wp-json\/wp\/v2\/users\/1"}],"replies":[{"embeddable":true,"href":"http:\/\/www.tvturk.com\/index.php\/wp-json\/wp\/v2\/comments?post=190827"}],"version-history":[{"count":0,"href":"http:\/\/www.tvturk.com\/index.php\/wp-json\/wp\/v2\/posts\/190827\/revisions"}],"wp:featuredmedia":[{"embeddable":true,"href":"http:\/\/www.tvturk.com\/index.php\/wp-json\/wp\/v2\/media\/190828"}],"wp:attachment":[{"href":"http:\/\/www.tvturk.com\/index.php\/wp-json\/wp\/v2\/media?parent=190827"}],"wp:term":[{"taxonomy":"category","embeddable":true,"href":"http:\/\/www.tvturk.com\/index.php\/wp-json\/wp\/v2\/categories?post=190827"},{"taxonomy":"post_tag","embeddable":true,"href":"http:\/\/www.tvturk.com\/index.php\/wp-json\/wp\/v2\/tags?post=190827"}],"curies":[{"name":"wp","href":"https:\/\/api.w.org\/{rel}","templated":true}]}}