{"id":190861,"date":"2019-08-06T15:31:54","date_gmt":"2019-08-06T12:31:54","guid":{"rendered":"http:\/\/www.tvturk.com\/index.php\/polis-esinin-feryadi-yurekleri-dagladi\/"},"modified":"2019-08-06T15:31:54","modified_gmt":"2019-08-06T12:31:54","slug":"polis-esinin-feryadi-yurekleri-dagladi","status":"publish","type":"post","link":"http:\/\/www.tvturk.com\/index.php\/polis-esinin-feryadi-yurekleri-dagladi\/","title":{"rendered":"Polis e\u015finin feryad\u0131 y\u00fcrekleri da\u011flad\u0131"},"content":{"rendered":"<p>Karab\u00fck\u2019te kalp krizi sonucu hayat\u0131n\u0131 kaybeden polis memuru Y\u00fccel Demirci(42) son yolculu\u011funa u\u011furlan\u0131rken, ac\u0131l\u0131 e\u015fin ve 10 g\u00fcnl\u00fck bebe\u011finin vedas\u0131 y\u00fcrekleri da\u011flarken, 5 ya\u015f\u0131ndaki \u00d6mer Taha ve 2 ya\u015f\u0131ndaki Hasan H\u00fcseyin tabutun \u00f6n\u00fcnde bulunan babalar\u0131n\u0131n resminin \u00f6n\u00fcnden ayr\u0131lmad\u0131.<\/p>\n<p>D\u00fcn ak\u015fam Karab\u00fck Polis Meslek E\u011fitim Merkezi\u2019nde (POMEM) g\u00f6revli polis memuru Y\u00fccel Demirci \u00e7al\u0131\u015ft\u0131\u011f\u0131 masas\u0131nda aniden fenala\u015farak yere y\u0131\u011f\u0131lm\u0131\u015ft\u0131. Di\u011fer mesai arkada\u015flar\u0131n\u0131n ihbar\u0131 \u00fczerine 112 ekipleri olay yerine sevk edilirken, sa\u011fl\u0131k ekiplerinin ilk m\u00fcdahalesinin ard\u0131ndan Karab\u00fck E\u011fitim ve Ara\u015ft\u0131rma Hastanesine kald\u0131r\u0131lan Demirci\u2019nin kalbi durmu\u015ftu. Hastanede doktorlar taraf\u0131ndan yap\u0131lan t\u00fcm m\u00fcdahalelere ra\u011fmen evli ve 3 \u00e7ocuk babas\u0131 Demirci hastanede hayat\u0131n\u0131 kaybetti.<\/p>\n<p>E\u015finden ve \u00e7ocuklar\u0131ndan duygu dolu veda<\/p>\n<p>Kalp krizi sonucu hayat\u0131n\u0131 kaybeden polis memuru Demirci i\u00e7in 100. Y\u0131l Mahallesi Bilgekent Camii\u2019nde \u00f6\u011fle namaz\u0131na m\u00fcteakip cenaze t\u00f6reni d\u00fczenlendi. T\u00f6rende baba Hasan Demirci yak\u0131nlar\u0131 taziyeleri kabul ederken, yak\u0131nlar\u0131n\u0131n deste\u011fi ile ayakta kalabilen e\u015fi H\u00fclya Demirci, tabutun ba\u015f\u0131na gelerek, \u201c Kalk Y\u00fccel, biz geldik. Bebe\u011fini getireyim de kokla. Hadi kalk, neden hemen gittin. Birden gittin, bizi neden b\u0131rakt\u0131n Y\u00fccel. Ben senin yan\u0131ndayd\u0131m sende benim yan\u0131mdayd\u0131n. O beni hi\u00e7 incitmedi. B\u00f6yle olmas\u0131n\u0131 sende istemezdin Y\u00fccelim\u201c g\u00f6zya\u015flar\u0131 i\u00e7inde feryat etti. Ac\u0131l\u0131 e\u015fin feryad\u0131 t\u00f6rendekilerin y\u00fcreklerini da\u011flad\u0131.<\/p>\n<p>Polis Demirci\u2019nin 10 g\u00fcn \u00f6nce \u00fc\u00e7\u00fcnc\u00fc kez baba oldu\u011fu \u00f6\u011frenilirken, ac\u0131l\u0131 e\u015f H\u00fclya Demirci, 10 g\u00fcnl\u00fck bebekleri \u0130brahim Selim\u2019in babas\u0131n\u0131n tabutuna elini dokunarak, veda ettirirken, yak\u0131nlar\u0131 gen\u00e7 kad\u0131n\u0131 g\u00fc\u00e7l\u00fckle sakinle\u015ftirdi. Bu s\u0131rada Demirci\u2019nin 5 ya\u015f\u0131ndaki o\u011flu \u00d6mer Taha ise babas\u0131n\u0131n resmini severek, adeta babas\u0131na kalk dercesine tabuta vurmas\u0131 dikkat \u00e7ekti.<\/p>\n<p>\u00d6\u011fle namaz\u0131na m\u00fcteakip k\u0131l\u0131nan cenaze namaz\u0131n\u0131n ard\u0131ndan son yolculu\u011funa u\u011furlanan polis memuru 5000 Evler Aile Mezarl\u0131\u011f\u0131na defnedildi.<\/p>\n<p>Cenaze t\u00f6renine Demirci\u2019nin yak\u0131nlar\u0131n\u0131n yan\u0131 s\u0131ra Karab\u00fck Valisi Fuat G\u00fcrel, \u0130l Emniyet M\u00fcd\u00fcr\u00fc S\u0131rr\u0131 Tu\u011f, POMEM M\u00fcd\u00fcr\u00fc Mahmut Karabulut, \u0130l Jandarma Komutan\u0131 Alb. Ali Sefa Y\u0131lmaz, Safranbolu Kaymakam\u0131 Dr. Fatih \u00dcrkmezer, \u0130l \u00d6zel \u0130daresi Genel Sekreteri Mehmet Uzun, Eskipazar Belediye Ba\u015fkan\u0131 H\u00fcseyin D\u00f6nmez, kurum m\u00fcd\u00fcrleri, silah arkada\u015flar\u0131 ve askeri erkan ile \u00e7ok say\u0131da vatanda\u015flar kat\u0131ld\u0131.<\/p>\n","protected":false},"excerpt":{"rendered":"<p>KARAB\u00dcK\u2019TE KALP KR\u0130Z\u0130 SONUCU HAYATINI KAYBEDEN POL\u0130S MEMURU Y\u00dcCEL DEM\u0130RC\u0130(42) SON YOLCULU\u011eUNA U\u011eURLANIRKEN, ACILI E\u015e\u0130N VE 10 G\u00dcNL\u00dcK BEBE\u011e\u0130N\u0130N VEDASI Y\u00dcREKLER\u0130 DA\u011eLARKEN, 5 YA\u015eINDAK\u0130 \u00d6MER TAHA VE 2 YA\u015eINDAK\u0130 HASAN H\u00dcSEY\u0130N TABUTUN \u00d6N\u00dcNDE BULUNAN BABALARININ RESM\u0130N\u0130N \u00d6N\u00dcNDEN AYRILMADI.<\/p>\n","protected":false},"author":1,"featured_media":190862,"comment_status":"closed","ping_status":"open","sticky":false,"template":"","format":"standard","meta":{"jetpack_post_was_ever_published":false,"_jetpack_newsletter_access":"","_jetpack_dont_email_post_to_subs":false,"_jetpack_newsletter_tier_id":0,"_jetpack_memberships_contains_paywalled_content":false,"_jetpack_memberships_contains_paid_content":false,"footnotes":"","jetpack_publicize_message":"","jetpack_publicize_feature_enabled":true,"jetpack_social_post_already_shared":true,"jetpack_social_options":{"image_generator_settings":{"template":"highway","default_image_id":0,"font":"","enabled":false},"version":2}},"categories":[1],"tags":[7404,9689,16764,996,7403],"class_list":["post-190861","post","type-post","status-publish","format-standard","has-post-thumbnail","hentry","category-genel","tag-dagladi","tag-esinin","tag-feryadi","tag-polis","tag-yurekleri"],"jetpack_publicize_connections":[],"jetpack_featured_media_url":"https:\/\/i0.wp.com\/www.tvturk.com\/wp-content\/uploads\/2019\/08\/polis-esinin-feryadi-yurekleri-dagladi_a1e7ce5.jpg?fit=1000%2C666","jetpack_sharing_enabled":true,"jetpack_shortlink":"https:\/\/wp.me\/paKIfm-NEp","_links":{"self":[{"href":"http:\/\/www.tvturk.com\/index.php\/wp-json\/wp\/v2\/posts\/190861","targetHints":{"allow":["GET"]}}],"collection":[{"href":"http:\/\/www.tvturk.com\/index.php\/wp-json\/wp\/v2\/posts"}],"about":[{"href":"http:\/\/www.tvturk.com\/index.php\/wp-json\/wp\/v2\/types\/post"}],"author":[{"embeddable":true,"href":"http:\/\/www.tvturk.com\/index.php\/wp-json\/wp\/v2\/users\/1"}],"replies":[{"embeddable":true,"href":"http:\/\/www.tvturk.com\/index.php\/wp-json\/wp\/v2\/comments?post=190861"}],"version-history":[{"count":0,"href":"http:\/\/www.tvturk.com\/index.php\/wp-json\/wp\/v2\/posts\/190861\/revisions"}],"wp:featuredmedia":[{"embeddable":true,"href":"http:\/\/www.tvturk.com\/index.php\/wp-json\/wp\/v2\/media\/190862"}],"wp:attachment":[{"href":"http:\/\/www.tvturk.com\/index.php\/wp-json\/wp\/v2\/media?parent=190861"}],"wp:term":[{"taxonomy":"category","embeddable":true,"href":"http:\/\/www.tvturk.com\/index.php\/wp-json\/wp\/v2\/categories?post=190861"},{"taxonomy":"post_tag","embeddable":true,"href":"http:\/\/www.tvturk.com\/index.php\/wp-json\/wp\/v2\/tags?post=190861"}],"curies":[{"name":"wp","href":"https:\/\/api.w.org\/{rel}","templated":true}]}}