{"id":190890,"date":"2019-08-06T16:17:19","date_gmt":"2019-08-06T13:17:19","guid":{"rendered":"http:\/\/www.tvturk.com\/index.php\/trabzonspor-praga-tur-icin-uctu\/"},"modified":"2019-08-06T16:17:19","modified_gmt":"2019-08-06T13:17:19","slug":"trabzonspor-praga-tur-icin-uctu","status":"publish","type":"post","link":"http:\/\/www.tvturk.com\/index.php\/trabzonspor-praga-tur-icin-uctu\/","title":{"rendered":"Trabzonspor Prag\u2019a tur i\u00e7in u\u00e7tu"},"content":{"rendered":"<p>Trabzonspor, 8 A\u011fustos Per\u015fembe g\u00fcn\u00fc Sparta Prag ile oynayaca\u011f\u0131 UEFA Avrupa Ligi 3. \u00d6n Eleme Turu ilk ma\u00e7\u0131 i\u00e7in bug\u00fcn \u00c7ekya\u2019n\u0131n ba\u015fkenti Prag\u2019a gitti.<\/p>\n<p>Mehmet Ali Y\u0131lmaz Tesisleri\u2019nde bas\u0131na kapal\u0131 olarak ger\u00e7ekle\u015ftirdi\u011fi son antrenman\u0131n ard\u0131ndan Trabzon\u2019daki haz\u0131rl\u0131klar\u0131n\u0131 tamamlayan bordo-mavililer, saat 14.30\u2019da \u00f6zel u\u00e7ak ile kar\u015f\u0131la\u015fman\u0131n oynanaca\u011f\u0131 Prag\u2019a u\u00e7tu. Bordo mavilileri Prag\u2019a havaliman\u0131ndan bir grup taraftar u\u011furlad\u0131.<\/p>\n<p>Trabzonspor\u2019un Prag kafilesinde U\u011furcan, Erce, Arda, Hosseini, H\u00fcseyin, Campi, Ivanildo, Pereira, Kamil Ahmet, Novak, Sosa, Abdulkadir Parmak, Obi Mikel, Do\u011fan, Ahmet Canbaz, Abd\u00fclkadir \u00d6m\u00fcr, Nwakaeme, Avdijaj, Ekuban ve yeni transfer S\u00f6rloth olmak \u00fczere toplam 20 oyuncu yer al\u0131rken, sakatl\u0131klar\u0131 bulunan ve tedavileri devam eden Onazi, Yusuf Sar\u0131, Abdurrahim Dursun ile F\u0131ratcan kafilede yer almad\u0131.<\/p>\n","protected":false},"excerpt":{"rendered":"<p>TRABZONSPOR, 8 A\u011eUSTOS PER\u015eEMBE G\u00dcN\u00dc SPARTA PRAG \u0130LE OYNAYACA\u011eI UEFA AVRUPA L\u0130G\u0130 3. \u00d6N ELEME TURU \u0130LK MA\u00c7I \u0130\u00c7\u0130N BUG\u00dcN \u00c7EKYA&#8217;NIN BA\u015eKENT\u0130 PRAG\u2019A G\u0130TT\u0130.<\/p>\n","protected":false},"author":1,"featured_media":190891,"comment_status":"closed","ping_status":"open","sticky":false,"template":"","format":"standard","meta":{"jetpack_post_was_ever_published":false,"_jetpack_newsletter_access":"","_jetpack_dont_email_post_to_subs":false,"_jetpack_newsletter_tier_id":0,"_jetpack_memberships_contains_paywalled_content":false,"_jetpack_memberships_contains_paid_content":false,"footnotes":"","jetpack_publicize_message":"","jetpack_publicize_feature_enabled":true,"jetpack_social_post_already_shared":true,"jetpack_social_options":{"image_generator_settings":{"template":"highway","default_image_id":0,"font":"","enabled":false},"version":2}},"categories":[657],"tags":[44,47723,916,780,1926],"class_list":["post-190890","post","type-post","status-publish","format-standard","has-post-thumbnail","hentry","category-spor","tag-icin","tag-praga","tag-trabzonspor","tag-tur","tag-uctu"],"jetpack_publicize_connections":[],"jetpack_featured_media_url":"https:\/\/i0.wp.com\/www.tvturk.com\/wp-content\/uploads\/2019\/08\/trabzonspor-praga-tur-icin-uctu_09724f0.jpg?fit=1000%2C666","jetpack_sharing_enabled":true,"jetpack_shortlink":"https:\/\/wp.me\/paKIfm-NES","_links":{"self":[{"href":"http:\/\/www.tvturk.com\/index.php\/wp-json\/wp\/v2\/posts\/190890","targetHints":{"allow":["GET"]}}],"collection":[{"href":"http:\/\/www.tvturk.com\/index.php\/wp-json\/wp\/v2\/posts"}],"about":[{"href":"http:\/\/www.tvturk.com\/index.php\/wp-json\/wp\/v2\/types\/post"}],"author":[{"embeddable":true,"href":"http:\/\/www.tvturk.com\/index.php\/wp-json\/wp\/v2\/users\/1"}],"replies":[{"embeddable":true,"href":"http:\/\/www.tvturk.com\/index.php\/wp-json\/wp\/v2\/comments?post=190890"}],"version-history":[{"count":0,"href":"http:\/\/www.tvturk.com\/index.php\/wp-json\/wp\/v2\/posts\/190890\/revisions"}],"wp:featuredmedia":[{"embeddable":true,"href":"http:\/\/www.tvturk.com\/index.php\/wp-json\/wp\/v2\/media\/190891"}],"wp:attachment":[{"href":"http:\/\/www.tvturk.com\/index.php\/wp-json\/wp\/v2\/media?parent=190890"}],"wp:term":[{"taxonomy":"category","embeddable":true,"href":"http:\/\/www.tvturk.com\/index.php\/wp-json\/wp\/v2\/categories?post=190890"},{"taxonomy":"post_tag","embeddable":true,"href":"http:\/\/www.tvturk.com\/index.php\/wp-json\/wp\/v2\/tags?post=190890"}],"curies":[{"name":"wp","href":"https:\/\/api.w.org\/{rel}","templated":true}]}}