{"id":190980,"date":"2019-08-07T08:46:07","date_gmt":"2019-08-07T05:46:07","guid":{"rendered":"http:\/\/www.tvturk.com\/index.php\/abd-savunma-bakani-esper-japonyada\/"},"modified":"2019-08-07T08:46:07","modified_gmt":"2019-08-07T05:46:07","slug":"abd-savunma-bakani-esper-japonyada","status":"publish","type":"post","link":"http:\/\/www.tvturk.com\/index.php\/abd-savunma-bakani-esper-japonyada\/","title":{"rendered":"ABD Savunma Bakan\u0131 Esper Japonya\u2019da"},"content":{"rendered":"<p>Japonya Ba\u015fbakan\u0131 Shinzo Abe ve ABD Savunma Bakan\u0131 Mark Esper, iki \u00fclke aras\u0131ndaki ittifak\u0131 g\u00fc\u00e7lendirme konusunda mutab\u0131k kald\u0131.<\/p>\n<p>ABD Savunma Bakan\u0131 Mark Esper ve Japonya Ba\u015fbakan\u0131 Shinzo Abe, \u00e7ar\u015famba sabah\u0131 Tokyo\u2019daki Ba\u015fbakanl\u0131k ofisinde bir araya geldi. Temmuz ay\u0131nda g\u00f6reve gelen Esper, Japonya\u2019ya ilk ziyaretinde Ba\u015fbakan Abe ile iki \u00fclkeyi ilgilendiren b\u00f6lgesel konular\u0131 ele ald\u0131.<\/p>\n<p>Esper\u2019in g\u00f6r\u00fc\u015fmede, Abe\u2019nin de \u00fczerinde durdu\u011fu \u00f6zg\u00fcr ve serbest bir Hint-Pasifik b\u00f6lgesi hedefi i\u00e7in iki \u00fclkenin ittifak\u0131n\u0131n \u00f6nemine vurgu yapt\u0131\u011f\u0131 \u00f6\u011frenildi. Esper\u2019in ayr\u0131ca \u00c7in\u2019in b\u00f6lgeyi istikrars\u0131zla\u015ft\u0131ran faaliyetlerinden endi\u015fe duydu\u011funu, Pekin\u2019in sald\u0131rgan askeri ve ekonomik politikalar\u0131 ile uluslararas\u0131 kurallar\u0131 ihlal etti\u011fini ifade etti\u011fi belirtildi.<\/p>\n<p>Kuzey Kore tehlikesinin devam etti\u011fini s\u00f6yleyen Esper, ayr\u0131ca Pyongyang\u2019a y\u00f6nelik BM G\u00fcvenlik Konseyi yapt\u0131r\u0131mlar\u0131n\u0131n uygulanmas\u0131ndaki yard\u0131mlar\u0131 i\u00e7in Japonya\u2019ya te\u015fekk\u00fcr etti. Esper, \u00fclkesinin Kuzey Kore\u2019de eksiksiz, do\u011frulanabilir ve geri d\u00f6n\u00fc\u015f\u00fc olmayan bir n\u00fckleersizle\u015fme sa\u011flanmas\u0131 hedefine ba\u011fl\u0131l\u0131\u011f\u0131n\u0131 korudu\u011funu da ekledi.<\/p>\n<p>Japonya-ABD ittifak\u0131n\u0131n hi\u00e7 olmad\u0131\u011f\u0131 kadar g\u00fc\u00e7l\u00fc oldu\u011funu kaydeden Abe ise, s\u00f6z konusu ittifak\u0131 g\u00fc\u00e7lendirmeyi ve iki \u00fclkenin \u00f6zg\u00fcr ve serbest bir Hint-Pasifik b\u00f6lgesi konusundaki i\u015fbirli\u011fini s\u00fcrd\u00fcrmeyi umdu\u011funu s\u00f6yledi.<\/p>\n","protected":false},"excerpt":{"rendered":"<p>JAPONYA BA\u015eBAKANI SH\u0130NZO ABE, TOKYO&#8217;DAK\u0130 BA\u015eBAKANLIK OF\u0130S\u0130NDE ABD SAVUNMA BAKANI MARK ESPER&#8217;\u0130 KABUL ETT\u0130.<\/p>\n","protected":false},"author":1,"featured_media":190981,"comment_status":"closed","ping_status":"open","sticky":false,"template":"","format":"standard","meta":{"jetpack_post_was_ever_published":false,"_jetpack_newsletter_access":"","_jetpack_dont_email_post_to_subs":false,"_jetpack_newsletter_tier_id":0,"_jetpack_memberships_contains_paywalled_content":false,"_jetpack_memberships_contains_paid_content":false,"footnotes":"","jetpack_publicize_message":"","jetpack_publicize_feature_enabled":true,"jetpack_social_post_already_shared":true,"jetpack_social_options":{"image_generator_settings":{"template":"highway","default_image_id":0,"font":"","enabled":false},"version":2}},"categories":[10],"tags":[1936,933,46327,15716,33],"class_list":["post-190980","post","type-post","status-publish","format-standard","has-post-thumbnail","hentry","category-dunya","tag-abd","tag-bakani","tag-esper","tag-japonyada","tag-savunma"],"jetpack_publicize_connections":[],"jetpack_featured_media_url":"https:\/\/i0.wp.com\/www.tvturk.com\/wp-content\/uploads\/2019\/08\/abd-savunma-bakani-esper-japonyada_6412b11.jpg?fit=1000%2C730","jetpack_sharing_enabled":true,"jetpack_shortlink":"https:\/\/wp.me\/paKIfm-NGk","_links":{"self":[{"href":"http:\/\/www.tvturk.com\/index.php\/wp-json\/wp\/v2\/posts\/190980","targetHints":{"allow":["GET"]}}],"collection":[{"href":"http:\/\/www.tvturk.com\/index.php\/wp-json\/wp\/v2\/posts"}],"about":[{"href":"http:\/\/www.tvturk.com\/index.php\/wp-json\/wp\/v2\/types\/post"}],"author":[{"embeddable":true,"href":"http:\/\/www.tvturk.com\/index.php\/wp-json\/wp\/v2\/users\/1"}],"replies":[{"embeddable":true,"href":"http:\/\/www.tvturk.com\/index.php\/wp-json\/wp\/v2\/comments?post=190980"}],"version-history":[{"count":0,"href":"http:\/\/www.tvturk.com\/index.php\/wp-json\/wp\/v2\/posts\/190980\/revisions"}],"wp:featuredmedia":[{"embeddable":true,"href":"http:\/\/www.tvturk.com\/index.php\/wp-json\/wp\/v2\/media\/190981"}],"wp:attachment":[{"href":"http:\/\/www.tvturk.com\/index.php\/wp-json\/wp\/v2\/media?parent=190980"}],"wp:term":[{"taxonomy":"category","embeddable":true,"href":"http:\/\/www.tvturk.com\/index.php\/wp-json\/wp\/v2\/categories?post=190980"},{"taxonomy":"post_tag","embeddable":true,"href":"http:\/\/www.tvturk.com\/index.php\/wp-json\/wp\/v2\/tags?post=190980"}],"curies":[{"name":"wp","href":"https:\/\/api.w.org\/{rel}","templated":true}]}}