{"id":190994,"date":"2019-08-07T09:31:40","date_gmt":"2019-08-07T06:31:40","guid":{"rendered":"http:\/\/www.tvturk.com\/index.php\/balikcilar-1-eylulu-iple-cekiyor\/"},"modified":"2019-08-07T09:31:40","modified_gmt":"2019-08-07T06:31:40","slug":"balikcilar-1-eylulu-iple-cekiyor","status":"publish","type":"post","link":"http:\/\/www.tvturk.com\/index.php\/balikcilar-1-eylulu-iple-cekiyor\/","title":{"rendered":"Bal\u0131k\u00e7\u0131lar 1 Eyl\u00fcl\u2019\u00fc iple \u00e7ekiyor"},"content":{"rendered":"<p>Samsun B\u00f6lgesi Su \u00dcr\u00fcnleri Kooperatifleri Ba\u015fkan\u0131 At\u0131f Malko\u00e7, &#8220;Deniz suyu may\u0131s ve haziran aylar\u0131nda biraz so\u011fuk ge\u00e7ti. Bu sezon palamut pek olmayabilir ama hamsi iyi \u00e7\u0131kacak gibi g\u00f6r\u00fcn\u00fcyor\u201d dedi.<\/p>\n<p>Denizlerde 15 Nisan\u2019da ba\u015flayan bal\u0131k av yasa\u011f\u0131, 1 Eyl\u00fcl\u2019de sona erecek. Avlanma yasa\u011f\u0131n\u0131n kalkmas\u0131na az zaman kala bal\u0131k\u00e7\u0131lar son haz\u0131rl\u0131klar\u0131na tamamlamak \u00fczere \u00e7al\u0131\u015fmalar\u0131na h\u0131z verdi.<\/p>\n<p>Canik Bal\u0131k\u00e7\u0131 Bar\u0131na\u011f\u0131\u2019nda bulunan bal\u0131k\u00e7\u0131lar, y\u0131rt\u0131lm\u0131\u015f a\u011flar\u0131n\u0131 tamir ederek ve teknelerinin bak\u0131m\u0131n\u0131 yaparak yeni sezona haz\u0131rlan\u0131yor. Denizdeki iklim de\u011fi\u015fikli\u011finden dolay\u0131 ge\u00e7en senelere oranla baz\u0131 bal\u0131k t\u00fcrlerinde avlanman\u0131n az olabilece\u011fi belirten Samsun B\u00f6lgesi Su \u00dcr\u00fcnleri Kooperatifleri Ba\u015fkan\u0131 At\u0131f Malko\u00e7, \u201cDeniz suyu may\u0131s ve haziran aylar\u0131nda biraz so\u011fuk ge\u00e7ti. Palamut pek olmayabilir ama hamsi iyi \u00e7\u0131kacak gibi g\u00f6r\u00fcn\u00fcyor. L\u00fcfer bal\u0131\u011f\u0131n\u0131n da iyi \u00e7\u0131kmas\u0131n\u0131 bekliyoruz. Karadeniz\u2019in \u015fu an orta taraflar\u0131 normal s\u0131cakl\u0131kta, k\u0131y\u0131lar\u0131 so\u011fuk durumda. Bundan dolay\u0131 baz\u0131 bal\u0131klar\u0131n avlanmas\u0131 az olabilir\u201d dedi.<\/p>\n<p>\u201cBal\u0131k\u00e7\u0131n\u0131n en b\u00fcy\u00fck s\u0131k\u0131nt\u0131lar\u0131ndan biri bal\u0131k boylar\u0131ndaki yasaklar\u201d<\/p>\n<p>Yeni sezonda bal\u0131k boyundan kaynaklanan avlanma yasaklar\u0131na da de\u011finen Malko\u00e7, \u201cSezon ba\u015flar, yasaklar da beraberinde gelir. Karadeniz\u2019in di\u011fer ucunda, Rusya taraf\u0131nda istavrit 12 santimden, bizde ise 13 santimden, onlarda hamsi 5 santimden, bizde ise 9 santimden, \u00e7inekop kar\u015f\u0131 tarafta boy santimi yok, bizde ise 18 santimden avlan\u0131yor. Aram\u0131zda olan bu dengesizlik kalkmal\u0131\u201d diye konu\u015ftu.<\/p>\n<p>Tekne haz\u0131rl\u0131klar\u0131 tamamlanmak \u00fczere<\/p>\n<p>1 Eyl\u00fcl\u2019de \u2018Vira Bismillah\u2019 diyecek bal\u0131k\u00e7\u0131lar tekne haz\u0131rl\u0131klar\u0131n\u0131 tamamlamak \u00fczere. Yeni sezondan umutlu olduklar\u0131n\u0131 ifade eden bal\u0131k\u00e7\u0131 Ahmet Salih Malko\u00e7 ise \u201cTeknelerimizi boyad\u0131k. A\u011flar\u0131m\u0131z\u0131n tamirat\u0131n\u0131 yapt\u0131k. Allah nasip ederse 1 Eyl\u00fcl\u2019de Vira Bismillah diyece\u011fiz. Bal\u0131k\u00e7\u0131n\u0131n her zaman umudu vard\u0131r\u201d \u015feklinde konu\u015ftu.<\/p>\n<p>Yeni sezon haz\u0131rl\u0131klar\u0131n\u0131 s\u00fcrd\u00fcren bal\u0131k\u00e7\u0131lar 1 Eyl\u00fcl\u2019\u00fc iple \u00e7ekiyor.<\/p>\n","protected":false},"excerpt":{"rendered":"<p>BALIK\u00c7ILAR \u0130\u00c7\u0130N AVLANMA YASA\u011eI 1 EYL\u00dcL\u2019 DE KALKACAK. AVLANMA YASA\u011eININ KALKMASINA AZ ZAMAN KALA BALIK\u00c7ILAR SON HAZIRLIKLARINA TAMAMLAMAK \u00dcZERE \u00c7ALI\u015eMALARINI HIZLA S\u00dcRD\u00dcR\u00dcYOR.<\/p>\n","protected":false},"author":1,"featured_media":190995,"comment_status":"closed","ping_status":"open","sticky":false,"template":"","format":"standard","meta":{"jetpack_post_was_ever_published":false,"_jetpack_newsletter_access":"","_jetpack_dont_email_post_to_subs":false,"_jetpack_newsletter_tier_id":0,"_jetpack_memberships_contains_paywalled_content":false,"_jetpack_memberships_contains_paid_content":false,"footnotes":"","jetpack_publicize_message":"","jetpack_publicize_feature_enabled":true,"jetpack_social_post_already_shared":true,"jetpack_social_options":{"image_generator_settings":{"template":"highway","default_image_id":0,"font":"","enabled":false},"version":2}},"categories":[19],"tags":[6537,3922,45621,17508],"class_list":["post-190994","post","type-post","status-publish","format-standard","has-post-thumbnail","hentry","category-ekonomi","tag-balikcilar","tag-cekiyor","tag-eylulu","tag-iple"],"jetpack_publicize_connections":[],"jetpack_featured_media_url":"https:\/\/i0.wp.com\/www.tvturk.com\/wp-content\/uploads\/2019\/08\/balikcilar-1-eylulu-iple-cekiyor_4f9d5d7.jpg?fit=1000%2C846","jetpack_sharing_enabled":true,"jetpack_shortlink":"https:\/\/wp.me\/paKIfm-NGy","_links":{"self":[{"href":"http:\/\/www.tvturk.com\/index.php\/wp-json\/wp\/v2\/posts\/190994","targetHints":{"allow":["GET"]}}],"collection":[{"href":"http:\/\/www.tvturk.com\/index.php\/wp-json\/wp\/v2\/posts"}],"about":[{"href":"http:\/\/www.tvturk.com\/index.php\/wp-json\/wp\/v2\/types\/post"}],"author":[{"embeddable":true,"href":"http:\/\/www.tvturk.com\/index.php\/wp-json\/wp\/v2\/users\/1"}],"replies":[{"embeddable":true,"href":"http:\/\/www.tvturk.com\/index.php\/wp-json\/wp\/v2\/comments?post=190994"}],"version-history":[{"count":0,"href":"http:\/\/www.tvturk.com\/index.php\/wp-json\/wp\/v2\/posts\/190994\/revisions"}],"wp:featuredmedia":[{"embeddable":true,"href":"http:\/\/www.tvturk.com\/index.php\/wp-json\/wp\/v2\/media\/190995"}],"wp:attachment":[{"href":"http:\/\/www.tvturk.com\/index.php\/wp-json\/wp\/v2\/media?parent=190994"}],"wp:term":[{"taxonomy":"category","embeddable":true,"href":"http:\/\/www.tvturk.com\/index.php\/wp-json\/wp\/v2\/categories?post=190994"},{"taxonomy":"post_tag","embeddable":true,"href":"http:\/\/www.tvturk.com\/index.php\/wp-json\/wp\/v2\/tags?post=190994"}],"curies":[{"name":"wp","href":"https:\/\/api.w.org\/{rel}","templated":true}]}}