{"id":191014,"date":"2019-08-07T09:46:39","date_gmt":"2019-08-07T06:46:39","guid":{"rendered":"http:\/\/www.tvturk.com\/index.php\/ahlatta-malazgirt-zaferinin-yil-donumu-hazirliklari-suruyor\/"},"modified":"2019-08-07T09:46:39","modified_gmt":"2019-08-07T06:46:39","slug":"ahlatta-malazgirt-zaferinin-yil-donumu-hazirliklari-suruyor","status":"publish","type":"post","link":"http:\/\/www.tvturk.com\/index.php\/ahlatta-malazgirt-zaferinin-yil-donumu-hazirliklari-suruyor\/","title":{"rendered":"Ahlat\u2019ta Malazgirt Zaferi\u2019nin y\u0131l d\u00f6n\u00fcm\u00fc haz\u0131rl\u0131klar\u0131 s\u00fcr\u00fcyor"},"content":{"rendered":"<p>Bitlis\u2019in Ahlat il\u00e7esindeki \u00c7arho mevkiinde bulunan ve Cumhurba\u015fkan\u0131 Recep Tayyip Erdo\u011fan\u2019\u0131n da kat\u0131lmas\u0131 beklenen 1071 Ahlat-Malazgirt Zaferi kutlama alan\u0131nda \u00e7evre d\u00fczenleme ve dere \u0131slah \u00e7al\u0131\u015fmalar\u0131 devam ediyor.<\/p>\n<p>Bitlis Valisi Oktay \u00c7a\u011fatay, kutlama aln\u0131nda Ahlat Belediyesi ve DS\u0130 17. B\u00f6lge M\u00fcd\u00fcrl\u00fc\u011f\u00fcnce ba\u015flat\u0131lan \u00e7al\u0131\u015fmalar\u0131 yerinde inceleyerek, Ahlat Kaymakam\u0131 Mustafa Akg\u00fcl ve Belediye Ba\u015fkan\u0131 M\u00fcmtaz \u00c7oban\u2019dan bilgi ald\u0131. Kutlama alan\u0131nda yak\u0131n zamanda sel ya\u015fand\u0131\u011f\u0131n\u0131 ifade eden Vali \u00c7a\u011fatay, 23 ve 26 A\u011fustos tarihleri aras\u0131nda yap\u0131lacak olan kutlamalara her \u015feyin haz\u0131r olaca\u011f\u0131n\u0131 s\u00f6yledi.<\/p>\n<p>\u00c7arho mevkiinde kurulan ota\u011flar\u0131 gezerek gazetecilere a\u00e7\u0131klama yapan Vali \u00c7a\u011fatay, Ahlat\u2019\u0131n T\u00fcrkiye de\u011fil bir d\u00fcnya \u015fehir oldu\u011funu hat\u0131rlatt\u0131. Vali \u00c7a\u011fatay, \u201c\u015eu anda bulundu\u011fumuz alan \u00c7arho etkinlik alan\u0131m\u0131z. 23 A\u011fustos tarihinde ba\u015flayarak en sonunda ise Cumhurba\u015fkan\u0131m\u0131z\u0131n kat\u0131l\u0131m\u0131yla 1071 faaliyetlerimizi biz burada ger\u00e7ekle\u015ftirece\u011fiz. Alandaki son d\u00fczenlemelerimizi yap\u0131yoruz. B\u00fcy\u00fck han \u00e7ad\u0131r\u0131ndan tutunda di\u011fer \u00e7ad\u0131rlar\u0131m\u0131zla beraber 23 A\u011fustos\u2019la beraber m\u00fcthi\u015f bir etkinlik g\u00f6receksiniz. Vatanda\u015flar\u0131m\u0131z bu b\u00f6lgede yap\u0131lacak olan geleneksel sporlar\u0131 seyretmeye gelecek, hatta kendileri bile kat\u0131lacaklar. Burada esnaf\u0131m\u0131z sat\u0131\u015f ve pazarlama faaliyetlerinde bulunacak. Ge\u00e7en seneki tecr\u00fcbemize g\u00f6re buraya en az 15 bin ki\u015finin kat\u0131ld\u0131\u011f\u0131n\u0131 biliyoruz. Ak\u015famlar\u0131 K\u00fclt\u00fcr ve Turizm Bakanl\u0131\u011f\u0131m\u0131z\u0131n ve TRT\u2019nin de destekleri ile il\u00e7emizin genelinde konserler verilecek. \u015eu anda etkinlik alan\u0131nda fiziki alt yap\u0131 haz\u0131rl\u0131klar\u0131n\u0131 tamaml\u0131yoruz. \u0130l \u00d6zel \u0130daresi, DS\u0130 ve Karayollar\u0131 B\u00f6lge M\u00fcd\u00fcrl\u00fc\u011f\u00fcn\u00fcn de destekleri ile g\u00fcvenlik yolu ve dere \u0131slah \u00e7al\u0131\u015fmalar\u0131 tamamlanmak \u00fczere, \u00e7ok az bir \u00e7al\u0131\u015fmam\u0131z kald\u0131. Allah nasip ederse 23 A\u011fustos\u2019ta buras\u0131 vatanda\u015flara haz\u0131r hale gelecek\u201d diye konu\u015ftu.<\/p>\n<p>Ahlat\u2019a yo\u011fun ilgi<\/p>\n<p>Ge\u00e7en y\u0131la nazaran kutlamalar\u0131n bu y\u0131l daha yo\u011fun ge\u00e7ece\u011fini s\u00f6zlerine ekleyen \u00c7a\u011fatay, \u201cGe\u00e7en y\u0131l stantlar\u0131m\u0131z\u0131n say\u0131s\u0131 daha azd\u0131. 30 civar\u0131nda y\u00f6resel \u00fcr\u00fcnlerin sergilendi\u011fi alan vard\u0131. Bu y\u0131l bu say\u0131y\u0131 70\u2019e kadar \u00e7\u0131kartt\u0131k. \u00c7ad\u0131rlar\u0131m\u0131z\u0131n say\u0131s\u0131nda da bir miktar art\u0131\u015f oldu. \u00c7evre illerden belediyelerden ve k\u00fclt\u00fcr m\u00fcd\u00fcrl\u00fcklerinden yo\u011fun bir kat\u0131l\u0131m bekliyoruz. Ge\u00e7en seneye g\u00f6re san\u0131r\u0131m onlarda da ciddi bir art\u0131\u015f olacak. Bir de Cumhurba\u015fkan\u0131m\u0131z\u0131n e\u011fer programlar\u0131 uyarsa ge\u00e7en y\u0131l Sel\u00e7uklu Mezarl\u0131\u011f\u0131\u2019n\u0131 ziyaret etmi\u015flerdi. \u0130n\u015fallah bu y\u0131l da yine ziyaret eder, ama takdir Cumhurba\u015fkan\u0131m\u0131z\u0131nd\u0131r\u201d dedi.<\/p>\n<p>\u201cAhlat bir d\u00fcnya markas\u0131\u201d<\/p>\n<p>Ahlat\u2019\u0131n bir d\u00fcnya markas\u0131 oldu\u011funu belirten \u00c7a\u011fatay, \u201cAhlat bu y\u0131l \u2018sakin \u015fehir\u2019 unvan\u0131n\u0131 kazanm\u0131\u015f bir \u015fehrimiz olmu\u015ftur. Ger\u00e7ekten de bunu sonuna kadar hak ediyordu. Ge\u00e7ti\u011fimiz y\u0131llara bakt\u0131\u011f\u0131m\u0131zda Sel\u00e7uklu Mezarl\u0131\u011f\u0131 diye adland\u0131rd\u0131\u011f\u0131m\u0131z mezarl\u0131\u011fa hafta sonlar\u0131 nereden baksak minimum 2 bin ki\u015finin ziyaret etti\u011fini biliyoruz. Ge\u00e7ti\u011fimiz y\u0131llara nazaran ola\u011fan \u00fcst\u00fc bir art\u0131\u015f bu. Biz \u015funu da biliyoruz ki ge\u00e7en y\u0131l yap\u0131lan faaliyetler, yap\u0131lan d\u00fczenlemeler ve a\u00e7\u0131lan m\u00fczemiz, vatanda\u015f\u0131n b\u00f6lgeye olan ilgisini artt\u0131rd\u0131. En son sakin \u015fehir unvan\u0131n\u0131 da almas\u0131 ile beraber d\u00fcnya \u00e7ap\u0131nda art\u0131k tan\u0131nan bir \u015fehir haline geldi. Bu y\u0131lki faaliyetlerimizle daha b\u00fcy\u00fck kat\u0131l\u0131mla \u00e7ok daha b\u00fcy\u00fck ses getirece\u011fini d\u00fc\u015f\u00fcn\u00fcyoruz. \u00c7\u00fcnk\u00fc art\u0131k Ahlat bir marka haline geldi. Bu marka art\u0131k T\u00fcrkiye markas\u0131 de\u011fil, bir d\u00fcnya markas\u0131d\u0131r\u201d \u015feklinde konu\u015ftu.<\/p>\n","protected":false},"excerpt":{"rendered":"<p>B\u0130TL\u0130S&#8217;\u0130N AHLAT \u0130L\u00c7ES\u0130NDEK\u0130 \u00c7ARHO MEVK\u0130\u0130NDE BULUNAN VE CUMHURBA\u015eKANI RECEP TAY\u0130P ERDO\u011eAN\u2019INDA KATILMASI BEKLENEN 1071 AHLAT-MALAZG\u0130RT ZAFER\u0130 KUTLAMA ALANINDA \u00c7EVRE D\u00dcZENLEME VE DERE ISLAH \u00c7ALI\u015eMALARI DEVAM ED\u0130YOR.<\/p>\n","protected":false},"author":1,"featured_media":191015,"comment_status":"closed","ping_status":"open","sticky":false,"template":"","format":"standard","meta":{"jetpack_post_was_ever_published":false,"_jetpack_newsletter_access":"","_jetpack_dont_email_post_to_subs":false,"_jetpack_newsletter_tier_id":0,"_jetpack_memberships_contains_paywalled_content":false,"_jetpack_memberships_contains_paid_content":false,"footnotes":"","jetpack_publicize_message":"","jetpack_publicize_feature_enabled":true,"jetpack_social_post_already_shared":true,"jetpack_social_options":{"image_generator_settings":{"template":"highway","default_image_id":0,"font":"","enabled":false},"version":2}},"categories":[1],"tags":[1266,4038,3026,12224,1836,231,20677],"class_list":["post-191014","post","type-post","status-publish","format-standard","has-post-thumbnail","hentry","category-genel","tag-ahlatta","tag-donumu","tag-hazirliklari","tag-malazgirt","tag-suruyor","tag-yil","tag-zaferinin"],"jetpack_publicize_connections":[],"jetpack_featured_media_url":"https:\/\/i0.wp.com\/www.tvturk.com\/wp-content\/uploads\/2019\/08\/ahlatta-malazgirt-zaferinin-yil-donumu-hazirliklari-suruyor_7ab1ccb.jpg?fit=1000%2C666","jetpack_sharing_enabled":true,"jetpack_shortlink":"https:\/\/wp.me\/paKIfm-NGS","_links":{"self":[{"href":"http:\/\/www.tvturk.com\/index.php\/wp-json\/wp\/v2\/posts\/191014","targetHints":{"allow":["GET"]}}],"collection":[{"href":"http:\/\/www.tvturk.com\/index.php\/wp-json\/wp\/v2\/posts"}],"about":[{"href":"http:\/\/www.tvturk.com\/index.php\/wp-json\/wp\/v2\/types\/post"}],"author":[{"embeddable":true,"href":"http:\/\/www.tvturk.com\/index.php\/wp-json\/wp\/v2\/users\/1"}],"replies":[{"embeddable":true,"href":"http:\/\/www.tvturk.com\/index.php\/wp-json\/wp\/v2\/comments?post=191014"}],"version-history":[{"count":0,"href":"http:\/\/www.tvturk.com\/index.php\/wp-json\/wp\/v2\/posts\/191014\/revisions"}],"wp:featuredmedia":[{"embeddable":true,"href":"http:\/\/www.tvturk.com\/index.php\/wp-json\/wp\/v2\/media\/191015"}],"wp:attachment":[{"href":"http:\/\/www.tvturk.com\/index.php\/wp-json\/wp\/v2\/media?parent=191014"}],"wp:term":[{"taxonomy":"category","embeddable":true,"href":"http:\/\/www.tvturk.com\/index.php\/wp-json\/wp\/v2\/categories?post=191014"},{"taxonomy":"post_tag","embeddable":true,"href":"http:\/\/www.tvturk.com\/index.php\/wp-json\/wp\/v2\/tags?post=191014"}],"curies":[{"name":"wp","href":"https:\/\/api.w.org\/{rel}","templated":true}]}}