{"id":191034,"date":"2019-08-07T10:16:32","date_gmt":"2019-08-07T07:16:32","guid":{"rendered":"http:\/\/www.tvturk.com\/index.php\/baskentli-balikcilar-yaristi\/"},"modified":"2019-08-07T10:16:32","modified_gmt":"2019-08-07T07:16:32","slug":"baskentli-balikcilar-yaristi","status":"publish","type":"post","link":"http:\/\/www.tvturk.com\/index.php\/baskentli-balikcilar-yaristi\/","title":{"rendered":"Ba\u015fkentli bal\u0131k\u00e7\u0131lar yar\u0131\u015ft\u0131"},"content":{"rendered":"<p>Ankara B\u00fcy\u00fck\u015fehir Belediyesi, Ba\u015fkent\u2019te olta bal\u0131k\u00e7\u0131l\u0131\u011f\u0131n\u0131n geli\u015fmesi i\u00e7in \u00e7al\u0131\u015fmalar\u0131n\u0131 s\u00fcrd\u00fcr\u00fcyor.<\/p>\n<p>\u201cDo\u011fa ve \u00c7evre Dostu Amat\u00f6r Oltac\u0131lar Derne\u011fi\u201d taraf\u0131ndan Bala-Kesikk\u00f6pr\u00fc\u2019de d\u00fczenlenen \u201cTurna Bal\u0131\u011f\u0131 Yakalama \u015eenli\u011fi\u201d, B\u00fcy\u00fck\u015fehir Belediyesi\u2019nin katk\u0131lar\u0131yla ger\u00e7ekle\u015fti.<\/p>\n<p>En b\u00fcy\u00fck turna bal\u0131\u011f\u0131 i\u00e7in yar\u0131\u015ft\u0131lar<\/p>\n<p>Ankara\u2019da bal\u0131k yeti\u015ftiricili\u011finin ve olta bal\u0131k\u00e7\u0131l\u0131\u011f\u0131n\u0131n yayg\u0131nla\u015ft\u0131r\u0131lmas\u0131, mevcut yeti\u015ftiricilere destek verilmesi amac\u0131yla bu y\u0131l 11.\u2019si d\u00fczenlenen yar\u0131\u015fmaya yakla\u015f\u0131k 160 bal\u0131k\u00e7\u0131 kat\u0131ld\u0131.<\/p>\n<p>K\u0131y\u0131 ve bot bal\u0131k\u00e7\u0131l\u0131\u011f\u0131 olmak \u00fczere iki ana kategoride yap\u0131lan yar\u0131\u015fmada amat\u00f6r bal\u0131k\u00e7\u0131lar, en b\u00fcy\u00fck turna bal\u0131\u011f\u0131n\u0131 yakalamak i\u00e7in sabah\u0131n erken saatlerinde baraj g\u00f6l\u00fcnde avland\u0131.<\/p>\n<p>119 turna bal\u0131\u011f\u0131 yakaland\u0131<\/p>\n<p>Toplamda 119 turna bal\u0131\u011f\u0131n\u0131n yakaland\u0131\u011f\u0131 yar\u0131\u015fmada boylar\u0131 \u00f6l\u00e7\u00fclen bal\u0131klar, bal\u0131k pop\u00fclasyonunun devam\u0131 i\u00e7in tekrar suya b\u0131rak\u0131ld\u0131.<\/p>\n<p>Yar\u0131\u015fmada en b\u00fcy\u00fck turna bal\u0131\u011f\u0131n\u0131 yakalayarak dereceye girenlere \u00f6d\u00fcllerini veren Ankara B\u00fcy\u00fck\u015fehir Belediyesi K\u0131rsal Hizmetler Daire Ba\u015fkan\u0131 Y\u0131ld\u0131r\u0131m \u015eamil \u00d6zden, amat\u00f6r olta bal\u0131k\u00e7\u0131l\u0131\u011f\u0131n\u0131 tan\u0131tmay\u0131, \u00e7evreye ve yaban hayat\u0131na sayg\u0131 bilincini geli\u015ftirmeyi ama\u00e7lad\u0131klar\u0131n\u0131 belirterek, Ba\u015fkent\u2019te sosyal faaliyetlere destek vermeye devam edeceklerini vurgulad\u0131.<\/p>\n<p>Geleneksel olarak d\u00fczenlenen bal\u0131k yakalama yar\u0131\u015fmas\u0131n\u0131n ard\u0131ndan Af\u015far Balam Kad\u0131n Giri\u015fimi \u00dcretim ve \u0130\u015fletme Kooperatifi\u2019ni ziyaret eden \u00d6zden, kad\u0131nlar\u0131n \u00fcrettikleri \u00fcr\u00fcnleri inceleyerek, kooperatif \u00fcyelerinden de bilgi ald\u0131.<\/p>\n","protected":false},"excerpt":{"rendered":"<p>ANKARA B\u00dcY\u00dcK\u015eEH\u0130R BELED\u0130YES\u0130, BA\u015eKENT\u2019TE OLTA BALIK\u00c7ILI\u011eININ GEL\u0130\u015eMES\u0130 \u0130\u00c7\u0130N \u00c7ALI\u015eMALARINI S\u00dcRD\u00dcR\u00dcYOR.<\/p>\n","protected":false},"author":1,"featured_media":191035,"comment_status":"closed","ping_status":"open","sticky":false,"template":"","format":"standard","meta":{"jetpack_post_was_ever_published":false,"_jetpack_newsletter_access":"","_jetpack_dont_email_post_to_subs":false,"_jetpack_newsletter_tier_id":0,"_jetpack_memberships_contains_paywalled_content":false,"_jetpack_memberships_contains_paid_content":false,"footnotes":"","jetpack_publicize_message":"","jetpack_publicize_feature_enabled":true,"jetpack_social_post_already_shared":true,"jetpack_social_options":{"image_generator_settings":{"template":"highway","default_image_id":0,"font":"","enabled":false},"version":2}},"categories":[1],"tags":[6537,28554,7830],"class_list":["post-191034","post","type-post","status-publish","format-standard","has-post-thumbnail","hentry","category-genel","tag-balikcilar","tag-baskentli","tag-yaristi"],"jetpack_publicize_connections":[],"jetpack_featured_media_url":"https:\/\/i0.wp.com\/www.tvturk.com\/wp-content\/uploads\/2019\/08\/baskentli-balikcilar-yaristi_d209cbc.jpg?fit=1000%2C665","jetpack_sharing_enabled":true,"jetpack_shortlink":"https:\/\/wp.me\/paKIfm-NHc","_links":{"self":[{"href":"http:\/\/www.tvturk.com\/index.php\/wp-json\/wp\/v2\/posts\/191034","targetHints":{"allow":["GET"]}}],"collection":[{"href":"http:\/\/www.tvturk.com\/index.php\/wp-json\/wp\/v2\/posts"}],"about":[{"href":"http:\/\/www.tvturk.com\/index.php\/wp-json\/wp\/v2\/types\/post"}],"author":[{"embeddable":true,"href":"http:\/\/www.tvturk.com\/index.php\/wp-json\/wp\/v2\/users\/1"}],"replies":[{"embeddable":true,"href":"http:\/\/www.tvturk.com\/index.php\/wp-json\/wp\/v2\/comments?post=191034"}],"version-history":[{"count":0,"href":"http:\/\/www.tvturk.com\/index.php\/wp-json\/wp\/v2\/posts\/191034\/revisions"}],"wp:featuredmedia":[{"embeddable":true,"href":"http:\/\/www.tvturk.com\/index.php\/wp-json\/wp\/v2\/media\/191035"}],"wp:attachment":[{"href":"http:\/\/www.tvturk.com\/index.php\/wp-json\/wp\/v2\/media?parent=191034"}],"wp:term":[{"taxonomy":"category","embeddable":true,"href":"http:\/\/www.tvturk.com\/index.php\/wp-json\/wp\/v2\/categories?post=191034"},{"taxonomy":"post_tag","embeddable":true,"href":"http:\/\/www.tvturk.com\/index.php\/wp-json\/wp\/v2\/tags?post=191034"}],"curies":[{"name":"wp","href":"https:\/\/api.w.org\/{rel}","templated":true}]}}