{"id":191042,"date":"2019-08-07T10:31:55","date_gmt":"2019-08-07T07:31:55","guid":{"rendered":"http:\/\/www.tvturk.com\/index.php\/kurban-bayrami-oncesi-zabita-ekiplerinden-siki-denetim\/"},"modified":"2019-08-07T10:31:55","modified_gmt":"2019-08-07T07:31:55","slug":"kurban-bayrami-oncesi-zabita-ekiplerinden-siki-denetim","status":"publish","type":"post","link":"http:\/\/www.tvturk.com\/index.php\/kurban-bayrami-oncesi-zabita-ekiplerinden-siki-denetim\/","title":{"rendered":"Kurban Bayram\u0131 \u00f6ncesi zab\u0131ta ekiplerinden s\u0131k\u0131 denetim"},"content":{"rendered":"<p>Pursaklar Belediyesi Zab\u0131ta M\u00fcd\u00fcrl\u00fc\u011f\u00fc ekipleri ve \u0130l\u00e7e Tar\u0131m M\u00fcd\u00fcrl\u00fc\u011f\u00fc ekiplerince il\u00e7e genelinde i\u015f yerleri ve marketler denetlendi.<\/p>\n<p>Kurban Bayram\u0131 \u00f6ncesi kent genelinde i\u015f yerlerinde denetimlerini s\u0131kla\u015ft\u0131ran Pursaklar Belediyesi Zab\u0131ta M\u00fcd\u00fcrl\u00fc\u011f\u00fc ekipleri vatanda\u015flar\u0131n al\u0131\u015fveri\u015flerini g\u00fcvenle yapmas\u0131 i\u00e7in yo\u011fun mesai harc\u0131yor.<\/p>\n<p>Pursaklar Belediyesi Zab\u0131ta M\u00fcd\u00fcrl\u00fc\u011f\u00fc ekiplerince yap\u0131lan denetimlerde mevzuat\u0131n \u00f6n g\u00f6rd\u00fc\u011f\u00fc h\u00fck\u00fcmleri esas alarak, pastane, lokanta, kafe, market denetimlerinde genel hijyen, ruhsat kontrol\u00fc, fiziksel ve teknik ko\u015fullar ile i\u015f yerlerinde fiyat tarifesinin bulunup bulunmad\u0131\u011f\u0131na, marketlerde ise \u00f6zellikle son kullanma tarihinin ge\u00e7ip ge\u00e7medi\u011fine dikkat ediliyor. Evraklar\u0131 bulunmayan ya da eksik olan i\u015f yerlerine cezai i\u015flemler uyguland\u0131.<\/p>\n<p>&#8220;G\u00f6revimizin ba\u015f\u0131nday\u0131z&#8221;<\/p>\n<p>Denetimlerle ilgili a\u00e7\u0131klama yapan Pursaklar Belediye Ba\u015fkan\u0131 Ertu\u011frul \u00c7etin, &#8220;Zab\u0131ta M\u00fcd\u00fcrl\u00fc\u011f\u00fc ekiplerimiz \u00f6zveriyle 7 g\u00fcn 24 saat kesintisiz \u00e7al\u0131\u015f\u0131yor. Bu denetimlerle hem vatanda\u015f\u0131m\u0131z hem de esnaf\u0131m\u0131z i\u00e7in bir\u00e7ok olumsuzlu\u011fun \u00f6n\u00fcne ge\u00e7iyoruz. Vatanda\u015flar\u0131m\u0131z m\u00fcsterih olsun denetimlerimizi b\u00fcy\u00fck bir titizlikle y\u00fcr\u00fct\u00fcyoruz. T\u00fcm \u015fikayetler ekiplerimizce mutlaka de\u011ferlendiriliyor. Zab\u0131ta m\u00fcd\u00fcrl\u00fc\u011f\u00fcne ba\u011fl\u0131 ekiplerimiz vatanda\u015flar\u0131m\u0131z\u0131n Kurban Bayram\u0131n\u0131 sa\u011fl\u0131kl\u0131 ve huzurlu bir \u015fekilde ge\u00e7irebilmeleri i\u00e7in bayram boyunca da g\u00f6revlerinin ba\u015f\u0131nda olacakt\u0131r&#8221; dedi.<\/p>\n","protected":false},"excerpt":{"rendered":"<p>PURSAKLAR BELED\u0130YES\u0130 ZABITA M\u00dcD\u00dcRL\u00dc\u011e\u00dc EK\u0130PLER\u0130 VE \u0130L\u00c7E TARIM M\u00dcD\u00dcRL\u00dc\u011e\u00dc EK\u0130PLER\u0130NCE \u0130L\u00c7E GENEL\u0130NDE \u0130\u015eYERLER\u0130 VE MARKETLER DENETLEND\u0130.<\/p>\n","protected":false},"author":1,"featured_media":191043,"comment_status":"closed","ping_status":"open","sticky":false,"template":"","format":"standard","meta":{"jetpack_post_was_ever_published":false,"_jetpack_newsletter_access":"","_jetpack_dont_email_post_to_subs":false,"_jetpack_newsletter_tier_id":0,"_jetpack_memberships_contains_paywalled_content":false,"_jetpack_memberships_contains_paid_content":false,"footnotes":"","jetpack_publicize_message":"","jetpack_publicize_feature_enabled":true,"jetpack_social_post_already_shared":true,"jetpack_social_options":{"image_generator_settings":{"template":"highway","default_image_id":0,"font":"","enabled":false},"version":2}},"categories":[1],"tags":[6193,6015,6436,20956,5360,2462,16454],"class_list":["post-191042","post","type-post","status-publish","format-standard","has-post-thumbnail","hentry","category-genel","tag-bayrami","tag-denetim","tag-ekiplerinden","tag-kurban","tag-oncesi","tag-siki","tag-zabita"],"jetpack_publicize_connections":[],"jetpack_featured_media_url":"https:\/\/i0.wp.com\/www.tvturk.com\/wp-content\/uploads\/2019\/08\/kurban-bayrami-oncesi-zabita-ekiplerinden-siki-denetim_a612dec.jpg?fit=1000%2C750","jetpack_sharing_enabled":true,"jetpack_shortlink":"https:\/\/wp.me\/paKIfm-NHk","_links":{"self":[{"href":"http:\/\/www.tvturk.com\/index.php\/wp-json\/wp\/v2\/posts\/191042","targetHints":{"allow":["GET"]}}],"collection":[{"href":"http:\/\/www.tvturk.com\/index.php\/wp-json\/wp\/v2\/posts"}],"about":[{"href":"http:\/\/www.tvturk.com\/index.php\/wp-json\/wp\/v2\/types\/post"}],"author":[{"embeddable":true,"href":"http:\/\/www.tvturk.com\/index.php\/wp-json\/wp\/v2\/users\/1"}],"replies":[{"embeddable":true,"href":"http:\/\/www.tvturk.com\/index.php\/wp-json\/wp\/v2\/comments?post=191042"}],"version-history":[{"count":0,"href":"http:\/\/www.tvturk.com\/index.php\/wp-json\/wp\/v2\/posts\/191042\/revisions"}],"wp:featuredmedia":[{"embeddable":true,"href":"http:\/\/www.tvturk.com\/index.php\/wp-json\/wp\/v2\/media\/191043"}],"wp:attachment":[{"href":"http:\/\/www.tvturk.com\/index.php\/wp-json\/wp\/v2\/media?parent=191042"}],"wp:term":[{"taxonomy":"category","embeddable":true,"href":"http:\/\/www.tvturk.com\/index.php\/wp-json\/wp\/v2\/categories?post=191042"},{"taxonomy":"post_tag","embeddable":true,"href":"http:\/\/www.tvturk.com\/index.php\/wp-json\/wp\/v2\/tags?post=191042"}],"curies":[{"name":"wp","href":"https:\/\/api.w.org\/{rel}","templated":true}]}}