{"id":191080,"date":"2019-08-07T11:02:30","date_gmt":"2019-08-07T08:02:30","guid":{"rendered":"http:\/\/www.tvturk.com\/index.php\/goclerle-birlikte-transkulturel-hemsireligin-onemi-artiyor\/"},"modified":"2019-08-07T11:02:30","modified_gmt":"2019-08-07T08:02:30","slug":"goclerle-birlikte-transkulturel-hemsireligin-onemi-artiyor","status":"publish","type":"post","link":"http:\/\/www.tvturk.com\/index.php\/goclerle-birlikte-transkulturel-hemsireligin-onemi-artiyor\/","title":{"rendered":"G\u00f6\u00e7lerle birlikte Transk\u00fclt\u00fcrel hem\u015fireli\u011fin \u00f6nemi art\u0131yor"},"content":{"rendered":"<p>Farkl\u0131 k\u00fclt\u00fcrdeki bireylere bak\u0131m verme gereksiniminden ortaya \u00e7\u0131kan ve giderek artan g\u00f6\u00e7lerle birlikte \u00f6neminin daha \u00e7ok hissedildi\u011fi \u201cTransk\u00fclt\u00fcrel Hem\u015firelik\u201d ile ilgili Avrupa Birli\u011fi deste\u011fiyle T\u00fcrkiye\u2019den \u0130stanbul Ayd\u0131n \u00dcniversitesi, Bel\u00e7ika\u2019dan Antwerp \u00dcniversitesi, \u0130spanya\u2019dan San Jorge \u00dcniversitesi ve Portekiz\u2019den Portalegre Politeknik Enstit\u00fcs\u00fc ortak e\u011fitim program\u0131 d\u00fczenliyor.<\/p>\n<p>Giderek artan g\u00f6\u00e7 hareketi \u00f6zellikle sa\u011fl\u0131k hizmetini etkiliyor. Sa\u011fl\u0131k \u00e7al\u0131\u015fanlar\u0131n\u0131n da farkl\u0131 k\u00fclt\u00fcrlere ait bireylere hizmet verebilmesi ihtiyac\u0131 do\u011fdu\u011fu i\u00e7in \u00e7al\u0131\u015fmalar ve e\u011fitimler d\u00fczenlenmeye ba\u015fland\u0131. \u201cHem\u015firelik bak\u0131m\u0131nda k\u00fclt\u00fcrel evrensellik ve k\u00fclt\u00fcre \u00f6zg\u00fcl\u00fck sa\u011flayan, farkl\u0131 k\u00fclt\u00fcrlerin kar\u015f\u0131la\u015ft\u0131rmal\u0131 ara\u015ft\u0131rma ve analizi \u00fczerine temellenen, sa\u011fl\u0131k, hastal\u0131k, bak\u0131m, inan\u00e7 ve de\u011ferlere sayg\u0131l\u0131 bir \u015fekilde, d\u00fcnyada alt k\u00fclt\u00fcr ve k\u00fclt\u00fcrlerindeki farkl\u0131l\u0131klar\u0131 analiz eden ve kar\u015f\u0131la\u015ft\u0131rmal\u0131 \u00e7al\u0131\u015fma \u00fczerine odaklanan hem\u015fireli\u011fin bir kolu veya alt dal\u0131\u201d \u015feklinde tan\u0131mlanan Transk\u00fclt\u00fcrel Hem\u015firelik i\u00e7in de \u201cTransk\u00fclt\u00fcrel Hem\u015firelik E\u011fitim Program\u0131\u201d ba\u015flad\u0131.<\/p>\n<p>Hem\u015firelerin farkl\u0131 k\u00fclt\u00fcrleri tan\u0131yarak sa\u011fl\u0131k bak\u0131m kalitesinin artt\u0131r\u0131lmas\u0131 ve sa\u011fl\u0131k \u00e7al\u0131\u015fanlar\u0131n\u0131n g\u00f6\u00e7menlere y\u00f6nelik e\u011fitilmesini, e\u011fitim programlar\u0131n\u0131n eksikli\u011fini gidermeyi ama\u00e7layan AB destekli Erasmus+ KA2 projesi Transk\u00fclt\u00fcrel Hem\u015firelik E\u011fitim Program\u0131, \u0130spanya San Jorge \u00dcniversitesi koordinat\u00f6rl\u00fc\u011f\u00fcnde Portekiz\u2019den Polytechnic Institute of Portalegre, Bel\u00e7ika\u2019dan Artesis Plantijn Hogeschool Antwerpen ve T\u00fcrkiye\u2019den \u0130stanbul Ayd\u0131n \u00dcniversitesi\u2019nin (\u0130A\u00dc) kat\u0131l\u0131m\u0131yla 01.09.2018 tarihinde ba\u015flam\u0131\u015f olup 31.08.2021\u2019de tamamlanmas\u0131 planlan\u0131yor. Toplam d\u00f6rt y\u0131l s\u00fcren programda kat\u0131l\u0131mc\u0131 okullar\u0131n \u00f6\u011frencileri her y\u0131l kat\u0131l\u0131mc\u0131 bir ba\u015fka okulu ziyaret ederek de\u011fi\u015fim program\u0131ndan yararlanacaklar.<\/p>\n<p>\u2019E\u011fitim i\u00e7in el kitab\u0131 da haz\u0131rl\u0131yoruz\u2019<\/p>\n<p>Proje hakk\u0131nda bilgi veren Hem\u015firelik B\u00f6l\u00fcm Ba\u015fkan\u0131 Prof. Dr. K\u00f6m\u00fcrc\u00fc, \u201cBu projenin temel amac\u0131 Transk\u00fclt\u00fcrel hem\u015firelik konusunda bu d\u00f6rt \u00fclkenin e\u011fitiminde bunun \u00f6nemini kavratmak, verilen sa\u011fl\u0131k hizmetine ve topluma yans\u0131tmak. Bu nedenle her y\u0131l d\u00f6rt ortak \u00fclkenin alt\u0131 \u00f6\u011frencisi ve iki \u00f6\u011fretim eleman\u0131na yaz okullar\u0131nda birer hafta e\u011fitim vermek, konu ile ilgili ara\u015ft\u0131rmalar\u0131 yapmak, bilimsel toplant\u0131larda sunmak, el kitab\u0131 haz\u0131rlamak gibi faaliyetler i\u00e7ermektedir. \u00d6\u011frencilerin farkl\u0131 \u00fclkelerin \u00f6\u011frencilerini, onlar\u0131n e\u011fitimlerini ve k\u00fclt\u00fcrlerini tan\u0131malar\u0131n\u0131n yan\u0131 s\u0131ra kendi k\u00fclt\u00fcr ve e\u011fitimleri hakk\u0131nda payla\u015f\u0131mda bulunmalar\u0131, \u0130ngilizcelerini geli\u015ftirmeleri i\u00e7in iyi bir olanak olmu\u015ftur. Proje koordinat\u00f6rleri y\u0131lda en az iki kez bir araya gelerek yap\u0131lan \u00e7al\u0131\u015fmalar\u0131 payla\u015fmaktad\u0131r\u201d \u015feklinde konu\u015ftu.<\/p>\n<p>\u2019Transk\u00fclt\u00fcrel \u00e7al\u0131\u015fmalara en \u00e7ok T\u00fcrkiye\u2019de ihtiya\u00e7 var\u2019<\/p>\n<p>Prof. Dr. K\u00f6m\u00fcrc\u00fc, \u201cTransk\u00fclt\u00fcrel Hem\u015firelik d\u00fcnyadaki t\u00fcm \u00fclkeler i\u00e7in \u00f6nemli oldu\u011fu kadar \u00fclkemiz i\u00e7in daha \u00e7ok \u00f6nem kazanm\u0131\u015ft\u0131r. G\u00fcn\u00fcm\u00fczde g\u00f6\u00e7ler nedeniyle hizmet verdi\u011fimiz hastalar\u0131m\u0131z\u0131n say\u0131s\u0131 giderek artmaktad\u0131r. Onlar\u0131n bizden beklentilerini kar\u015f\u0131layabilmek ve iyi bir bak\u0131m hizmeti verebilmek i\u00e7in Trans k\u00fclt\u00fcrel Hem\u015fireli\u011fin \u00f6nemini daha iyi i\u00e7selle\u015ftirmemiz gerekmektedir. Bizim \u00f6\u011frenciler ve \u00f6\u011fretim elemanlar\u0131m\u0131z i\u00e7in bu proje g\u00fczel bir olanak sunmaktad\u0131r. Bizde keyifle \u00e7al\u0131\u015fmalar\u0131 y\u00fcr\u00fctmekteyiz. D\u00fcnyan\u0131n her yerinde bu hizmette zorluklar var, bir standart s\u00f6z konusu olmamakla beraber gereksinimler do\u011frultusunda s\u00fcrekli iyile\u015ftirmeler i\u00e7in bir\u00e7ok \u00e7al\u0131\u015fmalar yap\u0131lmaktay\u0131z. Projenin kapan\u0131\u015f toplant\u0131s\u0131 31.08.2021 tarihinde \u0130stanbul Ayd\u0131n \u00dcniversitesinde yap\u0131lacakt\u0131r\u201d ifadelerini kulland\u0131.<\/p>\n","protected":false},"excerpt":{"rendered":"<p>FARKLI K\u00dcLT\u00dcRDEK\u0130 B\u0130REYLERE BAKIM VERME GEREKS\u0130N\u0130M\u0130NDEN ORTAYA \u00c7IKAN VE G\u0130DEREK ARTAN G\u00d6\u00c7LERLE B\u0130RL\u0130KTE \u00d6NEM\u0130N\u0130N DAHA \u00c7OK H\u0130SSED\u0130LD\u0130\u011e\u0130 \u201cTRANSK\u00dcLT\u00dcREL HEM\u015e\u0130REL\u0130K\u201d \u0130LE \u0130LG\u0130L\u0130 AVRUPA B\u0130RL\u0130\u011e\u0130 DESTE\u011e\u0130YLE T\u00dcRK\u0130YE\u2019DEN \u0130STANBUL AYDIN \u00dcN\u0130VERS\u0130TES\u0130, BEL\u00c7\u0130KA\u2019DAN ANTWERP \u00dcN\u0130VERS\u0130TES\u0130, \u0130SPANYA\u2019DAN SAN JORGE \u00dcN\u0130VERS\u0130TES\u0130 VE PORTEK\u0130Z\u2019DEN PORTALEGRE POL\u0130TEKN\u0130K ENST\u0130T\u00dcS\u00dc ORTAK E\u011e\u0130T\u0130M PROGRAMI D\u00dcZENL\u0130YOR.<\/p>\n","protected":false},"author":1,"featured_media":191081,"comment_status":"closed","ping_status":"open","sticky":false,"template":"","format":"standard","meta":{"jetpack_post_was_ever_published":false,"_jetpack_newsletter_access":"","_jetpack_dont_email_post_to_subs":false,"_jetpack_newsletter_tier_id":0,"_jetpack_memberships_contains_paywalled_content":false,"_jetpack_memberships_contains_paid_content":false,"footnotes":"","jetpack_publicize_message":"","jetpack_publicize_feature_enabled":true,"jetpack_social_post_already_shared":true,"jetpack_social_options":{"image_generator_settings":{"template":"highway","default_image_id":0,"font":"","enabled":false},"version":2}},"categories":[1],"tags":[4552,3789,47786,47788,6712,47787],"class_list":["post-191080","post","type-post","status-publish","format-standard","has-post-thumbnail","hentry","category-genel","tag-artiyor","tag-birlikte","tag-goclerle","tag-hemsireligin","tag-onemi","tag-transkulturel"],"jetpack_publicize_connections":[],"jetpack_featured_media_url":"https:\/\/i0.wp.com\/www.tvturk.com\/wp-content\/uploads\/2019\/08\/goclerle-birlikte-transkulturel-hemsireligin-onemi-artiyor_649a313.jpg?fit=1000%2C750","jetpack_sharing_enabled":true,"jetpack_shortlink":"https:\/\/wp.me\/paKIfm-NHW","_links":{"self":[{"href":"http:\/\/www.tvturk.com\/index.php\/wp-json\/wp\/v2\/posts\/191080","targetHints":{"allow":["GET"]}}],"collection":[{"href":"http:\/\/www.tvturk.com\/index.php\/wp-json\/wp\/v2\/posts"}],"about":[{"href":"http:\/\/www.tvturk.com\/index.php\/wp-json\/wp\/v2\/types\/post"}],"author":[{"embeddable":true,"href":"http:\/\/www.tvturk.com\/index.php\/wp-json\/wp\/v2\/users\/1"}],"replies":[{"embeddable":true,"href":"http:\/\/www.tvturk.com\/index.php\/wp-json\/wp\/v2\/comments?post=191080"}],"version-history":[{"count":0,"href":"http:\/\/www.tvturk.com\/index.php\/wp-json\/wp\/v2\/posts\/191080\/revisions"}],"wp:featuredmedia":[{"embeddable":true,"href":"http:\/\/www.tvturk.com\/index.php\/wp-json\/wp\/v2\/media\/191081"}],"wp:attachment":[{"href":"http:\/\/www.tvturk.com\/index.php\/wp-json\/wp\/v2\/media?parent=191080"}],"wp:term":[{"taxonomy":"category","embeddable":true,"href":"http:\/\/www.tvturk.com\/index.php\/wp-json\/wp\/v2\/categories?post=191080"},{"taxonomy":"post_tag","embeddable":true,"href":"http:\/\/www.tvturk.com\/index.php\/wp-json\/wp\/v2\/tags?post=191080"}],"curies":[{"name":"wp","href":"https:\/\/api.w.org\/{rel}","templated":true}]}}