{"id":191094,"date":"2019-08-07T11:16:52","date_gmt":"2019-08-07T08:16:52","guid":{"rendered":"http:\/\/www.tvturk.com\/index.php\/olmek-uzere-olan-esege-dagda-ilk-mudahale\/"},"modified":"2019-08-07T11:16:52","modified_gmt":"2019-08-07T08:16:52","slug":"olmek-uzere-olan-esege-dagda-ilk-mudahale","status":"publish","type":"post","link":"http:\/\/www.tvturk.com\/index.php\/olmek-uzere-olan-esege-dagda-ilk-mudahale\/","title":{"rendered":"\u00d6lmek \u00fczere olan e\u015fe\u011fe da\u011fda ilk m\u00fcdahale"},"content":{"rendered":"<p>Karaman\u2019\u0131n K\u0131lbasan k\u00f6y\u00fcnde da\u011fda rahats\u0131zlanarak \u00f6lmek \u00fczere olan e\u015fe\u011fe veteriner hekim m\u00fcdahalede bulunarak tekrar hayata ba\u011flad\u0131.<\/p>\n<p>K\u00f6ye 15 kilometre uzakl\u0131ktaki Karada\u011f\u2019\u0131n eteklerine ak\u015fam saatlerinde koyunlar\u0131n\u0131 otlatmaya g\u00f6t\u00fcren 16 ya\u015f\u0131ndaki Hasan Avc\u0131\u2019n\u0131n e\u015fe\u011fi biranda rahats\u0131zlanarak yere y\u0131\u011f\u0131ld\u0131. Bunun \u00fczerine Avc\u0131, hemen telefonuna sar\u0131larak k\u00f6yde bulunan veteriner hekim Emre \u00d6zt\u00fcrk\u2019ten yard\u0131m istedi. Veteriner Emre \u00d6zt\u00fcrk\u2019te hi\u00e7 d\u00fc\u015f\u00fcnmeden arabas\u0131na binerek hemen yard\u0131ma ko\u015ftu. Koyun s\u00fcr\u00fcs\u00fcn\u00fcn bulundu\u011fu yere varan Veteriner \u00d6zt\u00fcrk, yerde bitkin bir vaziyette \u00f6lmek \u00fczere olan e\u015fe\u011fin durumunun ciddi oldu\u011funu g\u00f6rerek hemen s\u0131v\u0131 ve medikal tedavi uygulayarak oradan ayr\u0131ld\u0131. Hasan Avc\u0131 ise sabaha kadar e\u015fe\u011finin ba\u015f\u0131nda iyile\u015fmesini bekledi. Ya\u015famas\u0131yla ilgili olarak umutlar\u0131n t\u00fckendi\u011fi e\u015fek, sabaha kar\u015f\u0131 tekrar aya\u011fa kalkarak sahibiyle birlikte k\u00f6ye geldi.<\/p>\n<p>K\u00f6yde de e\u015fe\u011fin sa\u011fl\u0131k kontrollerini tekrar yapan veteriner hekim Emre \u00d6zt\u00fcrk, &#8220;Ge\u00e7ti\u011fimiz ak\u015fam saat 23.00 s\u0131ralar\u0131nda Hasan Avc\u0131 karde\u015fim beni arayarak e\u015fe\u011finin durumunun iyi olmad\u0131\u011f\u0131n\u0131 ve \u00f6lmek \u00fczere oldu\u011funu s\u00f6yledi. Bende kendi arabamla e\u015fe\u011fin rahats\u0131zland\u0131\u011f\u0131 Karada\u011f\u2019a gittim. E\u015fe\u011fin yan\u0131na vard\u0131\u011f\u0131mda genel durumu \u00e7ok iyi de\u011fildi. Halk aras\u0131nda arpalama olarak bilinen \u2019Laktik asidozis\u2019 te\u015fhisi koyduk hayvana. Gerekli s\u0131v\u0131 ve medikal tedavisini yapt\u0131ktan bir g\u00fcn sonra e\u015fek aya\u011fa kalkt\u0131. \u015eu anda genel durumu gayet iyi&#8221; dedi.<\/p>\n<p>Hasan Avc\u0131 da e\u015fe\u011fini iyile\u015ftiren veteriner hekim Emre \u00d6zt\u00fcrk\u2019e te\u015fekk\u00fcr etti.<\/p>\n","protected":false},"excerpt":{"rendered":"<p>KARAMAN\u2019IN KILBASAN K\u00d6Y\u00dcNDE DA\u011eDA RAHATSIZLANARAK \u00d6LMEK \u00dcZERE OLAN E\u015eE\u011e\u0130 VETER\u0130NER HEK\u0130M TEKRAR HAYATA BA\u011eLADI.<\/p>\n","protected":false},"author":1,"featured_media":191095,"comment_status":"closed","ping_status":"open","sticky":false,"template":"","format":"standard","meta":{"jetpack_post_was_ever_published":false,"_jetpack_newsletter_access":"","_jetpack_dont_email_post_to_subs":false,"_jetpack_newsletter_tier_id":0,"_jetpack_memberships_contains_paywalled_content":false,"_jetpack_memberships_contains_paid_content":false,"footnotes":"","jetpack_publicize_message":"","jetpack_publicize_feature_enabled":true,"jetpack_social_post_already_shared":true,"jetpack_social_options":{"image_generator_settings":{"template":"highway","default_image_id":0,"font":"","enabled":false},"version":2}},"categories":[1],"tags":[15077,12211,37,5125,572,18051,2150],"class_list":["post-191094","post","type-post","status-publish","format-standard","has-post-thumbnail","hentry","category-genel","tag-dagda","tag-esege","tag-ilk","tag-mudahale","tag-olan","tag-olmek","tag-uzere"],"jetpack_publicize_connections":[],"jetpack_featured_media_url":"https:\/\/i0.wp.com\/www.tvturk.com\/wp-content\/uploads\/2019\/08\/olmek-uzere-olan-esege-dagda-ilk-mudahale_ab37566.jpg?fit=1000%2C993","jetpack_sharing_enabled":true,"jetpack_shortlink":"https:\/\/wp.me\/paKIfm-NIa","_links":{"self":[{"href":"http:\/\/www.tvturk.com\/index.php\/wp-json\/wp\/v2\/posts\/191094","targetHints":{"allow":["GET"]}}],"collection":[{"href":"http:\/\/www.tvturk.com\/index.php\/wp-json\/wp\/v2\/posts"}],"about":[{"href":"http:\/\/www.tvturk.com\/index.php\/wp-json\/wp\/v2\/types\/post"}],"author":[{"embeddable":true,"href":"http:\/\/www.tvturk.com\/index.php\/wp-json\/wp\/v2\/users\/1"}],"replies":[{"embeddable":true,"href":"http:\/\/www.tvturk.com\/index.php\/wp-json\/wp\/v2\/comments?post=191094"}],"version-history":[{"count":0,"href":"http:\/\/www.tvturk.com\/index.php\/wp-json\/wp\/v2\/posts\/191094\/revisions"}],"wp:featuredmedia":[{"embeddable":true,"href":"http:\/\/www.tvturk.com\/index.php\/wp-json\/wp\/v2\/media\/191095"}],"wp:attachment":[{"href":"http:\/\/www.tvturk.com\/index.php\/wp-json\/wp\/v2\/media?parent=191094"}],"wp:term":[{"taxonomy":"category","embeddable":true,"href":"http:\/\/www.tvturk.com\/index.php\/wp-json\/wp\/v2\/categories?post=191094"},{"taxonomy":"post_tag","embeddable":true,"href":"http:\/\/www.tvturk.com\/index.php\/wp-json\/wp\/v2\/tags?post=191094"}],"curies":[{"name":"wp","href":"https:\/\/api.w.org\/{rel}","templated":true}]}}