{"id":191098,"date":"2019-08-07T11:17:02","date_gmt":"2019-08-07T08:17:02","guid":{"rendered":"http:\/\/www.tvturk.com\/index.php\/karatas-bayramda-200-bin-ziyaretci-agirlayacak\/"},"modified":"2019-08-07T11:17:02","modified_gmt":"2019-08-07T08:17:02","slug":"karatas-bayramda-200-bin-ziyaretci-agirlayacak","status":"publish","type":"post","link":"http:\/\/www.tvturk.com\/index.php\/karatas-bayramda-200-bin-ziyaretci-agirlayacak\/","title":{"rendered":"Karata\u015f, bayramda 200 bin ziyaret\u00e7i a\u011f\u0131rlayacak"},"content":{"rendered":"<p>Adana\u2019n\u0131n Karata\u015f sahili Kurban Bayram\u0131\u2019nda 200 bin ziyaret\u00e7i bekliyor. Karata\u015f Belediye Ba\u015fkan\u0131 Necip Topuz, ba\u015fta Almanya olmak \u00fczere d\u00fcnyan\u0131n bir\u00e7ok b\u00f6lgesinden misafirler a\u011f\u0131rlad\u0131klar\u0131n\u0131 g\u00fcn ge\u00e7tik\u00e7e yap\u0131lacak turizm aktiviteleriyle lokasyonu artt\u0131racaklar\u0131n\u0131 s\u00f6yledi.<\/p>\n<p>Tarihi ve do\u011fal g\u00fczellikleriyle Adana\u2019n\u0131n Karata\u015f il\u00e7esi, yap\u0131lan tan\u0131t\u0131mlarla yerli ve yabanc\u0131 turistlerin ilgisini \u00e7ekiyor. Almanya ba\u015fta olmak \u00fczere d\u00fcnyan\u0131n bir\u00e7ok yerinden gelen turistler hem ekonomik hem de kaliteli bir tatil yap\u0131yor.<\/p>\n<p>\u201cEl ele Karata\u015f\u2019\u0131 daha iyi hale getirece\u011fiz\u201d<\/p>\n<p>Karata\u015f Belediye Ba\u015fkan\u0131 Necip Topuz, il\u00e7esini tan\u0131tmak i\u00e7in yurt i\u00e7i ve yurt d\u0131\u015f\u0131 geziler yapt\u0131\u011f\u0131n\u0131 belirtti. Kurban Bayram\u0131\u2019nda il\u00e7eye 200 bin turistin gelece\u011fini aktaran Topuz, \u201cBayramda 200 bin ki\u015filik misafirperverlik \u00f6rne\u011fi g\u00f6sterece\u011fiz. D\u00fcnyan\u0131n bir\u00e7ok b\u00f6lgesinden ba\u015fta Almanya olmak \u00fczere misafirlerimiz var. \u0130n\u015fallah g\u00fcn ge\u00e7tik\u00e7e su sporlar\u0131 ve di\u011fer turizm aktivitelerimizle lokasyonu artt\u0131raca\u011f\u0131m\u0131z\u0131 d\u00fc\u015f\u00fcn\u00fcyoruz. \u00d6ncelikle Karata\u015f\u2019a ula\u015f\u0131m \u00e7ok daha kolayla\u015ft\u0131. Denizimizin \u00e7ok daha iyi oldu\u011funa inan\u0131yoruz. Yak\u0131n bir zamanda ar\u0131tmam\u0131z da tam anlam\u0131yla hizmete ge\u00e7ti\u011finde mavi bayrak alaca\u011f\u0131z. El ele Karata\u015f\u2019\u0131 daha iyi hale getirece\u011fiz\u201d dedi.<\/p>\n<p>\u201cHatay ve Adana aras\u0131na deniz otob\u00fcs\u00fc\u201d<\/p>\n<p>Hatay\u2019\u0131n Samanda\u011f il\u00e7esi ile Adana\u2019n\u0131n Karata\u015f il\u00e7esini deniz otob\u00fcs\u00fc ula\u015f\u0131m\u0131 ile ba\u011flamay\u0131 d\u00fc\u015f\u00fcnd\u00fcklerini kaydeden ba\u015fkan Necip Topuz, \u201cBu proje Mustafa Kemal Atat\u00fcrk\u2019\u00fcn projesiydi. E\u011fer bunu hayata ge\u00e7irirsek neden bir Lazkiye ve L\u00fcbnan olmayal\u0131m. Buraya ayn\u0131 zamanda yat liman\u0131 projemiz de var. \u00c7e\u015fitli fizibilite raporlar\u0131n\u0131 haz\u0131rlad\u0131k \u00e7al\u0131\u015fmalar\u0131m\u0131z devam ediyor\u201d ifadelerini kulland\u0131.<\/p>\n<p>\u201cUcuz tatil\u201d<\/p>\n<p>Karata\u015f plaj\u0131n\u0131n yurt i\u00e7indeki di\u011fer plajlardan daha ucuz ve daha kaliteli kuma sahip oldu\u011funu aktaran Topuz, daha sonra \u015funlar\u0131 s\u00f6yledi:<\/p>\n<p>\u201cBuras\u0131 di\u011fer illerden ziyade daha s\u0131cak. Kumu \u00e7ok kaliteli. B\u00f6lgemiz su alt\u0131 dal\u0131\u015f anlam\u0131nda \u00e7ok uygun hem de deniz anlam\u0131nda di\u011fer bir\u00e7ok b\u00f6lgeden \u00e7ok daha \u00f6nde. Ku\u015f cennetimiz var. Do\u011fa ile i\u00e7 i\u00e7e. Betonla\u015fman\u0131n en az oldu\u011fu b\u00f6lge diye savunabiliriz. Antalya ve Marmaris\u2019te yurt d\u0131\u015f\u0131 turizmine a\u011f\u0131rl\u0131k verildi\u011fi i\u00e7in burada gelen vatanda\u015flar\u0131n \u00fc\u00e7te bir ya da d\u00f6rtte bir fiyat\u0131na daha rahat bir ortamda tatil yapabileceklerinin garantisini veririz.\u201d<\/p>\n<p>\u201cAntalya\u2019dan fark\u0131 yok\u201d<\/p>\n<p>Almanya\u2019dan Adana\u2019n\u0131n Karata\u015f il\u00e7esine tatil yapmak i\u00e7in gelen Hakan \u00d6zkar ise tan\u0131t\u0131ma \u00f6nem verilmesi gerekti\u011fini s\u00f6yleyerek, \u201cBuralar \u00e7ok g\u00fczel. \u0130kinci geli\u015fim. Denizi g\u00fczel, sahil g\u00fczel. Yo\u011funluk hafta i\u00e7i olmas\u0131na ra\u011fmen \u00e7ok g\u00fczel. Adanal\u0131lar ba\u015fka bir yere bakmas\u0131nlar Antalya\u2019dan fark\u0131m\u0131z yok. Sadece bunlar\u0131n k\u0131ymetini bilip yetkililerin daha \u00e7ok tan\u0131t\u0131m yapmas\u0131 laz\u0131m\u201d dedi.<\/p>\n<p>\u201cBizim kumsal\u0131m\u0131z sadece kum\u201d<\/p>\n<p>\u0130\u015fletme sahibi Yener Y\u0131lmaz da Adana B\u00fcy\u00fck\u015fehir Belediye Ba\u015fkan\u0131 Zeydan Karalar\u2019\u0131n yat\u0131r\u0131mlar\u0131n\u0131 Karata\u015f\u2019a yapmas\u0131 gerekti\u011fini ifade ederek, \u201cKarata\u015f\u2019\u0131m\u0131z \u00e7ok g\u00fczel. Herkes Mersin\u2019e gidiyor Adanal\u0131lar\u0131n \u00f6ncelikle Karata\u015f\u2019\u0131 tercih etmesi laz\u0131m. \u00c7ok g\u00fczel bir plaj\u0131m\u0131z var. Ben Marmaris\u2019e gittim suyu derin ve 250 metre sahili var. Bizim kumsal\u0131m\u0131z sadece kum. Bodrum, Marmaris ve Antalya hep ta\u015f. Gelenler be\u011feniyorlar. Fiyatlar\u0131m\u0131z uygun. \u00d6nceli\u011finiz Karata\u015f olsun\u201d diye konu\u015ftu.<\/p>\n<p>\u201cCennetten bir k\u00f6\u015fe Karata\u015f\u201d<\/p>\n<p>Canan \u00d6z\u00fcsa\u011flam Ak\u00e7il ise, \u201cBen Almanya\u2019dan geliyorum. Karata\u015f\u2019\u0131 \u00e7ok seviyorum. \u0130nsan\u0131 \u00e7ok s\u0131cak. Fiyatlar uygun. Her y\u0131l tatile buraya geliyoruz. Denizi \u00e7ok g\u00fczel. Ta\u015f yok. Cennetten bir k\u00f6\u015fe Karata\u015f. Herkese buray\u0131 tavsiye ederim. Adana\u2019n\u0131n b\u00fct\u00fcn lezzetlerini burada bulabilirsiniz olduk\u00e7a hesapl\u0131\u201d ifadelerini kulland\u0131.<\/p>\n","protected":false},"excerpt":{"rendered":"<p>ADANA\u2019NIN KARATA\u015e SAH\u0130L\u0130 KURBAN BAYRAMI&#8217;NDA 200 B\u0130N Z\u0130YARET\u00c7\u0130 BEKL\u0130YOR.<\/p>\n","protected":false},"author":1,"featured_media":191099,"comment_status":"closed","ping_status":"open","sticky":false,"template":"","format":"standard","meta":{"jetpack_post_was_ever_published":false,"_jetpack_newsletter_access":"","_jetpack_dont_email_post_to_subs":false,"_jetpack_newsletter_tier_id":0,"_jetpack_memberships_contains_paywalled_content":false,"_jetpack_memberships_contains_paid_content":false,"footnotes":"","jetpack_publicize_message":"","jetpack_publicize_feature_enabled":true,"jetpack_social_post_already_shared":true,"jetpack_social_options":{"image_generator_settings":{"template":"highway","default_image_id":0,"font":"","enabled":false},"version":2}},"categories":[1],"tags":[33880,4068,3316,213,3142,6267],"class_list":["post-191098","post","type-post","status-publish","format-standard","has-post-thumbnail","hentry","category-genel","tag-bayramda","tag-4068","tag-agirlayacak","tag-bin","tag-karatas","tag-ziyaretci"],"jetpack_publicize_connections":[],"jetpack_featured_media_url":"https:\/\/i0.wp.com\/www.tvturk.com\/wp-content\/uploads\/2019\/08\/karatas-bayramda-200-bin-ziyaretci-agirlayacak_5959b19.jpg?fit=1000%2C562","jetpack_sharing_enabled":true,"jetpack_shortlink":"https:\/\/wp.me\/paKIfm-NIe","_links":{"self":[{"href":"http:\/\/www.tvturk.com\/index.php\/wp-json\/wp\/v2\/posts\/191098","targetHints":{"allow":["GET"]}}],"collection":[{"href":"http:\/\/www.tvturk.com\/index.php\/wp-json\/wp\/v2\/posts"}],"about":[{"href":"http:\/\/www.tvturk.com\/index.php\/wp-json\/wp\/v2\/types\/post"}],"author":[{"embeddable":true,"href":"http:\/\/www.tvturk.com\/index.php\/wp-json\/wp\/v2\/users\/1"}],"replies":[{"embeddable":true,"href":"http:\/\/www.tvturk.com\/index.php\/wp-json\/wp\/v2\/comments?post=191098"}],"version-history":[{"count":0,"href":"http:\/\/www.tvturk.com\/index.php\/wp-json\/wp\/v2\/posts\/191098\/revisions"}],"wp:featuredmedia":[{"embeddable":true,"href":"http:\/\/www.tvturk.com\/index.php\/wp-json\/wp\/v2\/media\/191099"}],"wp:attachment":[{"href":"http:\/\/www.tvturk.com\/index.php\/wp-json\/wp\/v2\/media?parent=191098"}],"wp:term":[{"taxonomy":"category","embeddable":true,"href":"http:\/\/www.tvturk.com\/index.php\/wp-json\/wp\/v2\/categories?post=191098"},{"taxonomy":"post_tag","embeddable":true,"href":"http:\/\/www.tvturk.com\/index.php\/wp-json\/wp\/v2\/tags?post=191098"}],"curies":[{"name":"wp","href":"https:\/\/api.w.org\/{rel}","templated":true}]}}