{"id":191112,"date":"2019-08-07T11:31:58","date_gmt":"2019-08-07T08:31:58","guid":{"rendered":"http:\/\/www.tvturk.com\/index.php\/kucukcekmecede-kurban-bayrami-icin-tum-onlemler-alindi\/"},"modified":"2019-08-07T11:31:58","modified_gmt":"2019-08-07T08:31:58","slug":"kucukcekmecede-kurban-bayrami-icin-tum-onlemler-alindi","status":"publish","type":"post","link":"http:\/\/www.tvturk.com\/index.php\/kucukcekmecede-kurban-bayrami-icin-tum-onlemler-alindi\/","title":{"rendered":"K\u00fc\u00e7\u00fck\u00e7ekmece\u2019de kurban bayram\u0131 i\u00e7in t\u00fcm \u00f6nlemler al\u0131nd\u0131"},"content":{"rendered":"<p>Kurban Bayram\u0131\u2019na say\u0131l\u0131 g\u00fcnler kala, K\u00fc\u00e7\u00fck\u00e7ekmece\u2019de vatanda\u015flar\u0131n bayram\u0131 rahat ve huzur i\u00e7erisinde ge\u00e7irmeleri i\u00e7in gerekli t\u00fcm \u00f6nlemleri ald\u0131. Dezenfekte ve ila\u00e7lama \u00e7al\u0131\u015fmalar\u0131na bayram \u00f6ncesi, s\u00fcresi ve sonras\u0131nda da aral\u0131ks\u0131z devam edecekken, sat\u0131\u015f alan\u0131 ve kesim yerlerine 20 bin adet po\u015fet da\u011f\u0131t\u0131m\u0131 ger\u00e7ekle\u015ftirecek. Arefe ve bayram\u0131n 1. g\u00fcn\u00fc de sahada ka\u00e7ak hayvan yakalama ekibi g\u00f6rev yapacak.<\/p>\n<p>Bayram yakla\u015f\u0131rken, Anadolu ve Trakya\u2019dan gelen b\u00fcy\u00fckba\u015f ve k\u00fc\u00e7\u00fckba\u015f hayvanlar kurban pazarlar\u0131nda sat\u0131\u015fa \u00e7\u0131kt\u0131. Kurbanl\u0131klar\u0131n al\u0131nd\u0131\u011f\u0131, bayram i\u00e7in haz\u0131rl\u0131klar\u0131n yap\u0131ld\u0131\u011f\u0131 bu g\u00fcnlerde vatanda\u015flar\u0131n kafas\u0131nda da soru i\u015faretleri olu\u015fmaya ba\u015flad\u0131. Sa\u011fl\u0131kl\u0131 hayvanlar hangi \u00f6zelliklere sahip? Kurbanl\u0131k al\u0131rken nelere dikkat etmeli? K\u00fc\u00e7\u00fck\u00e7ekmece Belediyesi Sa\u011fl\u0131k \u0130\u015fleri M\u00fcd\u00fcrl\u00fc\u011f\u00fc Veterineri \u00c7i\u011fdem Eral, kurban bayram\u0131 s\u00fcrecinin sa\u011fl\u0131kl\u0131 ve kazas\u0131z bir \u015fekilde ge\u00e7irilmesi i\u00e7in uyar\u0131larda bulunarak, vatanda\u015flar\u0131 dikkatli olmaya \u00e7a\u011f\u0131rd\u0131.<\/p>\n<p>\u201cKomisyonca belirlenen berler tercih edilmeli\u201d<\/p>\n<p>Kurban ibadetinin \u2018Kurban Hizmetleri Komisyonu\u2019nca belirtilen uygun yerlerde ger\u00e7ekle\u015ftirilmesi gerekti\u011fini s\u00f6yleyen K\u00fc\u00e7\u00fck\u00e7ekmece Belediyesi Sa\u011fl\u0131k \u0130\u015fleri M\u00fcd\u00fcrl\u00fc\u011f\u00fc Veterineri \u00c7i\u011fdem Eral, \u201cVatanda\u015flar\u0131n hijyen ve \u00e7evre ko\u015fullar\u0131na uygun hareket etmesini istiyoruz. Al\u0131nan kararlar ve y\u00fcr\u00fcrl\u00fckteki yasal mevzuatlar gere\u011fi umuma a\u00e7\u0131k yerlerde parklar, yol kenarlar\u0131, a\u00e7\u0131k arsa ve araziler, cadde ve sokak kenarlar\u0131nda veya \u00e7ocuk oyun alanlar\u0131nda kurban kesilmesi yasakt\u0131r. Kesim yeri her \u015feyden \u00f6nce yeterli hijyenik ko\u015fullara sahip olmal\u0131d\u0131r. Hayvan\u0131n herhangi bir yerde kesilmesi uygun de\u011fildir. Etin de\u011fece\u011fi t\u00fcm y\u00fczeylerin kir tutmayan, kolay temizlenebilir ve dezenfekte edilebilir malzemeden yap\u0131lm\u0131\u015f olmas\u0131 gerekir\u201d dedi.<\/p>\n<p>Sa\u011fl\u0131k raporu ve kulak k\u00fcpesi uyar\u0131s\u0131<\/p>\n<p>Sa\u011fl\u0131kl\u0131 kurbanl\u0131k hayvanlar\u0131n genel durumuyla ilgili bilgiler veren Eral, \u201cVeteriner hekim muayenesi ge\u00e7irmemi\u015f kontrols\u00fcz hayvanlardan insanlara bula\u015fabilecek bir\u00e7ok zoonoz hastal\u0131k etkeni bulunmaktad\u0131r. Hayvan\u0131n mutlaka Veteriner Sa\u011fl\u0131k Raporu\u2019 ile \u2018Kulak K\u00fcpesi\u2019 ve \u2018Hayvan Kimlik Kart\u0131\u2019 olmal\u0131. Sa\u011fl\u0131kl\u0131 hayvanlar hareketli ve bak\u0131\u015flar\u0131 canl\u0131d\u0131r. S\u0131k s\u0131k kulaklar\u0131n\u0131 oynat\u0131rlar. T\u00fcyleri d\u00fczg\u00fcn ve parlakt\u0131r. E\u011fer hayvan ayakta durmak istemiyor, s\u00fcrekli yatmak istiyorsa, a\u015f\u0131r\u0131 \u00f6ks\u00fcr\u00fcyor ve hap\u015f\u0131r\u0131yorsa, v\u00fccudunda \u015fi\u015flikler mevcut ise mutlaka veteriner hekime ba\u015fvurulmal\u0131d\u0131r\u201d diye konu\u015ftu.<\/p>\n<p>Nakil s\u0131ras\u0131nda hayvanlarda stres olu\u015fturmay\u0131n<\/p>\n<p>Veteriner Hekim Eral, \u201cHayvanlar\u0131n al\u0131m i\u015flemlerinden sonra dikkat edilmesi gereken di\u011fer bir nokta da nakil i\u015flemleridir&#8221; diyerek, &#8220;Hayvan nakil i\u015flemleri hayvanlarda strese neden olmayacak \u015fekilde planlanmal\u0131 ve hijyenik a\u00e7\u0131dan herhangi bir hastal\u0131k etkeninin bula\u015fmas\u0131na sebebiyet vermeden uygulanmal\u0131d\u0131r\u201d uyar\u0131lar\u0131nda bulundu.<\/p>\n<p>Belediye ekipleri bayram boyunca i\u015f ba\u015f\u0131nda<\/p>\n<p>K\u00fc\u00e7\u00fck\u00e7ekmece Belediyesi, \u0130l\u00e7e M\u00fcft\u00fcl\u00fc\u011f\u00fc b\u00fcnyesinde kurulan Kurban Hizmetleri Komisyonu taraf\u0131ndan izin verilen kurban sat\u0131\u015f alan\u0131 ve kesim yerleri ile ilgili haz\u0131rl\u0131klar\u0131 tamamlad\u0131. Kurban Bayram\u0131 \u00f6ncesi \u00e7evre ve insan sa\u011fl\u0131\u011f\u0131n\u0131 etkileyecek t\u00fcm \u00f6nlemleri alan belediye, dezenfekte ve ila\u00e7lama \u00e7al\u0131\u015fmalar\u0131na bayram \u00f6ncesi, s\u00fcresi ve sonras\u0131nda da aral\u0131ks\u0131z devam edecek. \u0130l\u00e7edeki kurban sat\u0131\u015f alan\u0131 ve kesim yerlerine 20 bin adet po\u015fet da\u011f\u0131t\u0131m\u0131 ger\u00e7ekle\u015ftirecek. Arefe ve bayram\u0131n 1. g\u00fcn\u00fc de sahada ka\u00e7ak hayvan yakalama ekibi g\u00f6rev yapacak. Sa\u011fl\u0131k \u0130\u015fleri M\u00fcd\u00fcrl\u00fc\u011f\u00fc taraf\u0131ndan il\u00e7ede bulunan kurban sat\u0131\u015f yerinde ambulans haz\u0131r bulunacak.<\/p>\n","protected":false},"excerpt":{"rendered":"<p>K\u00dc\u00c7\u00dcK\u00c7EKMECE&#8217;DE KURBAN BAYRAMI \u0130\u00c7\u0130N T\u00dcM \u00d6NLEMLER ALINDI<\/p>\n","protected":false},"author":1,"featured_media":191113,"comment_status":"closed","ping_status":"open","sticky":false,"template":"","format":"standard","meta":{"jetpack_post_was_ever_published":false,"_jetpack_newsletter_access":"","_jetpack_dont_email_post_to_subs":false,"_jetpack_newsletter_tier_id":0,"_jetpack_memberships_contains_paywalled_content":false,"_jetpack_memberships_contains_paid_content":false,"footnotes":"","jetpack_publicize_message":"","jetpack_publicize_feature_enabled":true,"jetpack_social_post_already_shared":true,"jetpack_social_options":{"image_generator_settings":{"template":"highway","default_image_id":0,"font":"","enabled":false},"version":2}},"categories":[1],"tags":[1014,6193,44,22820,20956,38538,1325],"class_list":["post-191112","post","type-post","status-publish","format-standard","has-post-thumbnail","hentry","category-genel","tag-alindi","tag-bayrami","tag-icin","tag-kucukcekmecede","tag-kurban","tag-onlemler","tag-tum"],"jetpack_publicize_connections":[],"jetpack_featured_media_url":"https:\/\/i0.wp.com\/www.tvturk.com\/wp-content\/uploads\/2019\/08\/kucukcekmecede-kurban-bayrami-icin-tum-onlemler-alindi_efbda81.jpg?fit=1000%2C666","jetpack_sharing_enabled":true,"jetpack_shortlink":"https:\/\/wp.me\/paKIfm-NIs","_links":{"self":[{"href":"http:\/\/www.tvturk.com\/index.php\/wp-json\/wp\/v2\/posts\/191112","targetHints":{"allow":["GET"]}}],"collection":[{"href":"http:\/\/www.tvturk.com\/index.php\/wp-json\/wp\/v2\/posts"}],"about":[{"href":"http:\/\/www.tvturk.com\/index.php\/wp-json\/wp\/v2\/types\/post"}],"author":[{"embeddable":true,"href":"http:\/\/www.tvturk.com\/index.php\/wp-json\/wp\/v2\/users\/1"}],"replies":[{"embeddable":true,"href":"http:\/\/www.tvturk.com\/index.php\/wp-json\/wp\/v2\/comments?post=191112"}],"version-history":[{"count":0,"href":"http:\/\/www.tvturk.com\/index.php\/wp-json\/wp\/v2\/posts\/191112\/revisions"}],"wp:featuredmedia":[{"embeddable":true,"href":"http:\/\/www.tvturk.com\/index.php\/wp-json\/wp\/v2\/media\/191113"}],"wp:attachment":[{"href":"http:\/\/www.tvturk.com\/index.php\/wp-json\/wp\/v2\/media?parent=191112"}],"wp:term":[{"taxonomy":"category","embeddable":true,"href":"http:\/\/www.tvturk.com\/index.php\/wp-json\/wp\/v2\/categories?post=191112"},{"taxonomy":"post_tag","embeddable":true,"href":"http:\/\/www.tvturk.com\/index.php\/wp-json\/wp\/v2\/tags?post=191112"}],"curies":[{"name":"wp","href":"https:\/\/api.w.org\/{rel}","templated":true}]}}