{"id":19115,"date":"2019-02-10T17:25:51","date_gmt":"2019-02-10T14:25:51","guid":{"rendered":"http:\/\/www.tvturk.com\/index.php\/istanbulda-bahar-havasini-firsat-bilenler-parklara-ve-sahil-kenarlarina-akin-etti\/"},"modified":"2019-02-10T17:25:53","modified_gmt":"2019-02-10T14:25:53","slug":"istanbulda-bahar-havasini-firsat-bilenler-parklara-ve-sahil-kenarlarina-akin-etti","status":"publish","type":"post","link":"http:\/\/www.tvturk.com\/index.php\/istanbulda-bahar-havasini-firsat-bilenler-parklara-ve-sahil-kenarlarina-akin-etti\/","title":{"rendered":"\u0130stanbul\u2019da bahar havas\u0131n\u0131 f\u0131rsat bilenler parklara ve sahil kenarlar\u0131na ak\u0131n etti"},"content":{"rendered":"<p>\u0130stanbul\u2019da \u00f6\u011fleden sonra havan\u0131n \u0131s\u0131nmas\u0131yla birlikte vatanda\u015flar solu\u011fu park ve meydanlarda ald\u0131.<\/p>\n<p>\u0130stanbul\u2019da sabah saatlerinden itibaren y\u00fcz\u00fcn\u00fc g\u00f6steren g\u00fcne\u015fin \u00f6\u011fleden sonra havay\u0131 iyice \u0131s\u0131tmas\u0131yla vatanda\u015flar solu\u011fu d\u0131\u015far\u0131da ald\u0131. Kimi vatanda\u015flar sahillere kimisi de Taksim Meydan\u0131 ve \u0130stiklal Caddesi\u2019ne ak\u0131n etti.<\/p>\n<p>Sahil k\u0131s\u0131mlar\u0131na ak\u0131n eden vatanda\u015flar buralardaki parklarda semaverde \u00e7ay ve mangal keyfi s\u00fcrd\u00fc. Taksim Meydan\u0131\u2019na ak\u0131n eden \u00e7ok say\u0131da vatanda\u015f ise Gezi Park\u0131\u2019nda \u00e7imlere oturarak g\u00fcne\u015fin tad\u0131n\u0131 \u00e7\u0131kard\u0131.<div class=\"tiled-gallery type-rectangular tiled-gallery-unresized\" data-original-width=\"500\" data-carousel-extra='null' itemscope itemtype=\"http:\/\/schema.org\/ImageGallery\" > <div class=\"gallery-row\" style=\"width: 500px; height: 167px;\" data-original-width=\"500\" data-original-height=\"167\" > <div class=\"gallery-group images-1\" style=\"width: 243px; height: 167px;\" data-original-width=\"243\" data-original-height=\"167\" > <div class=\"tiled-gallery-item tiled-gallery-item-small\" itemprop=\"associatedMedia\" itemscope itemtype=\"http:\/\/schema.org\/ImageObject\"> <a href=\"http:\/\/www.tvturk.com\/index.php\/istanbulda-bahar-havasini-firsat-bilenler-parklara-ve-sahil-kenarlarina-akin-etti\/istanbulda-bahar-havasini-firsat-bilenler-parklara-ve-sahil-kenarlarina-akin-etti-3\/\" border=\"0\" itemprop=\"url\"> <meta itemprop=\"width\" content=\"239\"> <meta itemprop=\"height\" content=\"163\"> <img decoding=\"async\" class=\"\" data-attachment-id=\"19117\" data-orig-file=\"http:\/\/www.tvturk.com\/wp-content\/uploads\/2019\/02\/istanbulda-bahar-havasini-firsat-bilenler-parklara-ve-sahil-kenarlarina-akin-etti_446802a.jpg\" data-orig-size=\"1000,683\" data-comments-opened=\"\" data-image-meta=\"{&quot;aperture&quot;:&quot;0&quot;,&quot;credit&quot;:&quot;IHA&quot;,&quot;camera&quot;:&quot;&quot;,&quot;caption&quot;:&quot;\\u0130STANBUL\\u2019DA G\\u00dcZEL HAVAYI FIRSAT B\\u0130LEN VATANDA\\u015eLAR, SOLU\\u011eU BAKIRK\\u00d6Y SAH\\u0130LDE ALDI. (TUNACAN ATALAY\\\/\\u0130STANBUL-\\u0130HA)&quot;,&quot;created_timestamp&quot;:&quot;0&quot;,&quot;copyright&quot;:&quot;\\u0130HLAS HABER AJANSI, www.iha.com.tr&quot;,&quot;focal_length&quot;:&quot;0&quot;,&quot;iso&quot;:&quot;0&quot;,&quot;shutter_speed&quot;:&quot;0&quot;,&quot;title&quot;:&quot;\\u0130STANBUL\\u2019DA BAHAR HAVASINI FIRSAT B\\u0130LENLER PARKLARA VE SAH\\u0130L KENARLARINA AKIN ETT\\u0130&quot;,&quot;orientation&quot;:&quot;0&quot;}\" data-image-title=\"\u0130stanbul\u2019da bahar havas\u0131n\u0131 f\u0131rsat bilenler parklara ve sahil kenarlar\u0131na ak\u0131n etti\" data-image-description=\"&lt;p&gt;\u0130stanbul\u2019da bahar havas\u0131n\u0131 f\u0131rsat bilenler parklara ve sahil kenarlar\u0131na ak\u0131n etti&lt;\/p&gt; \" data-medium-file=\"https:\/\/i0.wp.com\/www.tvturk.com\/wp-content\/uploads\/2019\/02\/istanbulda-bahar-havasini-firsat-bilenler-parklara-ve-sahil-kenarlarina-akin-etti_446802a.jpg?fit=300%2C205\" data-large-file=\"https:\/\/i0.wp.com\/www.tvturk.com\/wp-content\/uploads\/2019\/02\/istanbulda-bahar-havasini-firsat-bilenler-parklara-ve-sahil-kenarlarina-akin-etti_446802a.jpg?fit=1000%2C683\" src=\"https:\/\/i0.wp.com\/www.tvturk.com\/wp-content\/uploads\/2019\/02\/istanbulda-bahar-havasini-firsat-bilenler-parklara-ve-sahil-kenarlarina-akin-etti_446802a.jpg?w=239&#038;h=163\" srcset=\"https:\/\/i0.wp.com\/www.tvturk.com\/wp-content\/uploads\/2019\/02\/istanbulda-bahar-havasini-firsat-bilenler-parklara-ve-sahil-kenarlarina-akin-etti_446802a.jpg?w=1000 1000w, https:\/\/i0.wp.com\/www.tvturk.com\/wp-content\/uploads\/2019\/02\/istanbulda-bahar-havasini-firsat-bilenler-parklara-ve-sahil-kenarlarina-akin-etti_446802a.jpg?resize=150%2C102 150w, https:\/\/i0.wp.com\/www.tvturk.com\/wp-content\/uploads\/2019\/02\/istanbulda-bahar-havasini-firsat-bilenler-parklara-ve-sahil-kenarlarina-akin-etti_446802a.jpg?resize=300%2C205 300w, https:\/\/i0.wp.com\/www.tvturk.com\/wp-content\/uploads\/2019\/02\/istanbulda-bahar-havasini-firsat-bilenler-parklara-ve-sahil-kenarlarina-akin-etti_446802a.jpg?resize=768%2C525 768w, https:\/\/i0.wp.com\/www.tvturk.com\/wp-content\/uploads\/2019\/02\/istanbulda-bahar-havasini-firsat-bilenler-parklara-ve-sahil-kenarlarina-akin-etti_446802a.jpg?resize=80%2C55 80w\" width=\"239\" height=\"163\" loading=\"lazy\" data-original-width=\"239\" data-original-height=\"163\" itemprop=\"http:\/\/schema.org\/image\" title=\"\u0130stanbul\u2019da bahar havas\u0131n\u0131 f\u0131rsat bilenler parklara ve sahil kenarlar\u0131na ak\u0131n etti\" alt=\"\u0130stanbul\u2019da bahar havas\u0131n\u0131 f\u0131rsat bilenler parklara ve sahil kenarlar\u0131na ak\u0131n etti\" style=\"width: 239px; height: 163px;\" \/> <\/a> <\/div> <\/div> <!-- close group --> <div class=\"gallery-group images-1\" style=\"width: 257px; height: 167px;\" data-original-width=\"257\" data-original-height=\"167\" > <div class=\"tiled-gallery-item tiled-gallery-item-large\" itemprop=\"associatedMedia\" itemscope itemtype=\"http:\/\/schema.org\/ImageObject\"> <a href=\"http:\/\/www.tvturk.com\/index.php\/istanbulda-bahar-havasini-firsat-bilenler-parklara-ve-sahil-kenarlarina-akin-etti\/istanbulda-bahar-havasini-firsat-bilenler-parklara-ve-sahil-kenarlarina-akin-etti-4\/\" border=\"0\" itemprop=\"url\"> <meta itemprop=\"width\" content=\"253\"> <meta itemprop=\"height\" content=\"163\"> <img decoding=\"async\" class=\"\" data-attachment-id=\"19118\" data-orig-file=\"http:\/\/www.tvturk.com\/wp-content\/uploads\/2019\/02\/istanbulda-bahar-havasini-firsat-bilenler-parklara-ve-sahil-kenarlarina-akin-etti_9b315fc.jpg\" data-orig-size=\"1000,643\" data-comments-opened=\"\" data-image-meta=\"{&quot;aperture&quot;:&quot;0&quot;,&quot;credit&quot;:&quot;IHA&quot;,&quot;camera&quot;:&quot;&quot;,&quot;caption&quot;:&quot;\\u0130STANBUL\\u2019DA G\\u00dcZEL HAVAYI FIRSAT B\\u0130LEN VATANDA\\u015eLAR, SOLU\\u011eU BAKIRK\\u00d6Y SAH\\u0130LDE ALDI. (TUNACAN ATALAY\\\/\\u0130STANBUL-\\u0130HA)&quot;,&quot;created_timestamp&quot;:&quot;0&quot;,&quot;copyright&quot;:&quot;\\u0130HLAS HABER AJANSI, www.iha.com.tr&quot;,&quot;focal_length&quot;:&quot;0&quot;,&quot;iso&quot;:&quot;0&quot;,&quot;shutter_speed&quot;:&quot;0&quot;,&quot;title&quot;:&quot;\\u0130STANBUL\\u2019DA BAHAR HAVASINI FIRSAT B\\u0130LENLER PARKLARA VE SAH\\u0130L KENARLARINA AKIN ETT\\u0130&quot;,&quot;orientation&quot;:&quot;0&quot;}\" data-image-title=\"\u0130stanbul\u2019da bahar havas\u0131n\u0131 f\u0131rsat bilenler parklara ve sahil kenarlar\u0131na ak\u0131n etti\" data-image-description=\"&lt;p&gt;\u0130stanbul\u2019da bahar havas\u0131n\u0131 f\u0131rsat bilenler parklara ve sahil kenarlar\u0131na ak\u0131n etti&lt;\/p&gt; \" data-medium-file=\"https:\/\/i0.wp.com\/www.tvturk.com\/wp-content\/uploads\/2019\/02\/istanbulda-bahar-havasini-firsat-bilenler-parklara-ve-sahil-kenarlarina-akin-etti_9b315fc.jpg?fit=300%2C193\" data-large-file=\"https:\/\/i0.wp.com\/www.tvturk.com\/wp-content\/uploads\/2019\/02\/istanbulda-bahar-havasini-firsat-bilenler-parklara-ve-sahil-kenarlarina-akin-etti_9b315fc.jpg?fit=1000%2C643\" src=\"https:\/\/i0.wp.com\/www.tvturk.com\/wp-content\/uploads\/2019\/02\/istanbulda-bahar-havasini-firsat-bilenler-parklara-ve-sahil-kenarlarina-akin-etti_9b315fc.jpg?w=253&#038;h=163\" srcset=\"https:\/\/i0.wp.com\/www.tvturk.com\/wp-content\/uploads\/2019\/02\/istanbulda-bahar-havasini-firsat-bilenler-parklara-ve-sahil-kenarlarina-akin-etti_9b315fc.jpg?w=1000 1000w, https:\/\/i0.wp.com\/www.tvturk.com\/wp-content\/uploads\/2019\/02\/istanbulda-bahar-havasini-firsat-bilenler-parklara-ve-sahil-kenarlarina-akin-etti_9b315fc.jpg?resize=150%2C96 150w, https:\/\/i0.wp.com\/www.tvturk.com\/wp-content\/uploads\/2019\/02\/istanbulda-bahar-havasini-firsat-bilenler-parklara-ve-sahil-kenarlarina-akin-etti_9b315fc.jpg?resize=300%2C193 300w, https:\/\/i0.wp.com\/www.tvturk.com\/wp-content\/uploads\/2019\/02\/istanbulda-bahar-havasini-firsat-bilenler-parklara-ve-sahil-kenarlarina-akin-etti_9b315fc.jpg?resize=768%2C494 768w, https:\/\/i0.wp.com\/www.tvturk.com\/wp-content\/uploads\/2019\/02\/istanbulda-bahar-havasini-firsat-bilenler-parklara-ve-sahil-kenarlarina-akin-etti_9b315fc.jpg?resize=510%2C330 510w\" width=\"253\" height=\"163\" loading=\"lazy\" data-original-width=\"253\" data-original-height=\"163\" itemprop=\"http:\/\/schema.org\/image\" title=\"\u0130stanbul\u2019da bahar havas\u0131n\u0131 f\u0131rsat bilenler parklara ve sahil kenarlar\u0131na ak\u0131n etti\" alt=\"\u0130stanbul\u2019da bahar havas\u0131n\u0131 f\u0131rsat bilenler parklara ve sahil kenarlar\u0131na ak\u0131n etti\" style=\"width: 253px; height: 163px;\" \/> <\/a> <\/div> <\/div> <!-- close group --> <\/div> <!-- close row --> <\/div><\/p>\n","protected":false},"excerpt":{"rendered":"<p>\u0130STANBUL\u2019DA G\u00dcZEL HAVAYI FIRSAT B\u0130LEN VATANDA\u015eLAR, SOLU\u011eU BAKIRK\u00d6Y SAH\u0130LDE ALDI.<\/p>\n","protected":false},"author":1,"featured_media":19116,"comment_status":"closed","ping_status":"open","sticky":false,"template":"","format":"standard","meta":{"jetpack_post_was_ever_published":false,"_jetpack_newsletter_access":"","_jetpack_dont_email_post_to_subs":false,"_jetpack_newsletter_tier_id":0,"_jetpack_memberships_contains_paywalled_content":false,"_jetpack_memberships_contains_paid_content":false,"footnotes":"","jetpack_publicize_message":"","jetpack_publicize_feature_enabled":true,"jetpack_social_post_already_shared":false,"jetpack_social_options":{"image_generator_settings":{"template":"highway","default_image_id":0,"font":"","enabled":false},"version":2}},"categories":[655],"tags":[328,7451,8590,207,4837,8589,1268,8592,4083,8591],"class_list":["post-19115","post","type-post","status-publish","format-standard","has-post-thumbnail","hentry","category-son-dakika","tag-akin","tag-bahar","tag-bilenler","tag-etti","tag-firsat","tag-havasini","tag-istanbulda","tag-kenarlarina","tag-parklara","tag-sahil"],"jetpack_publicize_connections":[],"jetpack_featured_media_url":"https:\/\/i0.wp.com\/www.tvturk.com\/wp-content\/uploads\/2019\/02\/istanbulda-bahar-havasini-firsat-bilenler-parklara-ve-sahil-kenarlarina-akin-etti_1d7f5a6.jpg?fit=1000%2C670","jetpack_sharing_enabled":true,"jetpack_shortlink":"https:\/\/wp.me\/paKIfm-4Yj","_links":{"self":[{"href":"http:\/\/www.tvturk.com\/index.php\/wp-json\/wp\/v2\/posts\/19115","targetHints":{"allow":["GET"]}}],"collection":[{"href":"http:\/\/www.tvturk.com\/index.php\/wp-json\/wp\/v2\/posts"}],"about":[{"href":"http:\/\/www.tvturk.com\/index.php\/wp-json\/wp\/v2\/types\/post"}],"author":[{"embeddable":true,"href":"http:\/\/www.tvturk.com\/index.php\/wp-json\/wp\/v2\/users\/1"}],"replies":[{"embeddable":true,"href":"http:\/\/www.tvturk.com\/index.php\/wp-json\/wp\/v2\/comments?post=19115"}],"version-history":[{"count":1,"href":"http:\/\/www.tvturk.com\/index.php\/wp-json\/wp\/v2\/posts\/19115\/revisions"}],"predecessor-version":[{"id":19119,"href":"http:\/\/www.tvturk.com\/index.php\/wp-json\/wp\/v2\/posts\/19115\/revisions\/19119"}],"wp:featuredmedia":[{"embeddable":true,"href":"http:\/\/www.tvturk.com\/index.php\/wp-json\/wp\/v2\/media\/19116"}],"wp:attachment":[{"href":"http:\/\/www.tvturk.com\/index.php\/wp-json\/wp\/v2\/media?parent=19115"}],"wp:term":[{"taxonomy":"category","embeddable":true,"href":"http:\/\/www.tvturk.com\/index.php\/wp-json\/wp\/v2\/categories?post=19115"},{"taxonomy":"post_tag","embeddable":true,"href":"http:\/\/www.tvturk.com\/index.php\/wp-json\/wp\/v2\/tags?post=19115"}],"curies":[{"name":"wp","href":"https:\/\/api.w.org\/{rel}","templated":true}]}}