{"id":191160,"date":"2019-08-07T12:17:26","date_gmt":"2019-08-07T09:17:26","guid":{"rendered":"http:\/\/www.tvturk.com\/index.php\/takimlar-sezonu-acti\/"},"modified":"2019-08-07T12:17:26","modified_gmt":"2019-08-07T09:17:26","slug":"takimlar-sezonu-acti","status":"publish","type":"post","link":"http:\/\/www.tvturk.com\/index.php\/takimlar-sezonu-acti\/","title":{"rendered":"Tak\u0131mlar sezonu a\u00e7t\u0131"},"content":{"rendered":"<p>MTM, T\u00fcrkiye Spor Yazarlar\u0131 Derne\u011fi i\u00e7in haz\u0131rlad\u0131\u011f\u0131 Temmuz ay\u0131 raporunu a\u00e7\u0131klad\u0131. Rapora g\u00f6re Temmuz ay\u0131nda futbol kul\u00fcpleri i\u00e7inde en \u00e7ok Fenerbah\u00e7e konu\u015fulurken, en \u00e7ok konu\u015fulan kul\u00fcp y\u00f6neticisi ise Ahmet A\u011fao\u011flu oldu. Teknik direkt\u00f6rler listesinde ise Fatih Terim ilk s\u0131raya yerle\u015fti.<\/p>\n<p>Medya Takip Merkezi (MTM), T\u00fcrkiye Spor Yazarlar\u0131 Derne\u011fi i\u00e7in haz\u0131rlad\u0131\u011f\u0131 Temmuz ay\u0131 raporunu a\u00e7\u0131klad\u0131. 2019-2020 sezonu \u00f6ncesinde a\u00e7\u0131l\u0131\u015f kamp\u0131n\u0131 ger\u00e7ekle\u015ftiren tak\u0131mlar geride b\u0131rakt\u0131\u011f\u0131m\u0131z Temmuz ay\u0131nda haz\u0131rl\u0131k ma\u00e7lar\u0131 ile kendilerini test ettiler. Fenerbah\u00e7e, haz\u0131rl\u0131k ma\u00e7\u0131n\u0131 oynad\u0131\u011f\u0131 TFF 1\u2019inci Lig ekibi Boluspor\u2019u 2-0 ma\u011flup etti. Galatasaray ilk haz\u0131rl\u0131k ma\u00e7\u0131nda FC Wil\u2019i tek gol ile ma\u011flup ederken, Hasan Do\u011fan Milli Tak\u0131mlar Kamp ve E\u011fitim Tesisleri\u2019nde Pendikspor ile bir araya gelen Siyah Beyazl\u0131 ekip de 2-1\u2019lik skor ile ilk haz\u0131rl\u0131k ma\u00e7\u0131n\u0131n kazananlar\u0131ndan oldu.<\/p>\n<p>Temmuz ay\u0131n\u0131n zirvesi sar\u0131-lacivert<\/p>\n<p>Ge\u00e7en sezon t\u00fcm camiada ya\u015fanan hayal k\u0131r\u0131kl\u0131\u011f\u0131n\u0131 haf\u0131zalardan silmek isteyen Fenerbah\u00e7e futbol tak\u0131m\u0131, 2019-2020 sezonu \u00e7al\u0131\u015fmalar\u0131na Fenerbah\u00e7e Can Bartu tesislerinde ba\u015flad\u0131. Teknik direkt\u00f6r Ersun Yanal y\u00f6netiminde top ba\u015f\u0131 yapan sar\u0131-lacivertliler, \u0130stanbul etab\u0131n\u0131n ard\u0131ndan D\u00fczce\u2019de bulunan topuk yaylas\u0131na hareket etti. Burada tak\u0131m\u0131 bekleyen Fenerbah\u00e7eli taraftarlar\u0131n yo\u011fun ilgisi e\u015fli\u011finde haz\u0131rl\u0131klar\u0131n\u0131 s\u00fcrd\u00fcren Fenerbah\u00e7e, topuk yaylas\u0131 kamp\u0131 boyunca Bursaspor, Wolfsburg ve Hertha Berlin ile haz\u0131rl\u0131k ma\u00e7\u0131 yapt\u0131.<\/p>\n<p>Tak\u0131mdaki gen\u00e7 isimlerin forma \u015fans\u0131 buldu\u011fu ma\u00e7larda tak\u0131m\u0131n iki yeni h\u00fccum oyuncusu Max Kruse ile Vedat Muriqi g\u00f6sterdikleri etkili performans ile Fenerbah\u00e7e\u2019yi D\u00fczce\u2019de takip eden muhabirler taraf\u0131ndan tam not ald\u0131. Avrupa\u2019da sezon \u00f6ncesi haz\u0131rl\u0131k d\u00f6neminin en prestijli turnuvalar\u0131ndan biri olan Audi Cup\u2019a kat\u0131lan Fenerbah\u00e7e, Bayern M\u00fcnih ve Real Madrid gibi devlerle m\u00fccadele etme f\u0131rsat\u0131 yakalad\u0131. M\u00fcnih ve Madrid ma\u00e7lar\u0131nda defans hatt\u0131nda ya\u015fanan problemlerin ard\u0131ndan transfer \u00e7al\u0131\u015fmalar\u0131na h\u0131z veren Ali Ko\u00e7 ile sportif direkt\u00f6r Damien Comolli, Kolarov transferinde gaza bast\u0131. \u00d6zellikle transfer haberleriyle g\u00fcndemde olan Fenerbah\u00e7e, MTM\u2019nin raporuna g\u00f6re 84 bin 295 haber ile ay\u0131n en \u00e7ok konu\u015fulan spor kul\u00fcb\u00fc oldu. Fenerbah\u00e7e\u2019yi 2\u2019nci s\u0131rada 56 bin 511 haber ile Be\u015fikta\u015f takip ederken, 3\u2019\u00fcnc\u00fc s\u0131rada ise 49 bin 307 haber ile Trabzonspor yer ald\u0131.<\/p>\n<p>Eljif Elmas Art\u0131k Napoli\u2019de<\/p>\n<p>Fenerbah\u00e7e\u2019nin 19 ya\u015f\u0131ndaki Makedon orta saha oyuncusu Eljif Elmas, rekor bonservis bedeli kar\u015f\u0131l\u0131\u011f\u0131nda \u0130talya\u2019n\u0131n k\u00f6kl\u00fc kul\u00fcplerinden Napoli\u2019nin yolunu tuttu. \u00d6zellikle sezonun son haftalar\u0131ndaki y\u00fckselen performans\u0131yla Napoli\u2019nin tecr\u00fcbeli teknik direkt\u00f6r\u00fc Carlo Ancelotti\u2019nin de dikkatini \u00e7eken Elmas, sar\u0131-lacivertli kul\u00fcbe \u00f6nemli bir gelir kazand\u0131rarak Napoli\u2019ye imza att\u0131.<\/p>\n<p>Yap\u0131lan anla\u015fmaya g\u00f6re Fenerbah\u00e7e, bu transferden 16 milyon euro garanti \u00fccret ve performansa ba\u011fl\u0131 3 milyon euro bonus elde edecek. Fenerbah\u00e7e\u2019nin en fazla bonservis bedeli kazand\u0131\u011f\u0131 futbolcu unvan\u0131n\u0131 Sow\u2019un elinden alan Eljif Elmas, ayn\u0131 zamanda Temmuz ay\u0131 i\u00e7erisinde 9 bin 106 habere konu olarak, geride b\u0131rakt\u0131\u011f\u0131m\u0131z ay\u0131n en \u00e7ok konu\u015fulan futbolcusu olmay\u0131 ba\u015fard\u0131.<\/p>\n<p>\u0130mparator birinci s\u0131rada<\/p>\n<p>Galatasaray\u2019\u0131n deneyimli teknik direkt\u00f6r\u00fc Fatih Terim, ge\u00e7ti\u011fimiz Temmuz ay\u0131nda da medyadaki yerini korumay\u0131 ba\u015fard\u0131. T\u00fcrk milli tak\u0131m\u0131ndan ald\u0131\u011f\u0131 tazminat nedeniyle s\u0131k s\u0131k spor kamuoyunda g\u00fcndeme oturan Terim bu kez de, Fenerbah\u00e7e divan kurulu toplant\u0131s\u0131nda Ali Ko\u00e7\u2019un kendisine y\u00f6nelik a\u00e7\u0131klamalar\u0131na, sosyal medya hesab\u0131ndan verdi\u011fi cevap ile g\u00fcndemdeydi. Ba\u015far\u0131l\u0131 antren\u00f6r; sosyal medya hesab\u0131ndan ge\u00e7mi\u015fte yapt\u0131\u011f\u0131 a\u00e7\u0131klamalardan bir kesiti &#8220;Arkada\u015flar biz yola \u00e7\u0131kt\u0131\u011f\u0131m\u0131zdan beri elinden geleni ard\u0131na koymayan eksik olmad\u0131 \u00e7ok \u015f\u00fck\u00fcr! Aram\u0131zda hala anlamayanlar varm\u0131\u015f. O zaman bir kez daha&#8221; notuyla payla\u015ft\u0131.<\/p>\n<p>\u00d6te yandan ge\u00e7ti\u011fimiz aylarda Galatasaray\u2019la nikah tazeleyen Fatih Terim\u2019in s\u00f6zle\u015fme detaylar\u0131 da belli oldu. Galatasaray Sportif A.\u015e, Kamuyu Ayd\u0131nlatma Platformu\u2019na (KAP) yapt\u0131\u011f\u0131 a\u00e7\u0131klamada, tecr\u00fcbeli teknik adam\u0131n s\u00f6zle\u015fmesini 3 y\u0131l\u0131 opsiyonlu olmak \u00fczere 5 y\u0131l s\u00fcreyle uzatt\u0131\u011f\u0131n\u0131 bildirdi. Sar\u0131-k\u0131rm\u0131z\u0131l\u0131 \u00e7al\u0131\u015ft\u0131r\u0131c\u0131 2019-2020 ve 2020-2021 sezonlar\u0131 i\u00e7in y\u0131ll\u0131k 18 milyon TL \u00fccret kazanacak.<\/p>\n<p>Raporuna g\u00f6re spor bas\u0131n\u0131nda 15 bin 884 haberde yer alan \u0130mparator, Temmuz ay\u0131n\u0131n kendinden en \u00e7ok s\u00f6z ettiren teknik patronu oldu. Yeni sezona mutlak \u015fampiyonluk parolas\u0131yla giren Fenerbah\u00e7eli teknik direkt\u00f6r Ersun Yanal ise 14 bin 597 haber ile bu listenin ikinci s\u0131ras\u0131nda yer ald\u0131. Be\u015fikta\u015f\u2019\u0131n yeni antren\u00f6r\u00fc Abdullah Avc\u0131 ise kendisine 3\u2019\u00fcnc\u00fc s\u0131radan yer buldu.<\/p>\n<p>Kamp\u0131n Y\u0131ld\u0131z\u0131 Ahmet A\u011fao\u011flu<\/p>\n<p>Yeni sezon haz\u0131rl\u0131klar\u0131n\u0131 Avusturya\u2019n\u0131n Linz \u015fehrinde ger\u00e7ekle\u015ftiren bordo-mavilileri tak\u0131m kamp\u0131nda yaln\u0131z b\u0131rakmayan ba\u015fkan Ahmet A\u011fao\u011flu, teknik heyeti ve futbolcular\u0131 gelecek sezon i\u00e7in motive etti. Ayn\u0131 zamanda taraftarlara olan yakla\u015f\u0131m\u0131yla da alk\u0131\u015f toplayan A\u011fao\u011flu, adeta kamp\u0131n y\u0131ld\u0131z\u0131 konumuna geldi. Kul\u00fcb\u00fcn 52\u2019nci kurulu\u015f y\u0131l d\u00f6n\u00fcm\u00fc kutlamalar\u0131 kapsam\u0131nda gurbet\u00e7i gen\u00e7ler taraftar grubunun Hali\u00e7\u2019teki S\u00fctl\u00fcce Park\u0131\u2019nda d\u00fczenledi\u011fi &#8220;Trabzon i\u00e7in 1 me\u015fale de sen yak&#8221; etkinli\u011fine de kat\u0131lan Trabzonspor Kul\u00fcb\u00fc Ba\u015fkan\u0131 Ahmet A\u011fao\u011flu; b\u00fct\u00e7elerine uygun ve ger\u00e7ekten hizmet edecek bir forvet arad\u0131klar\u0131n\u0131, John Obi Mikel transferini b\u00fcy\u00fck gizlilik i\u00e7inde y\u00fcr\u00fctt\u00fcklerini ve Yusuf Yaz\u0131c\u0131 i\u00e7in ise; &#8220;Bizim en de\u011ferlimiz&#8221; a\u00e7\u0131klamas\u0131nda bulundu. Etkinlikle ilgili de konu\u015fan A\u011fao\u011flu, \u201cTaraftar\u0131m\u0131zla birlikte olunca \u00e7ok g\u00fczel, \u015firin ve tehlikeli oluyoruz. Bu a\u00e7\u0131klamam yanl\u0131\u015f anla\u015f\u0131lmas\u0131n, rakiplere g\u00fc\u00e7 g\u00f6sterisi olarak alg\u0131lans\u0131n&#8221; \u015feklinde konu\u015ftu.<\/p>\n<p>Ahmet A\u011fao\u011flu 8 bin 217 habere konu olarak ge\u00e7ti\u011fimiz ay\u0131n en \u00e7ok kaleme al\u0131nan kul\u00fcp y\u00f6neticisi oldu. Trabzonspor Ba\u015fkan\u0131 Ahmet A\u011fao\u011flu\u2019nun ard\u0131ndan 7 bin 858 haber ile 2\u2019nci s\u0131rada yer alan Be\u015fikta\u015f ba\u015fkan\u0131 Fikret Orman olurken, 3\u2019\u00fcnc\u00fc s\u0131rada ise 7 bin 313 haber ile Fenerbah\u00e7e Spor Kul\u00fcb\u00fc Ba\u015fkan\u0131 Ali Ko\u00e7 bulunuyor.<\/p>\n","protected":false},"excerpt":{"rendered":"<p>MTM, T\u00dcRK\u0130YE SPOR YAZARLARI DERNE\u011e\u0130 \u0130\u00c7\u0130N HAZIRLADI\u011eI TEMMUZ AYI RAPORUNU A\u00c7IKLADI. RAPORA G\u00d6RE TEMMUZ AYINDA FUTBOL KUL\u00dcPLER\u0130 \u0130\u00c7\u0130NDE EN \u00c7OK FENERBAH\u00c7E KONU\u015eULURKEN, EN \u00c7OK KONU\u015eULAN KUL\u00dcP Y\u00d6NET\u0130C\u0130S\u0130 \u0130SE AHMET A\u011eAO\u011eLU OLDU. TEKN\u0130K D\u0130REKT\u00d6RLER L\u0130STES\u0130NDE \u0130SE FAT\u0130H TER\u0130M \u0130LK SIRAYA YERLE\u015eT\u0130.<\/p>\n","protected":false},"author":1,"featured_media":191161,"comment_status":"closed","ping_status":"open","sticky":false,"template":"","format":"standard","meta":{"jetpack_post_was_ever_published":false,"_jetpack_newsletter_access":"","_jetpack_dont_email_post_to_subs":false,"_jetpack_newsletter_tier_id":0,"_jetpack_memberships_contains_paywalled_content":false,"_jetpack_memberships_contains_paid_content":false,"footnotes":"","jetpack_publicize_message":"","jetpack_publicize_feature_enabled":true,"jetpack_social_post_already_shared":true,"jetpack_social_options":{"image_generator_settings":{"template":"highway","default_image_id":0,"font":"","enabled":false},"version":2}},"categories":[657],"tags":[1494,6296,16990],"class_list":["post-191160","post","type-post","status-publish","format-standard","has-post-thumbnail","hentry","category-spor","tag-acti","tag-sezonu","tag-takimlar"],"jetpack_publicize_connections":[],"jetpack_featured_media_url":"https:\/\/i0.wp.com\/www.tvturk.com\/wp-content\/uploads\/2019\/08\/takimlar-sezonu-acti_fc6ed39.jpg?fit=523%2C451","jetpack_sharing_enabled":true,"jetpack_shortlink":"https:\/\/wp.me\/paKIfm-NJe","_links":{"self":[{"href":"http:\/\/www.tvturk.com\/index.php\/wp-json\/wp\/v2\/posts\/191160","targetHints":{"allow":["GET"]}}],"collection":[{"href":"http:\/\/www.tvturk.com\/index.php\/wp-json\/wp\/v2\/posts"}],"about":[{"href":"http:\/\/www.tvturk.com\/index.php\/wp-json\/wp\/v2\/types\/post"}],"author":[{"embeddable":true,"href":"http:\/\/www.tvturk.com\/index.php\/wp-json\/wp\/v2\/users\/1"}],"replies":[{"embeddable":true,"href":"http:\/\/www.tvturk.com\/index.php\/wp-json\/wp\/v2\/comments?post=191160"}],"version-history":[{"count":0,"href":"http:\/\/www.tvturk.com\/index.php\/wp-json\/wp\/v2\/posts\/191160\/revisions"}],"wp:featuredmedia":[{"embeddable":true,"href":"http:\/\/www.tvturk.com\/index.php\/wp-json\/wp\/v2\/media\/191161"}],"wp:attachment":[{"href":"http:\/\/www.tvturk.com\/index.php\/wp-json\/wp\/v2\/media?parent=191160"}],"wp:term":[{"taxonomy":"category","embeddable":true,"href":"http:\/\/www.tvturk.com\/index.php\/wp-json\/wp\/v2\/categories?post=191160"},{"taxonomy":"post_tag","embeddable":true,"href":"http:\/\/www.tvturk.com\/index.php\/wp-json\/wp\/v2\/tags?post=191160"}],"curies":[{"name":"wp","href":"https:\/\/api.w.org\/{rel}","templated":true}]}}