{"id":191164,"date":"2019-08-07T12:17:37","date_gmt":"2019-08-07T09:17:37","guid":{"rendered":"http:\/\/www.tvturk.com\/index.php\/cumhuriyet-tarihinde-ilk-olacak-bir-sergi\/"},"modified":"2019-08-07T12:17:37","modified_gmt":"2019-08-07T09:17:37","slug":"cumhuriyet-tarihinde-ilk-olacak-bir-sergi","status":"publish","type":"post","link":"http:\/\/www.tvturk.com\/index.php\/cumhuriyet-tarihinde-ilk-olacak-bir-sergi\/","title":{"rendered":"Cumhuriyet tarihinde ilk olacak bir sergi"},"content":{"rendered":"<p>K\u00fclt\u00fcr ve Turizm Bakanl\u0131\u011f\u0131 Somut Olmayan K\u00fclt\u00fcrel Miras Temsilcisi ve Halk E\u011fitim Merkezi M\u00fcd\u00fcrl\u00fc\u011f\u00fc\u2019nde Ebru ve Savat e\u011fitmeni \u0130brahim Sami \u00d6zen ve \u00f6\u011frencileri Cumhuriyet tarihinde bir ilk olacak sergiyi D\u00fczce Belediyesi Sergi Salonunda hizmete a\u00e7t\u0131.<\/p>\n<p>K\u00fclt\u00fcr ve Turizm Bakanl\u0131\u011f\u0131 taraf\u0131ndan ge\u00e7ti\u011fimiz y\u0131llarda Somut Olmayan K\u00fclt\u00fcrel Miras Temsilcili\u011fi g\u00f6revini alan D\u00fczceli \u0130brahim Sami \u00d6zen, Halk E\u011fitim Merkezi M\u00fcd\u00fcrl\u00fc\u011f\u00fc\u2019nde Ebru ve Savat e\u011fitimleri ile 11 y\u0131lda Cumhuriyet tarihinde ilk olacak bir sergi haz\u0131rlad\u0131. Ebru sanat\u0131n\u0131 farkl\u0131 bir \u015fekilde i\u015fleyen \u00d6zen ve \u00f6\u011frencileri, Ebru ka\u011f\u0131tlar\u0131n\u0131 Dut dal\u0131ndan, Is\u0131rgan otundan ve Pamuktan yaparken, boyalar\u0131 ise da\u011flardan toplanan topraklardan ve kayalardan yapt\u0131. 11 y\u0131lda haz\u0131rlanan sergi D\u00fczce Belediyesi Sergi salonunda vatanda\u015flar\u0131n be\u011fenisine sunuldu.<\/p>\n<p>Konu ile ilgili a\u00e7\u0131klamalarda bulunan K\u00fclt\u00fcr ve Turizm Bakanl\u0131\u011f\u0131 Somut Olmayan K\u00fclt\u00fcrel Miras Temsilcisi ve Halk E\u011fitim Merkezi M\u00fcd\u00fcrl\u00fc\u011f\u00fc\u2019nde Ebru ve Savat e\u011fitmeni \u0130brahim Sami \u00d6zen \u201cYakla\u015f\u0131k 11 y\u0131ldan beri \u00e7al\u0131\u015fan talebelerin toplu olarak a\u00e7t\u0131klar\u0131 bir sergi. Ama sergimiz \u00f6zel bir sergi. \u00d6zel olmas\u0131nda ki en b\u00fcy\u00fck etkende burada g\u00f6r\u00fclen eserlerin tamam\u0131n\u0131n ba\u015ftan sona elde imal edilmesi. Bundan y\u00fczy\u0131llarca \u00f6nce ecdad\u0131m\u0131z nas\u0131l \u00e7al\u0131\u015ft\u0131ysa o y\u00f6ntemler ile \u00e7al\u0131\u015f\u0131ld\u0131. Ka\u011f\u0131tlar\u0131 dut dal\u0131ndan \u0131s\u0131rgan otundan pamuktan ka\u011f\u0131tlar\u0131 yeniden imal ettiler. Da\u011flardan toplam\u0131\u015f olduklar\u0131 topraklardan kayalardan boya yap\u0131p boyalar\u0131n\u0131 kendileri imal ettiler. Yani A\u2019s\u0131ndan Z\u2019sine \u00e7er\u00e7eveleri hari\u00e7 eserlerin tamam\u0131 ecdad\u0131m\u0131z\u0131n yapt\u0131\u011f\u0131 usuller ile elde imal edilerek yap\u0131ld\u0131. Buda cumhuriyet tarihinde bir ilk olarak a\u00e7\u0131lm\u0131\u015f bir sergi\u201d diye konu\u015ftu.<\/p>\n<p>Dut dal\u0131ndan ka\u011f\u0131t, topraktan boya<\/p>\n<p>5 y\u0131ld\u0131r K\u00fclt\u00fcr ve Turizm Bakanl\u0131\u011f\u0131 Somut Olmayan K\u00fclt\u00fcrel Miras Temsilcisi ve Halk E\u011fitim Merkezi M\u00fcd\u00fcrl\u00fc\u011f\u00fc\u2019nde Ebru ve Savat e\u011fitmeni \u0130brahim Sami \u00d6zen\u2019den e\u011fitimler alan ve Halk E\u011fitim Merkezi\u2019nde kurslar veren G\u00fclcan Ayd\u0131n ise dut dal\u0131ndan ka\u011f\u0131t, topraklardan boya yapt\u0131klar\u0131n\u0131 uzun bir s\u00fcre bu sergi i\u00e7in haz\u0131rland\u0131klar\u0131n\u0131 ve serginin T\u00fcrkiye\u2019de bir ilk oldu\u011funu s\u00f6yledi. Ayd\u0131n \u015f\u00f6yle devam etti, \u201cBizim bug\u00fcn a\u00e7\u0131l\u0131\u015f\u0131n\u0131 yapt\u0131\u011f\u0131m\u0131z serginin asl\u0131nda \u00e7ok farkl\u0131 bir anlam\u0131 var. Ebru sanat\u0131na biz \u00e7ok farkl\u0131 bir a\u00e7\u0131dan bakt\u0131k. Sergimizin ad\u0131n\u0131 da Gelecekten Ge\u00e7mi\u015fe Bak\u0131\u015f olarak koyduk. Gelecekten ge\u00e7mi\u015fe bak\u0131\u015ftaki maksad\u0131m\u0131z ecdad\u0131m\u0131z\u0131n yapt\u0131\u011f\u0131 kendi elinde \u00fcretti\u011fi malzemeleri kaybolan bu ilimleri bilgileri yeniden canland\u0131rarak biz asl\u0131nda bu eserleri \u00fcrettik. Ben daha \u00f6nceden zaten icazet alm\u0131\u015ft\u0131m. Bu kurstan 12 arkada\u015f\u0131m\u0131z icazet ald\u0131lar. Bu sergi asl\u0131nda T\u00fcrkiye \u00e7ap\u0131nda bir ilki temsil ediyor. Uzun zamand\u0131r yap\u0131lan bir ilki temsil ediyor. Arkada\u015flar\u0131m\u0131n tamam\u0131 ka\u011f\u0131tlar\u0131n\u0131 dut keten pamuk gibi malzemelerinden ellerinde yo\u011furarak yapt\u0131lar. Boyalar\u0131n\u0131 D\u00fczce \u00fczerinden ve \u00e7evre illerden biz toplayarak kendimiz elimizde ezdik. Kendimiz elimizde boya haline getirdik. Kendileri renklendirdikleri murakkalar\u0131 haz\u0131rlad\u0131lar. Bunun \u00fczerine eserlerini yap\u0131\u015ft\u0131rd\u0131lar. \u00c7ok uzun bir emek \u00c7ok ciddi bir al\u0131n terinin \u00fcr\u00fcn\u00fc asl\u0131nda bu sergi. O y\u00fczden asl\u0131nda T\u00fcrkiye\u2019de bir ilki temsil ediyor bu sergi. Ben arkada\u015flar\u0131ma \u015fimdiden tebrik ediyorum.\u201d<\/p>\n<p>Sergi D\u00fczce Belediyesi Sergiyi D\u00fczce Belediye Ba\u015fkan Yard\u0131mc\u0131s\u0131 H\u00fcdaver G\u00f6steri\u015fli, Kayna\u015fl\u0131 Belediye Ba\u015fkan\u0131 Birol \u015eahin ve sanatseverler gezdi. Sergi 9 A\u011fustos tarihine kadar vatanda\u015flar\u0131n be\u011fenisinde olacak.<\/p>\n","protected":false},"excerpt":{"rendered":"<p>EBRU VE SAVAT E\u011e\u0130TMEN\u0130 \u0130BRAH\u0130M SAM\u0130 \u00d6ZEN VE \u00d6\u011eRENC\u0130LER\u0130, CUMHUR\u0130YET TAR\u0130H\u0130NDE B\u0130R \u0130LK OLACAK SERG\u0130Y\u0130 D\u00dcZCE BELED\u0130YES\u0130 SERG\u0130 SALONUNDA H\u0130ZMETE A\u00c7TI.<\/p>\n","protected":false},"author":1,"featured_media":191165,"comment_status":"closed","ping_status":"open","sticky":false,"template":"","format":"standard","meta":{"jetpack_post_was_ever_published":false,"_jetpack_newsletter_access":"","_jetpack_dont_email_post_to_subs":false,"_jetpack_newsletter_tier_id":0,"_jetpack_memberships_contains_paywalled_content":false,"_jetpack_memberships_contains_paid_content":false,"footnotes":"","jetpack_publicize_message":"","jetpack_publicize_feature_enabled":true,"jetpack_social_post_already_shared":true,"jetpack_social_options":{"image_generator_settings":{"template":"highway","default_image_id":0,"font":"","enabled":false},"version":2}},"categories":[656],"tags":[125,3307,37,1189,798,2453],"class_list":["post-191164","post","type-post","status-publish","format-standard","has-post-thumbnail","hentry","category-kultur-sanat","tag-bir","tag-cumhuriyet","tag-ilk","tag-olacak","tag-sergi","tag-tarihinde"],"jetpack_publicize_connections":[],"jetpack_featured_media_url":"https:\/\/i0.wp.com\/www.tvturk.com\/wp-content\/uploads\/2019\/08\/cumhuriyet-tarihinde-ilk-olacak-bir-sergi_dc302bc.jpg?fit=1000%2C666","jetpack_sharing_enabled":true,"jetpack_shortlink":"https:\/\/wp.me\/paKIfm-NJi","_links":{"self":[{"href":"http:\/\/www.tvturk.com\/index.php\/wp-json\/wp\/v2\/posts\/191164","targetHints":{"allow":["GET"]}}],"collection":[{"href":"http:\/\/www.tvturk.com\/index.php\/wp-json\/wp\/v2\/posts"}],"about":[{"href":"http:\/\/www.tvturk.com\/index.php\/wp-json\/wp\/v2\/types\/post"}],"author":[{"embeddable":true,"href":"http:\/\/www.tvturk.com\/index.php\/wp-json\/wp\/v2\/users\/1"}],"replies":[{"embeddable":true,"href":"http:\/\/www.tvturk.com\/index.php\/wp-json\/wp\/v2\/comments?post=191164"}],"version-history":[{"count":0,"href":"http:\/\/www.tvturk.com\/index.php\/wp-json\/wp\/v2\/posts\/191164\/revisions"}],"wp:featuredmedia":[{"embeddable":true,"href":"http:\/\/www.tvturk.com\/index.php\/wp-json\/wp\/v2\/media\/191165"}],"wp:attachment":[{"href":"http:\/\/www.tvturk.com\/index.php\/wp-json\/wp\/v2\/media?parent=191164"}],"wp:term":[{"taxonomy":"category","embeddable":true,"href":"http:\/\/www.tvturk.com\/index.php\/wp-json\/wp\/v2\/categories?post=191164"},{"taxonomy":"post_tag","embeddable":true,"href":"http:\/\/www.tvturk.com\/index.php\/wp-json\/wp\/v2\/tags?post=191164"}],"curies":[{"name":"wp","href":"https:\/\/api.w.org\/{rel}","templated":true}]}}