{"id":191176,"date":"2019-08-07T12:32:06","date_gmt":"2019-08-07T09:32:06","guid":{"rendered":"http:\/\/www.tvturk.com\/index.php\/suleyman-demirelin-otomobili-110-bin-tlye-satisa-cikti\/"},"modified":"2019-08-07T12:32:06","modified_gmt":"2019-08-07T09:32:06","slug":"suleyman-demirelin-otomobili-110-bin-tlye-satisa-cikti","status":"publish","type":"post","link":"http:\/\/www.tvturk.com\/index.php\/suleyman-demirelin-otomobili-110-bin-tlye-satisa-cikti\/","title":{"rendered":"S\u00fcleyman Demirel\u2019in otomobili 110 bin TL\u2019ye sat\u0131\u015fa \u00e7\u0131kt\u0131"},"content":{"rendered":"<p>T\u00fcrkiye Cumhuriyeti 9. Cumhurba\u015fkan\u0131 S\u00fcleyman Demirel\u2019in 1969 model otomobili, Ni\u011fde\u2019de sat\u0131\u015fa \u00e7\u0131kt\u0131.<\/p>\n<p>Merhum 9. Cumhurba\u015fkan\u0131 S\u00fcleyman Demirel\u2019in ilk otomobili oldu\u011fu s\u00f6ylenen 51 AL 460 plakal\u0131 1969 model otomobil yakla\u015f\u0131k 25 y\u0131ld\u0131r Ni\u011fde\u2019de garajda duruyor.<\/p>\n<p>Klasik Araba Sat\u0131\u015f\u0131 yapan Burak Abidin Aksoy, Ni\u011fdeli bir i\u015f insan\u0131nda bulunan merhum 9. Cumhurba\u015fkan\u0131 S\u00fcleyman Demirel\u2019in ilk arac\u0131 olan 1969 model otomobili 110 bin TL\u2019ye sat\u0131\u015fa \u00e7\u0131kard\u0131klar\u0131n\u0131 s\u00f6yledi.<\/p>\n<p>Vatanda\u015flar\u0131n S\u00fcleyman Demirel\u2019in otomobili oldu\u011funu \u00f6\u011frenince foto\u011fraf ve ara\u00e7la gezmek istedi\u011fini anlatan Aksoy, \u201cArac\u0131m\u0131z 1969 rahmetli S\u00fcleyman Demirel\u2019in \u015fahsi arac\u0131. Yakla\u015f\u0131k 25  y\u0131ld\u0131r Ni\u011fde\u2019de. Arac\u0131m\u0131z\u0131n par\u00e7alar\u0131 orijinal. 1969 y\u0131llar\u0131nda nadir kalan par\u00e7alardan birisi hafta sonlar\u0131 sadece biniyoruz. 110 bin TL\u2019ye bir fiyatla sat\u0131yoruz. Daha \u00e7ok merakl\u0131lar\u0131n\u0131n bekliyoruz. Genelde S\u00fcleyman Demirel\u2019in arabas\u0131 oldu\u011funu duyunca foto\u011fraf \u00e7ektirmek isteyen \u00e7ok ki\u015fi oluyor. Onun d\u0131\u015f\u0131nda internette sayfalarca yorumlar geliyor ara\u00e7la ilgili. Foto\u011fraf \u00e7ektirmek isteyenler ara\u00e7la gezmek isteyenler var. Bunun yan\u0131nda manevi de\u011feri de y\u00fcksek. Bir d\u00f6neme tan\u0131kl\u0131k etmi\u015f bu otomobil\u201d diye konu\u015ftu.<\/p>\n","protected":false},"excerpt":{"rendered":"<p>T\u00dcRK\u0130YE CUMHUR\u0130YET\u0130 9. CUMHURBA\u015eKANI S\u00dcLEYMAN DEM\u0130REL\u2019\u0130N 1969 MODEL OTOMOB\u0130L\u0130 N\u0130\u011eDE\u2019DE SATI\u015eA \u00c7IKTI.<\/p>\n","protected":false},"author":1,"featured_media":191177,"comment_status":"closed","ping_status":"open","sticky":false,"template":"","format":"standard","meta":{"jetpack_post_was_ever_published":false,"_jetpack_newsletter_access":"","_jetpack_dont_email_post_to_subs":false,"_jetpack_newsletter_tier_id":0,"_jetpack_memberships_contains_paywalled_content":false,"_jetpack_memberships_contains_paid_content":false,"footnotes":"","jetpack_publicize_message":"","jetpack_publicize_feature_enabled":true,"jetpack_social_post_already_shared":true,"jetpack_social_options":{"image_generator_settings":{"template":"highway","default_image_id":0,"font":"","enabled":false},"version":2}},"categories":[1],"tags":[1487,213,1202,35555,5428,12321,9519,6892],"class_list":["post-191176","post","type-post","status-publish","format-standard","has-post-thumbnail","hentry","category-genel","tag-1487","tag-bin","tag-cikti","tag-demirelin","tag-otomobili","tag-satisa","tag-suleyman","tag-tlye"],"jetpack_publicize_connections":[],"jetpack_featured_media_url":"https:\/\/i0.wp.com\/www.tvturk.com\/wp-content\/uploads\/2019\/08\/suleyman-demirelin-otomobili-110-bin-tlye-satisa-cikti_f41544a.jpg?fit=1000%2C666","jetpack_sharing_enabled":true,"jetpack_shortlink":"https:\/\/wp.me\/paKIfm-NJu","_links":{"self":[{"href":"http:\/\/www.tvturk.com\/index.php\/wp-json\/wp\/v2\/posts\/191176","targetHints":{"allow":["GET"]}}],"collection":[{"href":"http:\/\/www.tvturk.com\/index.php\/wp-json\/wp\/v2\/posts"}],"about":[{"href":"http:\/\/www.tvturk.com\/index.php\/wp-json\/wp\/v2\/types\/post"}],"author":[{"embeddable":true,"href":"http:\/\/www.tvturk.com\/index.php\/wp-json\/wp\/v2\/users\/1"}],"replies":[{"embeddable":true,"href":"http:\/\/www.tvturk.com\/index.php\/wp-json\/wp\/v2\/comments?post=191176"}],"version-history":[{"count":0,"href":"http:\/\/www.tvturk.com\/index.php\/wp-json\/wp\/v2\/posts\/191176\/revisions"}],"wp:featuredmedia":[{"embeddable":true,"href":"http:\/\/www.tvturk.com\/index.php\/wp-json\/wp\/v2\/media\/191177"}],"wp:attachment":[{"href":"http:\/\/www.tvturk.com\/index.php\/wp-json\/wp\/v2\/media?parent=191176"}],"wp:term":[{"taxonomy":"category","embeddable":true,"href":"http:\/\/www.tvturk.com\/index.php\/wp-json\/wp\/v2\/categories?post=191176"},{"taxonomy":"post_tag","embeddable":true,"href":"http:\/\/www.tvturk.com\/index.php\/wp-json\/wp\/v2\/tags?post=191176"}],"curies":[{"name":"wp","href":"https:\/\/api.w.org\/{rel}","templated":true}]}}