{"id":19120,"date":"2019-02-10T17:26:51","date_gmt":"2019-02-10T14:26:51","guid":{"rendered":"http:\/\/www.tvturk.com\/index.php\/boluda-turkiye-siber-guvenlik-kumelenmesi-sektor-zirvesi-calistayi-duzenlendi\/"},"modified":"2019-02-10T17:26:55","modified_gmt":"2019-02-10T14:26:55","slug":"boluda-turkiye-siber-guvenlik-kumelenmesi-sektor-zirvesi-calistayi-duzenlendi","status":"publish","type":"post","link":"http:\/\/www.tvturk.com\/index.php\/boluda-turkiye-siber-guvenlik-kumelenmesi-sektor-zirvesi-calistayi-duzenlendi\/","title":{"rendered":"Bolu\u2019da T\u00fcrkiye Siber G\u00fcvenlik K\u00fcmelenmesi Sekt\u00f6r Zirvesi \u00c7al\u0131\u015ftay\u0131 d\u00fczenlendi"},"content":{"rendered":"<p>Savunma Sanayii Ba\u015fkan\u0131 Prof. Dr. \u0130smail Demir, \u00fclkelerin g\u00fcvenli\u011fi a\u00e7\u0131s\u0131ndan kritik konular\u0131n ba\u015f\u0131nda siber g\u00fcvenli\u011fin geldi\u011fini belirterek, \u201cHi\u00e7bir \u00fclke ben tamamen emniyetteyim diyemiyor\u201d dedi.<\/p>\n<p>Bolu\u2019da yaz\u0131l\u0131m ve siber g\u00fcvenlik \u015firketleri ile sekt\u00f6r temsilcilerinin kat\u0131ld\u0131\u011f\u0131 T\u00fcrkiye Siber G\u00fcvenlik K\u00fcmelenmesi Sekt\u00f6r Zirvesi \u00c7al\u0131\u015ftay\u0131 d\u00fczenlendi. Dijital D\u00f6n\u00fc\u015f\u00fcm Ofisi Ba\u015fkan\u0131 Ali Taha Ko\u00e7\u2019un da kat\u0131ld\u0131\u011f\u0131 ve 2 g\u00fcn s\u00fcren \u00e7al\u0131\u015ftay, Savunma Sanayi Ba\u015fkan\u0131 Prof. Dr. \u0130smail Demir\u2019in kapan\u0131\u015f konu\u015fmas\u0131yla sona erdi. Savunma Sanayi Ba\u015fkan\u0131 Prof. Dr. \u0130smail Demir, giderek insans\u0131z sistemlerin hayat\u0131m\u0131za daha \u00e7ok girdi\u011fi, birbiriyle konu\u015fan insan-makine sistem entegrasyonunun geli\u015fiminin artt\u0131\u011f\u0131 bir d\u00fcnyaya do\u011fru gidildi\u011fini belirterek, \u201cG\u00fcn\u00fcm\u00fczde bir \u00fclkenin genelde g\u00fcvenli\u011fi a\u00e7\u0131s\u0131ndan kritik konular\u0131 nelerdir diye soruldu\u011funda bu konular\u0131n ba\u015f\u0131nda siber g\u00fcvenlik gelir. Bu ileride daha da \u00f6nem kazanacak. \u00c7\u00fcnk\u00fc art\u0131k giderek insans\u0131z sistemlerin hayat\u0131m\u0131za daha \u00e7ok girdi\u011fi, birbiriyle konu\u015fan insan-makine sistem entegrasyonunun geli\u015fiminin artt\u0131\u011f\u0131 bir d\u00fcnyaya do\u011fru gidiyoruz. Bu d\u00fcnyaya ancak ileti\u015fimle elektronik sistemlerin, kartlar\u0131n \u00e7\u0131kt\u0131\u011f\u0131, yaz\u0131l\u0131mlar\u0131n birbirleriyle giderek i\u00e7 i\u00e7e ge\u00e7ti\u011fi, art\u0131k insan\u0131n kendi yeteneklerinin makinalar ve di\u011fer sistemlerle beraber entegre \u00e7al\u0131\u015ft\u0131\u011f\u0131 bir d\u00fcnyaya do\u011fru giderken bu d\u00fcnyan\u0131n temel unsurlar\u0131 olan donan\u0131m, yaz\u0131l\u0131m, ak\u0131l, d\u00fc\u015f\u00fcnme y\u00f6ntemlerinin kurgulanmas\u0131 gerekiyor. Daha bu yolun ba\u015f\u0131nday\u0131z\u201d dedi.<\/p>\n<p>Demir, en b\u00fcy\u00fck hedeflerinin siber g\u00fcvenlik yap\u0131lanmalar\u0131 i\u00e7erisinde kendi kendine yeten bir \u00fclke olmak oldu\u011funu belirterek, \u201cBu zirvenin ve fark\u0131ndal\u0131\u011f\u0131n\u0131n \u00f6nemi ise, yolun ba\u015f\u0131nda, baz\u0131s\u0131nda hatta ge\u00e7 kald\u0131\u011f\u0131m\u0131z konular\u0131n fark\u0131nda olup, \u00fclkemizin kendi milli g\u00fcvenlik unsurlar\u0131, emniyeti, ticari g\u00fcvenli\u011fi a\u00e7\u0131s\u0131ndan al\u0131nmas\u0131 gereken tedbirlerle ilgili \u00e7al\u0131\u015fmalarla ilgili bir an \u00f6nce fark\u0131ndal\u0131\u011f\u0131n sa\u011flanmas\u0131, harekete ge\u00e7irilmesi ve gerekli tedbirlerin al\u0131nmas\u0131 y\u00f6n\u00fcnde. Bu kapsamda siber g\u00fcvenlik k\u00fcmelenmesi bir sivil hareket olarak firmalar\u0131m\u0131z baz\u0131nda ba\u015flat\u0131ld\u0131. Sizler ne kadar g\u00fc\u00e7l\u00fc olursan\u0131z, sizler  gelece\u011fe ne kadar g\u00fcvenli bakarsan\u0131z, devletin bu beka unsuru olarak g\u00f6rd\u00fc\u011f\u00fcm\u00fcz gelece\u011fe y\u00f6nelik konular\u0131nda ne kadar fak\u0131ndal\u0131\u011f\u0131n\u0131n oldu\u011funu ve sizlerin yan\u0131nda oldu\u011funu farkederseniz bu y\u00f6nde ba\u015far\u0131 sa\u011flam\u0131\u015f oluruz. Siber g\u00fcvenlik alan\u0131nda faaliyet g\u00f6steren 100\u2019e yak\u0131n firman\u0131n i\u015ftirak etti\u011fi, 40\u2019a yak\u0131n \u00fcniversitenin \u00f6\u011frenci kul\u00fcpleriyle destekledi\u011fi k\u00fcmelenmede siber g\u00fcvenlik yap\u0131lanmalar\u0131 i\u00e7erisinde kendi kendine yeten bir \u00fclke olmam\u0131z en b\u00fcy\u00fck hedeflerimizden birisi\u201d \u015feklinde konu\u015ftu.<\/p>\n<p>Fikirler \u00fcreterek onlar\u0131 pazara haz\u0131r giri\u015fimlerde konumland\u0131rmak amac\u0131yla yapt\u0131klar\u0131 etkinlik ve \u00e7al\u0131\u015fmalar hakk\u0131nda bilgi veren \u0130smail Demir \u015funlar\u0131 s\u00f6yledi:<\/p>\n<p>\u201cSekt\u00f6rde yerli ve milli teknoloji kapasitesinin olu\u015fturulmas\u0131 amac\u0131m\u0131z da \u015fuanda \u00e7arklar d\u00f6nerken, bu d\u00fcnya devam ederken halihaz\u0131rda uzun s\u00fcredir belirli sistemlerle, donan\u0131mlarla, yaz\u0131l\u0131mlarla d\u0131\u015far\u0131ya ba\u011fl\u0131 oldu\u011fumuz bir yap\u0131ya yeniden \u015fekil vermekteki zorunlulu\u011fun fark\u0131nday\u0131z. Bu kapsamda fikirler \u00fcreterek onlar\u0131 pazara haz\u0131r giri\u015fimlerde konumland\u0131rmak amac\u0131yla Siber G\u00fcvenlik Fikir\/Giri\u015fimcilik Yar\u0131\u015fmas\u0131, yeni giri\u015fim ve k\u00fc\u00e7\u00fck \u015firketlerin b\u00fcy\u00fck \u015firketlerle ba\u011flant\u0131lar kurmas\u0131 i\u00e7in KOB\u0130-\u0130novasyon Yar\u0131\u015fmas\u0131, sekt\u00f6r temsilcilerini ekosistem stratejilerini geli\u015ftirmeleri i\u00e7in bir araya getirmek amac\u0131yla \u00e7al\u0131\u015fma gruplar\u0131 kurulmas\u0131, kamunun e\u011fitim ihtiya\u00e7lar\u0131n\u0131n kar\u015f\u0131lanmas\u0131 i\u00e7in SSB Akademi \u00e7at\u0131s\u0131 alt\u0131nda siber g\u00fcvenlik e\u011fitimleri, insan kayna\u011f\u0131 geli\u015ftirilmesi \u00e7al\u0131\u015fmalar\u0131 kapsam\u0131nda Siber Kul\u00fcpler Birli\u011fi kurulmas\u0131, staj program\u0131, tez yar\u0131\u015fmas\u0131, \u00fcniversitelerde verilen e\u011fitimler, siber g\u00fcvenlik \u00fcr\u00fcnlerimizin g\u00fcvenilirliklerini belgelendirecek bir y\u00f6ntemin tan\u0131mlanmas\u0131 amac\u0131yla siber g\u00fcvenlik test ve sertifikasyonu faaliyetleri, payda\u015flar aras\u0131 etkile\u015fim i\u00e7in sekt\u00f6r tematik (enerji (EPDK), finans (BDDK), te\u015fvikler (TEYDEP), merkezi sat\u0131n alma (DMO), Siber Kafe etkinlikleri d\u00fczenlenmesi gibi \u00e7al\u0131\u015fmalar\u0131 ba\u015flatt\u0131k ve faaliyetlerimize devam ediyoruz.\u201d<\/p>\n<p>Demir, siber g\u00fcvenlik alan\u0131nda tehditlerin s\u00fcrekli de\u011fi\u015fti\u011fini kaydederek, \u201cT\u00fcm d\u00fcnya \u00e7ap\u0131nda t\u00fcm \u00fclkelerin \u00e7al\u0131\u015fmalar\u0131 devam ediyor. Hi\u00e7bir \u00fclke ben tamamen emniyetteyim diyemiyor. Bunu sa\u011flamak \u00fczere de s\u00fcrekli \u00e7al\u0131\u015fma yapman\u0131z ve s\u00fcrekli olarak bu konuda d\u00fcnyada olan geli\u015fmeleri takip edip, tehditleri fark edip tedbir alman\u0131z gerekiyor. Bu s\u00fcre\u00e7 s\u00fcrekli devam eden bir \u015fey. Yani, bug\u00fcn her \u015fey oldu bitti, tamam emniyetteyiz demek hi\u00e7bir \u00fclke a\u00e7\u0131s\u0131ndan s\u00f6z konusu de\u011fil. \u00c7\u00fcnk\u00fc tehditler s\u00fcrekli de\u011fi\u015fiyor. Bu anlamda s\u00f6ylenmesi gereken \u015fey, s\u00fcrekli d\u00fcnyadaki \u00fclkelerin geldikleri teknolojiyi takip etmek gerekiyor\u201d ifadelerini kulland\u0131.<\/p>\n<p>\u00c7al\u0131\u015ftay, sekt\u00f6r temsilcilerine verilen \u00f6d\u00fcl t\u00f6reniyle sona erdi.<div class=\"tiled-gallery type-rectangular tiled-gallery-unresized\" data-original-width=\"500\" data-carousel-extra='null' itemscope itemtype=\"http:\/\/schema.org\/ImageGallery\" > <div class=\"gallery-row\" style=\"width: 500px; height: 224px;\" data-original-width=\"500\" data-original-height=\"224\" > <div class=\"gallery-group images-1\" style=\"width: 334px; height: 224px;\" data-original-width=\"334\" data-original-height=\"224\" > <div class=\"tiled-gallery-item tiled-gallery-item-large\" itemprop=\"associatedMedia\" itemscope itemtype=\"http:\/\/schema.org\/ImageObject\"> <a href=\"http:\/\/www.tvturk.com\/index.php\/boluda-turkiye-siber-guvenlik-kumelenmesi-sektor-zirvesi-calistayi-duzenlendi\/boluda-turkiye-siber-guvenlik-kumelenmesi-sektor-zirvesi-calistayi-duzenlendi-3\/\" border=\"0\" itemprop=\"url\"> <meta itemprop=\"width\" content=\"330\"> <meta itemprop=\"height\" content=\"220\"> <img decoding=\"async\" class=\"\" data-attachment-id=\"19122\" data-orig-file=\"http:\/\/www.tvturk.com\/wp-content\/uploads\/2019\/02\/boluda-turkiye-siber-guvenlik-kumelenmesi-sektor-zirvesi-calistayi-duzenlendi_5d0fbe2.jpg\" data-orig-size=\"1000,666\" data-comments-opened=\"\" data-image-meta=\"{&quot;aperture&quot;:&quot;0&quot;,&quot;credit&quot;:&quot;IHA&quot;,&quot;camera&quot;:&quot;&quot;,&quot;caption&quot;:&quot;BOLU\\u2019DA YAZILIM VE S\\u0130BER G\\u00dcVENL\\u0130K \\u015e\\u0130RKETLER\\u0130 \\u0130LE SEKT\\u00d6R TEMS\\u0130LC\\u0130LER\\u0130N\\u0130N KATILDI\\u011eI T\\u00dcRK\\u0130YE S\\u0130BER G\\u00dcVENL\\u0130K K\\u00dcMELENMES\\u0130 SEKT\\u00d6R Z\\u0130RVES\\u0130 \\u00c7ALI\\u015eTAYI D\\u00dcZENLEND\\u0130. (FARUK \\u00c7\\u0130DEM\\\/BOLU-\\u0130HA)&quot;,&quot;created_timestamp&quot;:&quot;0&quot;,&quot;copyright&quot;:&quot;\\u0130HLAS HABER AJANSI, www.iha.com.tr&quot;,&quot;focal_length&quot;:&quot;0&quot;,&quot;iso&quot;:&quot;0&quot;,&quot;shutter_speed&quot;:&quot;0&quot;,&quot;title&quot;:&quot;BOLU\\u2019DA T\\u00dcRK\\u0130YE S\\u0130BER G\\u00dcVENL\\u0130K K\\u00dcMELENMES\\u0130 SEKT\\u00d6R Z\\u0130RVES\\u0130 \\u00c7ALI\\u015eTAYI D\\u00dcZENLEND\\u0130 SAVUNMA SANAY\\u0130\\u0130 BA\\u015eKANI PROF. DR. \\u0130SMA\\u0130L DEM\\u0130R: \\u201cS\\u0130BER G\\u00dcVENL\\u0130K K\\u00dcMELENMES\\u0130 S\\u0130V\\u0130L B\\u0130R HAREKET OLARAK BA\\u015eLADI\\u201d \\u201cH\\u0130\\u00c7B\\u0130R \\u00dcLKE BEN TAMAMEN EMN\\u0130YETTEY\\u0130M D\\u0130YEM\\u0130YOR\\u201d \\u201cS\\u0130BER G\\u00dcVENL\\u0130K YAPILANMALARI \\u0130\\u00c7ER\\u0130S\\u0130NDE KEND\\u0130 KEND\\u0130NE YETEN B\\u0130R \\u00dcLKE OLMAMIZ EN B\\u00dcY\\u00dcK HEDEFLER\\u0130M\\u0130ZDEN B\\u0130R\\u0130S\\u0130\\u201d&quot;,&quot;orientation&quot;:&quot;0&quot;}\" data-image-title=\"Bolu\u2019da T\u00fcrkiye Siber G\u00fcvenlik K\u00fcmelenmesi Sekt\u00f6r Zirvesi \u00c7al\u0131\u015ftay\u0131 d\u00fczenlendi\" data-image-description=\"&lt;p&gt;Bolu\u2019da T\u00fcrkiye Siber G\u00fcvenlik K\u00fcmelenmesi Sekt\u00f6r Zirvesi \u00c7al\u0131\u015ftay\u0131 d\u00fczenlendi&lt;\/p&gt; \" data-medium-file=\"https:\/\/i0.wp.com\/www.tvturk.com\/wp-content\/uploads\/2019\/02\/boluda-turkiye-siber-guvenlik-kumelenmesi-sektor-zirvesi-calistayi-duzenlendi_5d0fbe2.jpg?fit=300%2C200\" data-large-file=\"https:\/\/i0.wp.com\/www.tvturk.com\/wp-content\/uploads\/2019\/02\/boluda-turkiye-siber-guvenlik-kumelenmesi-sektor-zirvesi-calistayi-duzenlendi_5d0fbe2.jpg?fit=1000%2C666\" src=\"https:\/\/i0.wp.com\/www.tvturk.com\/wp-content\/uploads\/2019\/02\/boluda-turkiye-siber-guvenlik-kumelenmesi-sektor-zirvesi-calistayi-duzenlendi_5d0fbe2.jpg?w=330&#038;h=220\" srcset=\"https:\/\/i0.wp.com\/www.tvturk.com\/wp-content\/uploads\/2019\/02\/boluda-turkiye-siber-guvenlik-kumelenmesi-sektor-zirvesi-calistayi-duzenlendi_5d0fbe2.jpg?w=1000 1000w, https:\/\/i0.wp.com\/www.tvturk.com\/wp-content\/uploads\/2019\/02\/boluda-turkiye-siber-guvenlik-kumelenmesi-sektor-zirvesi-calistayi-duzenlendi_5d0fbe2.jpg?resize=150%2C100 150w, https:\/\/i0.wp.com\/www.tvturk.com\/wp-content\/uploads\/2019\/02\/boluda-turkiye-siber-guvenlik-kumelenmesi-sektor-zirvesi-calistayi-duzenlendi_5d0fbe2.jpg?resize=300%2C200 300w, https:\/\/i0.wp.com\/www.tvturk.com\/wp-content\/uploads\/2019\/02\/boluda-turkiye-siber-guvenlik-kumelenmesi-sektor-zirvesi-calistayi-duzenlendi_5d0fbe2.jpg?resize=768%2C511 768w, https:\/\/i0.wp.com\/www.tvturk.com\/wp-content\/uploads\/2019\/02\/boluda-turkiye-siber-guvenlik-kumelenmesi-sektor-zirvesi-calistayi-duzenlendi_5d0fbe2.jpg?resize=170%2C113 170w, https:\/\/i0.wp.com\/www.tvturk.com\/wp-content\/uploads\/2019\/02\/boluda-turkiye-siber-guvenlik-kumelenmesi-sektor-zirvesi-calistayi-duzenlendi_5d0fbe2.jpg?resize=120%2C80 120w\" width=\"330\" height=\"220\" loading=\"lazy\" data-original-width=\"330\" data-original-height=\"220\" itemprop=\"http:\/\/schema.org\/image\" title=\"Bolu\u2019da T\u00fcrkiye Siber G\u00fcvenlik K\u00fcmelenmesi Sekt\u00f6r Zirvesi \u00c7al\u0131\u015ftay\u0131 d\u00fczenlendi\" alt=\"Bolu\u2019da T\u00fcrkiye Siber G\u00fcvenlik K\u00fcmelenmesi Sekt\u00f6r Zirvesi \u00c7al\u0131\u015ftay\u0131 d\u00fczenlendi\" style=\"width: 330px; height: 220px;\" \/> <\/a> <\/div> <\/div> <!-- close group --> <div class=\"gallery-group images-2\" style=\"width: 166px; height: 224px;\" data-original-width=\"166\" data-original-height=\"224\" > <div class=\"tiled-gallery-item tiled-gallery-item-small\" itemprop=\"associatedMedia\" itemscope itemtype=\"http:\/\/schema.org\/ImageObject\"> <a href=\"http:\/\/www.tvturk.com\/index.php\/boluda-turkiye-siber-guvenlik-kumelenmesi-sektor-zirvesi-calistayi-duzenlendi\/boluda-turkiye-siber-guvenlik-kumelenmesi-sektor-zirvesi-calistayi-duzenlendi-4\/\" border=\"0\" itemprop=\"url\"> <meta itemprop=\"width\" content=\"162\"> <meta itemprop=\"height\" content=\"108\"> <img decoding=\"async\" class=\"\" data-attachment-id=\"19123\" data-orig-file=\"http:\/\/www.tvturk.com\/wp-content\/uploads\/2019\/02\/boluda-turkiye-siber-guvenlik-kumelenmesi-sektor-zirvesi-calistayi-duzenlendi_14e7ea6.jpg\" data-orig-size=\"1000,666\" data-comments-opened=\"\" data-image-meta=\"{&quot;aperture&quot;:&quot;0&quot;,&quot;credit&quot;:&quot;IHA&quot;,&quot;camera&quot;:&quot;&quot;,&quot;caption&quot;:&quot;BOLU\\u2019DA YAZILIM VE S\\u0130BER G\\u00dcVENL\\u0130K \\u015e\\u0130RKETLER\\u0130 \\u0130LE SEKT\\u00d6R TEMS\\u0130LC\\u0130LER\\u0130N\\u0130N KATILDI\\u011eI T\\u00dcRK\\u0130YE S\\u0130BER G\\u00dcVENL\\u0130K K\\u00dcMELENMES\\u0130 SEKT\\u00d6R Z\\u0130RVES\\u0130 \\u00c7ALI\\u015eTAYI D\\u00dcZENLEND\\u0130. (FARUK \\u00c7\\u0130DEM\\\/BOLU-\\u0130HA)&quot;,&quot;created_timestamp&quot;:&quot;0&quot;,&quot;copyright&quot;:&quot;\\u0130HLAS HABER AJANSI, www.iha.com.tr&quot;,&quot;focal_length&quot;:&quot;0&quot;,&quot;iso&quot;:&quot;0&quot;,&quot;shutter_speed&quot;:&quot;0&quot;,&quot;title&quot;:&quot;BOLU\\u2019DA T\\u00dcRK\\u0130YE S\\u0130BER G\\u00dcVENL\\u0130K K\\u00dcMELENMES\\u0130 SEKT\\u00d6R Z\\u0130RVES\\u0130 \\u00c7ALI\\u015eTAYI D\\u00dcZENLEND\\u0130 SAVUNMA SANAY\\u0130\\u0130 BA\\u015eKANI PROF. DR. \\u0130SMA\\u0130L DEM\\u0130R: \\u201cS\\u0130BER G\\u00dcVENL\\u0130K K\\u00dcMELENMES\\u0130 S\\u0130V\\u0130L B\\u0130R HAREKET OLARAK BA\\u015eLADI\\u201d \\u201cH\\u0130\\u00c7B\\u0130R \\u00dcLKE BEN TAMAMEN EMN\\u0130YETTEY\\u0130M D\\u0130YEM\\u0130YOR\\u201d \\u201cS\\u0130BER G\\u00dcVENL\\u0130K YAPILANMALARI \\u0130\\u00c7ER\\u0130S\\u0130NDE KEND\\u0130 KEND\\u0130NE YETEN B\\u0130R \\u00dcLKE OLMAMIZ EN B\\u00dcY\\u00dcK HEDEFLER\\u0130M\\u0130ZDEN B\\u0130R\\u0130S\\u0130\\u201d&quot;,&quot;orientation&quot;:&quot;0&quot;}\" data-image-title=\"Bolu\u2019da T\u00fcrkiye Siber G\u00fcvenlik K\u00fcmelenmesi Sekt\u00f6r Zirvesi \u00c7al\u0131\u015ftay\u0131 d\u00fczenlendi\" data-image-description=\"&lt;p&gt;Bolu\u2019da T\u00fcrkiye Siber G\u00fcvenlik K\u00fcmelenmesi Sekt\u00f6r Zirvesi \u00c7al\u0131\u015ftay\u0131 d\u00fczenlendi&lt;\/p&gt; \" data-medium-file=\"https:\/\/i0.wp.com\/www.tvturk.com\/wp-content\/uploads\/2019\/02\/boluda-turkiye-siber-guvenlik-kumelenmesi-sektor-zirvesi-calistayi-duzenlendi_14e7ea6.jpg?fit=300%2C200\" data-large-file=\"https:\/\/i0.wp.com\/www.tvturk.com\/wp-content\/uploads\/2019\/02\/boluda-turkiye-siber-guvenlik-kumelenmesi-sektor-zirvesi-calistayi-duzenlendi_14e7ea6.jpg?fit=1000%2C666\" src=\"https:\/\/i0.wp.com\/www.tvturk.com\/wp-content\/uploads\/2019\/02\/boluda-turkiye-siber-guvenlik-kumelenmesi-sektor-zirvesi-calistayi-duzenlendi_14e7ea6.jpg?w=162&#038;h=108\" srcset=\"https:\/\/i0.wp.com\/www.tvturk.com\/wp-content\/uploads\/2019\/02\/boluda-turkiye-siber-guvenlik-kumelenmesi-sektor-zirvesi-calistayi-duzenlendi_14e7ea6.jpg?w=1000 1000w, https:\/\/i0.wp.com\/www.tvturk.com\/wp-content\/uploads\/2019\/02\/boluda-turkiye-siber-guvenlik-kumelenmesi-sektor-zirvesi-calistayi-duzenlendi_14e7ea6.jpg?resize=150%2C100 150w, https:\/\/i0.wp.com\/www.tvturk.com\/wp-content\/uploads\/2019\/02\/boluda-turkiye-siber-guvenlik-kumelenmesi-sektor-zirvesi-calistayi-duzenlendi_14e7ea6.jpg?resize=300%2C200 300w, https:\/\/i0.wp.com\/www.tvturk.com\/wp-content\/uploads\/2019\/02\/boluda-turkiye-siber-guvenlik-kumelenmesi-sektor-zirvesi-calistayi-duzenlendi_14e7ea6.jpg?resize=768%2C511 768w, https:\/\/i0.wp.com\/www.tvturk.com\/wp-content\/uploads\/2019\/02\/boluda-turkiye-siber-guvenlik-kumelenmesi-sektor-zirvesi-calistayi-duzenlendi_14e7ea6.jpg?resize=170%2C113 170w, https:\/\/i0.wp.com\/www.tvturk.com\/wp-content\/uploads\/2019\/02\/boluda-turkiye-siber-guvenlik-kumelenmesi-sektor-zirvesi-calistayi-duzenlendi_14e7ea6.jpg?resize=120%2C80 120w\" width=\"162\" height=\"108\" loading=\"lazy\" data-original-width=\"162\" data-original-height=\"108\" itemprop=\"http:\/\/schema.org\/image\" title=\"Bolu\u2019da T\u00fcrkiye Siber G\u00fcvenlik K\u00fcmelenmesi Sekt\u00f6r Zirvesi \u00c7al\u0131\u015ftay\u0131 d\u00fczenlendi\" alt=\"Bolu\u2019da T\u00fcrkiye Siber G\u00fcvenlik K\u00fcmelenmesi Sekt\u00f6r Zirvesi \u00c7al\u0131\u015ftay\u0131 d\u00fczenlendi\" style=\"width: 162px; height: 108px;\" \/> <\/a> <\/div> <div class=\"tiled-gallery-item tiled-gallery-item-small\" itemprop=\"associatedMedia\" itemscope itemtype=\"http:\/\/schema.org\/ImageObject\"> <a href=\"http:\/\/www.tvturk.com\/index.php\/boluda-turkiye-siber-guvenlik-kumelenmesi-sektor-zirvesi-calistayi-duzenlendi\/boluda-turkiye-siber-guvenlik-kumelenmesi-sektor-zirvesi-calistayi-duzenlendi-5\/\" border=\"0\" itemprop=\"url\"> <meta itemprop=\"width\" content=\"162\"> <meta itemprop=\"height\" content=\"108\"> <img decoding=\"async\" class=\"\" data-attachment-id=\"19124\" data-orig-file=\"http:\/\/www.tvturk.com\/wp-content\/uploads\/2019\/02\/boluda-turkiye-siber-guvenlik-kumelenmesi-sektor-zirvesi-calistayi-duzenlendi_c044e74.jpg\" data-orig-size=\"1000,666\" data-comments-opened=\"\" data-image-meta=\"{&quot;aperture&quot;:&quot;0&quot;,&quot;credit&quot;:&quot;IHA&quot;,&quot;camera&quot;:&quot;&quot;,&quot;caption&quot;:&quot;BOLU\\u2019DA YAZILIM VE S\\u0130BER G\\u00dcVENL\\u0130K \\u015e\\u0130RKETLER\\u0130 \\u0130LE SEKT\\u00d6R TEMS\\u0130LC\\u0130LER\\u0130N\\u0130N KATILDI\\u011eI T\\u00dcRK\\u0130YE S\\u0130BER G\\u00dcVENL\\u0130K K\\u00dcMELENMES\\u0130 SEKT\\u00d6R Z\\u0130RVES\\u0130 \\u00c7ALI\\u015eTAYI D\\u00dcZENLEND\\u0130. (FARUK \\u00c7\\u0130DEM\\\/BOLU-\\u0130HA)&quot;,&quot;created_timestamp&quot;:&quot;0&quot;,&quot;copyright&quot;:&quot;\\u0130HLAS HABER AJANSI, www.iha.com.tr&quot;,&quot;focal_length&quot;:&quot;0&quot;,&quot;iso&quot;:&quot;0&quot;,&quot;shutter_speed&quot;:&quot;0&quot;,&quot;title&quot;:&quot;BOLU\\u2019DA T\\u00dcRK\\u0130YE S\\u0130BER G\\u00dcVENL\\u0130K K\\u00dcMELENMES\\u0130 SEKT\\u00d6R Z\\u0130RVES\\u0130 \\u00c7ALI\\u015eTAYI D\\u00dcZENLEND\\u0130 SAVUNMA SANAY\\u0130\\u0130 BA\\u015eKANI PROF. DR. \\u0130SMA\\u0130L DEM\\u0130R: \\u201cS\\u0130BER G\\u00dcVENL\\u0130K K\\u00dcMELENMES\\u0130 S\\u0130V\\u0130L B\\u0130R HAREKET OLARAK BA\\u015eLADI\\u201d \\u201cH\\u0130\\u00c7B\\u0130R \\u00dcLKE BEN TAMAMEN EMN\\u0130YETTEY\\u0130M D\\u0130YEM\\u0130YOR\\u201d \\u201cS\\u0130BER G\\u00dcVENL\\u0130K YAPILANMALARI \\u0130\\u00c7ER\\u0130S\\u0130NDE KEND\\u0130 KEND\\u0130NE YETEN B\\u0130R \\u00dcLKE OLMAMIZ EN B\\u00dcY\\u00dcK HEDEFLER\\u0130M\\u0130ZDEN B\\u0130R\\u0130S\\u0130\\u201d&quot;,&quot;orientation&quot;:&quot;0&quot;}\" data-image-title=\"Bolu\u2019da T\u00fcrkiye Siber G\u00fcvenlik K\u00fcmelenmesi Sekt\u00f6r Zirvesi \u00c7al\u0131\u015ftay\u0131 d\u00fczenlendi\" data-image-description=\"&lt;p&gt;Bolu\u2019da T\u00fcrkiye Siber G\u00fcvenlik K\u00fcmelenmesi Sekt\u00f6r Zirvesi \u00c7al\u0131\u015ftay\u0131 d\u00fczenlendi&lt;\/p&gt; \" data-medium-file=\"https:\/\/i0.wp.com\/www.tvturk.com\/wp-content\/uploads\/2019\/02\/boluda-turkiye-siber-guvenlik-kumelenmesi-sektor-zirvesi-calistayi-duzenlendi_c044e74.jpg?fit=300%2C200\" data-large-file=\"https:\/\/i0.wp.com\/www.tvturk.com\/wp-content\/uploads\/2019\/02\/boluda-turkiye-siber-guvenlik-kumelenmesi-sektor-zirvesi-calistayi-duzenlendi_c044e74.jpg?fit=1000%2C666\" src=\"https:\/\/i0.wp.com\/www.tvturk.com\/wp-content\/uploads\/2019\/02\/boluda-turkiye-siber-guvenlik-kumelenmesi-sektor-zirvesi-calistayi-duzenlendi_c044e74.jpg?w=162&#038;h=108\" srcset=\"https:\/\/i0.wp.com\/www.tvturk.com\/wp-content\/uploads\/2019\/02\/boluda-turkiye-siber-guvenlik-kumelenmesi-sektor-zirvesi-calistayi-duzenlendi_c044e74.jpg?w=1000 1000w, https:\/\/i0.wp.com\/www.tvturk.com\/wp-content\/uploads\/2019\/02\/boluda-turkiye-siber-guvenlik-kumelenmesi-sektor-zirvesi-calistayi-duzenlendi_c044e74.jpg?resize=150%2C100 150w, https:\/\/i0.wp.com\/www.tvturk.com\/wp-content\/uploads\/2019\/02\/boluda-turkiye-siber-guvenlik-kumelenmesi-sektor-zirvesi-calistayi-duzenlendi_c044e74.jpg?resize=300%2C200 300w, https:\/\/i0.wp.com\/www.tvturk.com\/wp-content\/uploads\/2019\/02\/boluda-turkiye-siber-guvenlik-kumelenmesi-sektor-zirvesi-calistayi-duzenlendi_c044e74.jpg?resize=768%2C511 768w, https:\/\/i0.wp.com\/www.tvturk.com\/wp-content\/uploads\/2019\/02\/boluda-turkiye-siber-guvenlik-kumelenmesi-sektor-zirvesi-calistayi-duzenlendi_c044e74.jpg?resize=170%2C113 170w, https:\/\/i0.wp.com\/www.tvturk.com\/wp-content\/uploads\/2019\/02\/boluda-turkiye-siber-guvenlik-kumelenmesi-sektor-zirvesi-calistayi-duzenlendi_c044e74.jpg?resize=120%2C80 120w\" width=\"162\" height=\"108\" loading=\"lazy\" data-original-width=\"162\" data-original-height=\"108\" itemprop=\"http:\/\/schema.org\/image\" title=\"Bolu\u2019da T\u00fcrkiye Siber G\u00fcvenlik K\u00fcmelenmesi Sekt\u00f6r Zirvesi \u00c7al\u0131\u015ftay\u0131 d\u00fczenlendi\" alt=\"Bolu\u2019da T\u00fcrkiye Siber G\u00fcvenlik K\u00fcmelenmesi Sekt\u00f6r Zirvesi \u00c7al\u0131\u015ftay\u0131 d\u00fczenlendi\" style=\"width: 162px; height: 108px;\" \/> <\/a> <\/div> <\/div> <!-- close group --> <\/div> <!-- close row --> <div class=\"gallery-row\" style=\"width: 500px; height: 168px;\" data-original-width=\"500\" data-original-height=\"168\" > <div class=\"gallery-group images-1\" style=\"width: 250px; height: 168px;\" data-original-width=\"250\" data-original-height=\"168\" > <div class=\"tiled-gallery-item tiled-gallery-item-small\" itemprop=\"associatedMedia\" itemscope itemtype=\"http:\/\/schema.org\/ImageObject\"> <a href=\"http:\/\/www.tvturk.com\/index.php\/boluda-turkiye-siber-guvenlik-kumelenmesi-sektor-zirvesi-calistayi-duzenlendi\/boluda-turkiye-siber-guvenlik-kumelenmesi-sektor-zirvesi-calistayi-duzenlendi-6\/\" border=\"0\" itemprop=\"url\"> <meta itemprop=\"width\" content=\"246\"> <meta itemprop=\"height\" content=\"164\"> <img decoding=\"async\" class=\"\" data-attachment-id=\"19125\" data-orig-file=\"http:\/\/www.tvturk.com\/wp-content\/uploads\/2019\/02\/boluda-turkiye-siber-guvenlik-kumelenmesi-sektor-zirvesi-calistayi-duzenlendi_8e9ae2d.jpg\" data-orig-size=\"1000,666\" data-comments-opened=\"\" data-image-meta=\"{&quot;aperture&quot;:&quot;0&quot;,&quot;credit&quot;:&quot;IHA&quot;,&quot;camera&quot;:&quot;&quot;,&quot;caption&quot;:&quot;BOLU\\u2019DA YAZILIM VE S\\u0130BER G\\u00dcVENL\\u0130K \\u015e\\u0130RKETLER\\u0130 \\u0130LE SEKT\\u00d6R TEMS\\u0130LC\\u0130LER\\u0130N\\u0130N KATILDI\\u011eI T\\u00dcRK\\u0130YE S\\u0130BER G\\u00dcVENL\\u0130K K\\u00dcMELENMES\\u0130 SEKT\\u00d6R Z\\u0130RVES\\u0130 \\u00c7ALI\\u015eTAYI D\\u00dcZENLEND\\u0130. (FARUK \\u00c7\\u0130DEM\\\/BOLU-\\u0130HA)&quot;,&quot;created_timestamp&quot;:&quot;0&quot;,&quot;copyright&quot;:&quot;\\u0130HLAS HABER AJANSI, www.iha.com.tr&quot;,&quot;focal_length&quot;:&quot;0&quot;,&quot;iso&quot;:&quot;0&quot;,&quot;shutter_speed&quot;:&quot;0&quot;,&quot;title&quot;:&quot;BOLU\\u2019DA T\\u00dcRK\\u0130YE S\\u0130BER G\\u00dcVENL\\u0130K K\\u00dcMELENMES\\u0130 SEKT\\u00d6R Z\\u0130RVES\\u0130 \\u00c7ALI\\u015eTAYI D\\u00dcZENLEND\\u0130 SAVUNMA SANAY\\u0130\\u0130 BA\\u015eKANI PROF. DR. \\u0130SMA\\u0130L DEM\\u0130R: \\u201cS\\u0130BER G\\u00dcVENL\\u0130K K\\u00dcMELENMES\\u0130 S\\u0130V\\u0130L B\\u0130R HAREKET OLARAK BA\\u015eLADI\\u201d \\u201cH\\u0130\\u00c7B\\u0130R \\u00dcLKE BEN TAMAMEN EMN\\u0130YETTEY\\u0130M D\\u0130YEM\\u0130YOR\\u201d \\u201cS\\u0130BER G\\u00dcVENL\\u0130K YAPILANMALARI \\u0130\\u00c7ER\\u0130S\\u0130NDE KEND\\u0130 KEND\\u0130NE YETEN B\\u0130R \\u00dcLKE OLMAMIZ EN B\\u00dcY\\u00dcK HEDEFLER\\u0130M\\u0130ZDEN B\\u0130R\\u0130S\\u0130\\u201d&quot;,&quot;orientation&quot;:&quot;0&quot;}\" data-image-title=\"Bolu\u2019da T\u00fcrkiye Siber G\u00fcvenlik K\u00fcmelenmesi Sekt\u00f6r Zirvesi \u00c7al\u0131\u015ftay\u0131 d\u00fczenlendi\" data-image-description=\"&lt;p&gt;Bolu\u2019da T\u00fcrkiye Siber G\u00fcvenlik K\u00fcmelenmesi Sekt\u00f6r Zirvesi \u00c7al\u0131\u015ftay\u0131 d\u00fczenlendi&lt;\/p&gt; \" data-medium-file=\"https:\/\/i0.wp.com\/www.tvturk.com\/wp-content\/uploads\/2019\/02\/boluda-turkiye-siber-guvenlik-kumelenmesi-sektor-zirvesi-calistayi-duzenlendi_8e9ae2d.jpg?fit=300%2C200\" data-large-file=\"https:\/\/i0.wp.com\/www.tvturk.com\/wp-content\/uploads\/2019\/02\/boluda-turkiye-siber-guvenlik-kumelenmesi-sektor-zirvesi-calistayi-duzenlendi_8e9ae2d.jpg?fit=1000%2C666\" src=\"https:\/\/i0.wp.com\/www.tvturk.com\/wp-content\/uploads\/2019\/02\/boluda-turkiye-siber-guvenlik-kumelenmesi-sektor-zirvesi-calistayi-duzenlendi_8e9ae2d.jpg?w=246&#038;h=164\" srcset=\"https:\/\/i0.wp.com\/www.tvturk.com\/wp-content\/uploads\/2019\/02\/boluda-turkiye-siber-guvenlik-kumelenmesi-sektor-zirvesi-calistayi-duzenlendi_8e9ae2d.jpg?w=1000 1000w, https:\/\/i0.wp.com\/www.tvturk.com\/wp-content\/uploads\/2019\/02\/boluda-turkiye-siber-guvenlik-kumelenmesi-sektor-zirvesi-calistayi-duzenlendi_8e9ae2d.jpg?resize=150%2C100 150w, https:\/\/i0.wp.com\/www.tvturk.com\/wp-content\/uploads\/2019\/02\/boluda-turkiye-siber-guvenlik-kumelenmesi-sektor-zirvesi-calistayi-duzenlendi_8e9ae2d.jpg?resize=300%2C200 300w, https:\/\/i0.wp.com\/www.tvturk.com\/wp-content\/uploads\/2019\/02\/boluda-turkiye-siber-guvenlik-kumelenmesi-sektor-zirvesi-calistayi-duzenlendi_8e9ae2d.jpg?resize=768%2C511 768w, https:\/\/i0.wp.com\/www.tvturk.com\/wp-content\/uploads\/2019\/02\/boluda-turkiye-siber-guvenlik-kumelenmesi-sektor-zirvesi-calistayi-duzenlendi_8e9ae2d.jpg?resize=170%2C113 170w, https:\/\/i0.wp.com\/www.tvturk.com\/wp-content\/uploads\/2019\/02\/boluda-turkiye-siber-guvenlik-kumelenmesi-sektor-zirvesi-calistayi-duzenlendi_8e9ae2d.jpg?resize=120%2C80 120w\" width=\"246\" height=\"164\" loading=\"lazy\" data-original-width=\"246\" data-original-height=\"164\" itemprop=\"http:\/\/schema.org\/image\" title=\"Bolu\u2019da T\u00fcrkiye Siber G\u00fcvenlik K\u00fcmelenmesi Sekt\u00f6r Zirvesi \u00c7al\u0131\u015ftay\u0131 d\u00fczenlendi\" alt=\"Bolu\u2019da T\u00fcrkiye Siber G\u00fcvenlik K\u00fcmelenmesi Sekt\u00f6r Zirvesi \u00c7al\u0131\u015ftay\u0131 d\u00fczenlendi\" style=\"width: 246px; height: 164px;\" \/> <\/a> <\/div> <\/div> <!-- close group --> <div class=\"gallery-group images-1\" style=\"width: 250px; height: 168px;\" data-original-width=\"250\" data-original-height=\"168\" > <div class=\"tiled-gallery-item tiled-gallery-item-small\" itemprop=\"associatedMedia\" itemscope itemtype=\"http:\/\/schema.org\/ImageObject\"> <a href=\"http:\/\/www.tvturk.com\/index.php\/boluda-turkiye-siber-guvenlik-kumelenmesi-sektor-zirvesi-calistayi-duzenlendi\/boluda-turkiye-siber-guvenlik-kumelenmesi-sektor-zirvesi-calistayi-duzenlendi-7\/\" border=\"0\" itemprop=\"url\"> <meta itemprop=\"width\" content=\"246\"> <meta itemprop=\"height\" content=\"164\"> <img decoding=\"async\" class=\"\" data-attachment-id=\"19126\" data-orig-file=\"http:\/\/www.tvturk.com\/wp-content\/uploads\/2019\/02\/boluda-turkiye-siber-guvenlik-kumelenmesi-sektor-zirvesi-calistayi-duzenlendi_f1b1f65.jpg\" data-orig-size=\"1000,666\" data-comments-opened=\"\" data-image-meta=\"{&quot;aperture&quot;:&quot;0&quot;,&quot;credit&quot;:&quot;IHA&quot;,&quot;camera&quot;:&quot;&quot;,&quot;caption&quot;:&quot;BOLU\\u2019DA YAZILIM VE S\\u0130BER G\\u00dcVENL\\u0130K \\u015e\\u0130RKETLER\\u0130 \\u0130LE SEKT\\u00d6R TEMS\\u0130LC\\u0130LER\\u0130N\\u0130N KATILDI\\u011eI T\\u00dcRK\\u0130YE S\\u0130BER G\\u00dcVENL\\u0130K K\\u00dcMELENMES\\u0130 SEKT\\u00d6R Z\\u0130RVES\\u0130 \\u00c7ALI\\u015eTAYI D\\u00dcZENLEND\\u0130. (FARUK \\u00c7\\u0130DEM\\\/BOLU-\\u0130HA)&quot;,&quot;created_timestamp&quot;:&quot;0&quot;,&quot;copyright&quot;:&quot;\\u0130HLAS HABER AJANSI, www.iha.com.tr&quot;,&quot;focal_length&quot;:&quot;0&quot;,&quot;iso&quot;:&quot;0&quot;,&quot;shutter_speed&quot;:&quot;0&quot;,&quot;title&quot;:&quot;BOLU\\u2019DA T\\u00dcRK\\u0130YE S\\u0130BER G\\u00dcVENL\\u0130K K\\u00dcMELENMES\\u0130 SEKT\\u00d6R Z\\u0130RVES\\u0130 \\u00c7ALI\\u015eTAYI D\\u00dcZENLEND\\u0130 SAVUNMA SANAY\\u0130\\u0130 BA\\u015eKANI PROF. DR. \\u0130SMA\\u0130L DEM\\u0130R: \\u201cS\\u0130BER G\\u00dcVENL\\u0130K K\\u00dcMELENMES\\u0130 S\\u0130V\\u0130L B\\u0130R HAREKET OLARAK BA\\u015eLADI\\u201d \\u201cH\\u0130\\u00c7B\\u0130R \\u00dcLKE BEN TAMAMEN EMN\\u0130YETTEY\\u0130M D\\u0130YEM\\u0130YOR\\u201d \\u201cS\\u0130BER G\\u00dcVENL\\u0130K YAPILANMALARI \\u0130\\u00c7ER\\u0130S\\u0130NDE KEND\\u0130 KEND\\u0130NE YETEN B\\u0130R \\u00dcLKE OLMAMIZ EN B\\u00dcY\\u00dcK HEDEFLER\\u0130M\\u0130ZDEN B\\u0130R\\u0130S\\u0130\\u201d&quot;,&quot;orientation&quot;:&quot;0&quot;}\" data-image-title=\"Bolu\u2019da T\u00fcrkiye Siber G\u00fcvenlik K\u00fcmelenmesi Sekt\u00f6r Zirvesi \u00c7al\u0131\u015ftay\u0131 d\u00fczenlendi\" data-image-description=\"&lt;p&gt;Bolu\u2019da T\u00fcrkiye Siber G\u00fcvenlik K\u00fcmelenmesi Sekt\u00f6r Zirvesi \u00c7al\u0131\u015ftay\u0131 d\u00fczenlendi&lt;\/p&gt; \" data-medium-file=\"https:\/\/i0.wp.com\/www.tvturk.com\/wp-content\/uploads\/2019\/02\/boluda-turkiye-siber-guvenlik-kumelenmesi-sektor-zirvesi-calistayi-duzenlendi_f1b1f65.jpg?fit=300%2C200\" data-large-file=\"https:\/\/i0.wp.com\/www.tvturk.com\/wp-content\/uploads\/2019\/02\/boluda-turkiye-siber-guvenlik-kumelenmesi-sektor-zirvesi-calistayi-duzenlendi_f1b1f65.jpg?fit=1000%2C666\" src=\"https:\/\/i0.wp.com\/www.tvturk.com\/wp-content\/uploads\/2019\/02\/boluda-turkiye-siber-guvenlik-kumelenmesi-sektor-zirvesi-calistayi-duzenlendi_f1b1f65.jpg?w=246&#038;h=164\" srcset=\"https:\/\/i0.wp.com\/www.tvturk.com\/wp-content\/uploads\/2019\/02\/boluda-turkiye-siber-guvenlik-kumelenmesi-sektor-zirvesi-calistayi-duzenlendi_f1b1f65.jpg?w=1000 1000w, https:\/\/i0.wp.com\/www.tvturk.com\/wp-content\/uploads\/2019\/02\/boluda-turkiye-siber-guvenlik-kumelenmesi-sektor-zirvesi-calistayi-duzenlendi_f1b1f65.jpg?resize=150%2C100 150w, https:\/\/i0.wp.com\/www.tvturk.com\/wp-content\/uploads\/2019\/02\/boluda-turkiye-siber-guvenlik-kumelenmesi-sektor-zirvesi-calistayi-duzenlendi_f1b1f65.jpg?resize=300%2C200 300w, https:\/\/i0.wp.com\/www.tvturk.com\/wp-content\/uploads\/2019\/02\/boluda-turkiye-siber-guvenlik-kumelenmesi-sektor-zirvesi-calistayi-duzenlendi_f1b1f65.jpg?resize=768%2C511 768w, https:\/\/i0.wp.com\/www.tvturk.com\/wp-content\/uploads\/2019\/02\/boluda-turkiye-siber-guvenlik-kumelenmesi-sektor-zirvesi-calistayi-duzenlendi_f1b1f65.jpg?resize=170%2C113 170w, https:\/\/i0.wp.com\/www.tvturk.com\/wp-content\/uploads\/2019\/02\/boluda-turkiye-siber-guvenlik-kumelenmesi-sektor-zirvesi-calistayi-duzenlendi_f1b1f65.jpg?resize=120%2C80 120w\" width=\"246\" height=\"164\" loading=\"lazy\" data-original-width=\"246\" data-original-height=\"164\" itemprop=\"http:\/\/schema.org\/image\" title=\"Bolu\u2019da T\u00fcrkiye Siber G\u00fcvenlik K\u00fcmelenmesi Sekt\u00f6r Zirvesi \u00c7al\u0131\u015ftay\u0131 d\u00fczenlendi\" alt=\"Bolu\u2019da T\u00fcrkiye Siber G\u00fcvenlik K\u00fcmelenmesi Sekt\u00f6r Zirvesi \u00c7al\u0131\u015ftay\u0131 d\u00fczenlendi\" style=\"width: 246px; height: 164px;\" \/> <\/a> <\/div> <\/div> <!-- close group --> <\/div> <!-- close row --> <\/div><\/p>\n","protected":false},"excerpt":{"rendered":"<p>SAVUNMA SANAY\u0130\u0130 BA\u015eKANI PROF. DR. \u0130SMA\u0130L DEM\u0130R, \u00dcLKELER\u0130N G\u00dcVENL\u0130K A\u00c7ISINDAN KR\u0130T\u0130K KONULARIN BA\u015eINDA S\u0130BER G\u00dcVENL\u0130\u011e\u0130N GELD\u0130\u011e\u0130N\u0130 BEL\u0130RTEREK, \u201cH\u0130\u00c7B\u0130R \u00dcLKE BEN TAMAMEN EMN\u0130YETTEY\u0130M D\u0130YEM\u0130YOR\u201d DED\u0130.<\/p>\n","protected":false},"author":1,"featured_media":19121,"comment_status":"closed","ping_status":"open","sticky":false,"template":"","format":"standard","meta":{"jetpack_post_was_ever_published":false,"_jetpack_newsletter_access":"","_jetpack_dont_email_post_to_subs":false,"_jetpack_newsletter_tier_id":0,"_jetpack_memberships_contains_paywalled_content":false,"_jetpack_memberships_contains_paid_content":false,"footnotes":"","jetpack_publicize_message":"","jetpack_publicize_feature_enabled":true,"jetpack_social_post_already_shared":false,"jetpack_social_options":{"image_generator_settings":{"template":"highway","default_image_id":0,"font":"","enabled":false},"version":2}},"categories":[655],"tags":[2745,304,2202,354,8594,8595,8593,453,411],"class_list":["post-19120","post","type-post","status-publish","format-standard","has-post-thumbnail","hentry","category-son-dakika","tag-boluda","tag-calistayi","tag-duzenlendi","tag-guvenlik","tag-kumelenmesi","tag-sektor","tag-siber","tag-turkiye","tag-zirvesi"],"jetpack_publicize_connections":[],"jetpack_featured_media_url":"https:\/\/i0.wp.com\/www.tvturk.com\/wp-content\/uploads\/2019\/02\/boluda-turkiye-siber-guvenlik-kumelenmesi-sektor-zirvesi-calistayi-duzenlendi_2166fc8.jpg?fit=1000%2C666","jetpack_sharing_enabled":true,"jetpack_shortlink":"https:\/\/wp.me\/paKIfm-4Yo","_links":{"self":[{"href":"http:\/\/www.tvturk.com\/index.php\/wp-json\/wp\/v2\/posts\/19120","targetHints":{"allow":["GET"]}}],"collection":[{"href":"http:\/\/www.tvturk.com\/index.php\/wp-json\/wp\/v2\/posts"}],"about":[{"href":"http:\/\/www.tvturk.com\/index.php\/wp-json\/wp\/v2\/types\/post"}],"author":[{"embeddable":true,"href":"http:\/\/www.tvturk.com\/index.php\/wp-json\/wp\/v2\/users\/1"}],"replies":[{"embeddable":true,"href":"http:\/\/www.tvturk.com\/index.php\/wp-json\/wp\/v2\/comments?post=19120"}],"version-history":[{"count":1,"href":"http:\/\/www.tvturk.com\/index.php\/wp-json\/wp\/v2\/posts\/19120\/revisions"}],"predecessor-version":[{"id":19127,"href":"http:\/\/www.tvturk.com\/index.php\/wp-json\/wp\/v2\/posts\/19120\/revisions\/19127"}],"wp:featuredmedia":[{"embeddable":true,"href":"http:\/\/www.tvturk.com\/index.php\/wp-json\/wp\/v2\/media\/19121"}],"wp:attachment":[{"href":"http:\/\/www.tvturk.com\/index.php\/wp-json\/wp\/v2\/media?parent=19120"}],"wp:term":[{"taxonomy":"category","embeddable":true,"href":"http:\/\/www.tvturk.com\/index.php\/wp-json\/wp\/v2\/categories?post=19120"},{"taxonomy":"post_tag","embeddable":true,"href":"http:\/\/www.tvturk.com\/index.php\/wp-json\/wp\/v2\/tags?post=19120"}],"curies":[{"name":"wp","href":"https:\/\/api.w.org\/{rel}","templated":true}]}}