{"id":191200,"date":"2019-08-07T13:02:04","date_gmt":"2019-08-07T10:02:04","guid":{"rendered":"http:\/\/www.tvturk.com\/index.php\/sanliurfada-terzilerin-yogun-bayram-mesaisi\/"},"modified":"2019-08-07T13:02:04","modified_gmt":"2019-08-07T10:02:04","slug":"sanliurfada-terzilerin-yogun-bayram-mesaisi","status":"publish","type":"post","link":"http:\/\/www.tvturk.com\/index.php\/sanliurfada-terzilerin-yogun-bayram-mesaisi\/","title":{"rendered":"\u015eanl\u0131urfa\u2019da terzilerin yo\u011fun bayram mesaisi"},"content":{"rendered":"<p>K\u00fclt\u00fcrel ve geleneksel k\u0131yafetleriyle \u00f6n planda olan \u015eanl\u0131urfa\u2019da Kurban Bayram\u0131\u2019na say\u0131l\u0131 g\u00fcnler kala al\u0131\u015fveri\u015fe \u00e7\u0131kan vatanda\u015flar, k\u0131yafetlerini diktirmek i\u00e7in terzilerin yolunu tuttu.<\/p>\n<p>Kurban Bayram\u0131 i\u00e7in yeni giysiler alan vatanda\u015flar, elbiselerini bedenlerine g\u00f6re yapt\u0131rmak i\u00e7in terzilerin kap\u0131s\u0131n\u0131 \u00e7al\u0131yor. Bayram i\u00e7in \u00f6zel k\u0131yafet diktirmek isteyen ya da yeni ald\u0131\u011f\u0131 k\u0131yafetine d\u00fczeltme yapt\u0131rmak isteyen vatanda\u015f\u0131n i\u015flerini yeti\u015ftirmek isteyen terziler de yo\u011fun mesai yap\u0131yor.<\/p>\n<p>Kurban Bayram\u0131\u2019na say\u0131l\u0131 g\u00fcnler kala yo\u011funluk ya\u015fand\u0131\u011f\u0131n\u0131 belirten terzi Murat Dandan, \u201c25 y\u0131ld\u0131r terzilik mesle\u011fini s\u00fcrd\u00fcr\u00fcyorum. Kurban Bayram\u0131\u2019na az bir zaman kala terzilerde hareketlilik ya\u015fan\u0131yor. Tar\u0131m i\u015f\u00e7ilerinin d\u0131\u015far\u0131da \u00e7al\u0131\u015f\u0131yor olmas\u0131ndan dolay\u0131 elbet de biraz eksiklik hissediyoruz. Terziciler \u00e7ar\u015f\u0131s\u0131nda elhamd\u00fclillah herkes \u00e7al\u0131\u015f\u0131yor. Allah herkese bol kazan\u00e7lar nasip etsin. Vatanda\u015flar\u0131n bayrama olan ilgisi yo\u011fundur. Vatanda\u015flar gelip al\u0131\u015fveri\u015f yapt\u0131ktan sonra terzilerin yolunu tutuyor. Biz pantolon dikimi 45 lira, g\u00f6mlek dikimi 35 lira ve buna ek olarak tamirat yap\u0131yoruz\u201d dedi.<\/p>\n<p>Terzi Turgay Demir de, \u201cKurban Bayram\u0131\u2019na az bir zaman kala tar\u0131m i\u015f\u00e7ilerinin destekleme almas\u0131yla hareketlili\u011fin daha \u00e7ok olacak. Emeklilerin de bayram ikramiyelerini almas\u0131yla i\u015fler daha da iyiye gidecek. Terzi dikimleri kuma\u015f\u0131na g\u00f6re tarife uyguluyoruz. Kuma\u015f\u0131n ince olanlar\u0131n\u0131 35 liraya, boncuklu elbiseleri de 60 liraya kadar dikim i\u015flemlerini yap\u0131yoruz\u201d diye konu\u015ftu.<\/p>\n","protected":false},"excerpt":{"rendered":"<p>K\u00dcLT\u00dcREL VE GELENEKSEL KIYAFETLER\u0130YLE \u00d6N PLANDA OLAN \u015eANLIURFA\u2019DA KURBAN BAYRAMI\u2019NA SAYILI G\u00dcNLER KALA ALI\u015eVER\u0130\u015eE \u00c7IKAN VATANDA\u015eLAR, KIYAFETLER\u0130N\u0130 D\u0130KT\u0130RMEK \u0130\u00c7\u0130N TERZ\u0130LER\u0130N YOLUNU TUTTU.<\/p>\n","protected":false},"author":1,"featured_media":191201,"comment_status":"closed","ping_status":"open","sticky":false,"template":"","format":"standard","meta":{"jetpack_post_was_ever_published":false,"_jetpack_newsletter_access":"","_jetpack_dont_email_post_to_subs":false,"_jetpack_newsletter_tier_id":0,"_jetpack_memberships_contains_paywalled_content":false,"_jetpack_memberships_contains_paid_content":false,"footnotes":"","jetpack_publicize_message":"","jetpack_publicize_feature_enabled":true,"jetpack_social_post_already_shared":true,"jetpack_social_options":{"image_generator_settings":{"template":"highway","default_image_id":0,"font":"","enabled":false},"version":2}},"categories":[1],"tags":[23995,2634,1294,39349,2640],"class_list":["post-191200","post","type-post","status-publish","format-standard","has-post-thumbnail","hentry","category-genel","tag-bayram","tag-mesaisi","tag-sanliurfada","tag-terzilerin","tag-yogun"],"jetpack_publicize_connections":[],"jetpack_featured_media_url":"https:\/\/i0.wp.com\/www.tvturk.com\/wp-content\/uploads\/2019\/08\/sanliurfada-terzilerin-yogun-bayram-mesaisi_8d9c0ec.jpg?fit=1000%2C666","jetpack_sharing_enabled":true,"jetpack_shortlink":"https:\/\/wp.me\/paKIfm-NJS","_links":{"self":[{"href":"http:\/\/www.tvturk.com\/index.php\/wp-json\/wp\/v2\/posts\/191200","targetHints":{"allow":["GET"]}}],"collection":[{"href":"http:\/\/www.tvturk.com\/index.php\/wp-json\/wp\/v2\/posts"}],"about":[{"href":"http:\/\/www.tvturk.com\/index.php\/wp-json\/wp\/v2\/types\/post"}],"author":[{"embeddable":true,"href":"http:\/\/www.tvturk.com\/index.php\/wp-json\/wp\/v2\/users\/1"}],"replies":[{"embeddable":true,"href":"http:\/\/www.tvturk.com\/index.php\/wp-json\/wp\/v2\/comments?post=191200"}],"version-history":[{"count":0,"href":"http:\/\/www.tvturk.com\/index.php\/wp-json\/wp\/v2\/posts\/191200\/revisions"}],"wp:featuredmedia":[{"embeddable":true,"href":"http:\/\/www.tvturk.com\/index.php\/wp-json\/wp\/v2\/media\/191201"}],"wp:attachment":[{"href":"http:\/\/www.tvturk.com\/index.php\/wp-json\/wp\/v2\/media?parent=191200"}],"wp:term":[{"taxonomy":"category","embeddable":true,"href":"http:\/\/www.tvturk.com\/index.php\/wp-json\/wp\/v2\/categories?post=191200"},{"taxonomy":"post_tag","embeddable":true,"href":"http:\/\/www.tvturk.com\/index.php\/wp-json\/wp\/v2\/tags?post=191200"}],"curies":[{"name":"wp","href":"https:\/\/api.w.org\/{rel}","templated":true}]}}