{"id":191222,"date":"2019-08-07T13:17:26","date_gmt":"2019-08-07T10:17:26","guid":{"rendered":"http:\/\/www.tvturk.com\/index.php\/servet-cetin-sivasspor-ligde-olmazsa-olmaz\/"},"modified":"2019-08-07T13:17:26","modified_gmt":"2019-08-07T10:17:26","slug":"servet-cetin-sivasspor-ligde-olmazsa-olmaz","status":"publish","type":"post","link":"http:\/\/www.tvturk.com\/index.php\/servet-cetin-sivasspor-ligde-olmazsa-olmaz\/","title":{"rendered":"Servet \u00c7etin: \u201cSivasspor ligde olmazsa olmaz\u201d"},"content":{"rendered":"<p>Sivasspor\u2019da yard\u0131mc\u0131 antren\u00f6rl\u00fck g\u00f6revini y\u00fcr\u00fcten Servet \u00c7etin, Sivas\u2019da olmaktan dolay\u0131 \u00e7ok mutlu oldu\u011fu belirterek, &#8220;Sivas her anlamda ba\u015far\u0131y\u0131 hak ediyor. Amac\u0131m\u0131z bu tak\u0131m\u0131n her zaman en \u00fcst s\u0131ralarda yer almas\u0131n\u0131 sa\u011flamak. Bunun i\u00e7in de \u00e7abalayaca\u011f\u0131z&#8221; dedi.<\/p>\n<p>S\u00fcper Lig ekiplerinden Demir Grup Sivasspor\u2019da yard\u0131mc\u0131 antren\u00f6rl\u00fck g\u00f6revi yapan Servet \u00c7etin, antrenman \u00f6ncesi \u0130hlas Haber Ajans\u0131\u2019na (\u0130HA) \u00f6zel a\u00e7\u0131klamalarda bulundu. 2007-2008 futbol sezonunda Sivasspor formas\u0131 giyen \u00c7etin,<\/p>\n<p>futbolculuk kariyerinde Sivasspor\u2019a gelme s\u00fcrecini, futbol hayat\u0131n\u0131 ve Sivasspor\u2019da teknik ekipte yer almas\u0131yla ilgili \u00f6nemli a\u00e7\u0131klamalarda bulundu. Y\u0131llar sonra yeniden Sivasspor\u2019da \u00e7al\u0131\u015fman\u0131n kendisi i\u00e7in b\u00fcy\u00fck mutluluk verdi\u011fini ifade eden \u00c7etin, \u201cSivasspor\u2019da olmak benim i\u00e7in \u00e7ok g\u00fczel. \u00c7\u00fcnk\u00fc Sivas\u2019\u0131n bendeki yeri \u00e7ok ayr\u0131. Ben Fenerbah\u00e7e\u2019de oynarken, Sivasspor\u2019a transfer olarak geldim. \u00c7ok g\u00fczel an\u0131lar\u0131m oldu, \u00e7ok g\u00fczel ba\u015far\u0131lar elde ettik burada. Hem y\u00f6netim anlam\u0131nda, hem taraftar anlam\u0131nda bana \u00e7ok destek oldu Sivas. O anlamda benim i\u00e7in \u00e7ok ayr\u0131 bir yeri var Sivas\u2019\u0131n. Y\u0131llar sonra buraya gelmek \u00e7ok g\u00fczel. Anla\u015ft\u0131\u011f\u0131m\u0131zda \u00e7ok heyecanland\u0131m. Ben de 1 sene bu tesislerde kald\u0131m, \u015fehirde ya\u015fad\u0131m. Anla\u015ft\u0131\u011f\u0131m\u0131z zaman bir an \u00f6nce buraya gelip \u00e7al\u0131\u015fmalara ba\u015flamak i\u00e7in sab\u0131rs\u0131zland\u0131m. \u00d6zellikle u\u00e7aktan inince, \u015fehre ad\u0131m att\u0131\u011f\u0131mda \u00e7ok farkl\u0131 duygular hissettim\u201d dedi.<\/p>\n<p>\u201cSivasspor\u2019da ba\u015far\u0131lar elde edece\u011fiz\u201d<\/p>\n<p>Bu sene tak\u0131m olarak \u00f6nemli ba\u015far\u0131lar elde etmek istediklerini belirten \u00c7etin, \u201cOyunculuk zaman\u0131mda Sivasspor\u2019da \u00e7ok ba\u015far\u0131l\u0131 zamanlar ge\u00e7irdim. \u015eu anda Sivasspor\u2019da yard\u0131mc\u0131 antren\u00f6rl\u00fck g\u00f6revi yap\u0131yorum. Bu senede in\u015fallah Sivasspor\u2019da ba\u015far\u0131lar elde edece\u011fiz. Ben Sivas\u2019\u0131 \u00e7ok iyi bildi\u011fim i\u00e7in, ger\u00e7ekten Sivas ba\u015far\u0131lar\u0131 hak ediyor. \u00c7\u00fcnk\u00fc hem d\u00fczg\u00fcn y\u00f6netiliyor, hem \u015fehir g\u00fczel. Hem de Sivas halk\u0131 ve taraftar\u0131 Sivasspor\u2019a destek \u00e7\u0131k\u0131yor. Sivas her anlamda ba\u015far\u0131y\u0131 hak ediyor. \u0130n\u015fallah bu senede \u00e7ok ba\u015far\u0131l\u0131 oluruz&#8221; \u015feklinde konu\u015ftu.<\/p>\n<p>\u201cBa\u015far\u0131 i\u00e7in \u00e7abalayaca\u011f\u0131z\u201d<\/p>\n<p>\u00c7etin son olarak, Sivasspor\u2019u \u00fcst s\u0131ralara y\u00fckseltmek i\u00e7in elinden gelenin fazlas\u0131n\u0131 yapaca\u011f\u0131n\u0131 belirterek; \u201cAmac\u0131m\u0131z her zaman Sivasspor\u2019un s\u0131ralamada en yukar\u0131larda yer almas\u0131. Bunun i\u00e7inde \u00e7abalayaca\u011f\u0131z. Sivasspor ger\u00e7ekten ligde olmazsa olmaz tak\u0131mlar\u0131ndan birisi bence, bu benim \u015fahsi d\u00fc\u015f\u00fcncem. Hem tesis anlam\u0131nda, hem y\u00f6netim anlam\u0131nda iyi y\u00f6netildi\u011fini d\u00fc\u015f\u00fcn\u00fcyorum. Ben oyuncuyken de \u00f6yleydi. Y\u0131llar ge\u00e7ti, \u015fuan halen \u00f6yle. Sivasspor borcu olmayan ender kul\u00fcplerden birisi. Bu zamanda bunu ba\u015farmak kolay de\u011fil. O anlamda Sivas \u00e7ok \u00f6nemli\u201d ifadelerini kulland\u0131.<\/p>\n<p>Yi\u011fido yeni sezon haz\u0131rl\u0131klar\u0131n\u0131 s\u00fcrd\u00fcrd\u00fc<\/p>\n<p>\u00d6te yandan Sivasspor, yeni sezon haz\u0131rl\u0131klar\u0131 kapsam\u0131nda \u00e7al\u0131\u015fmalar\u0131n\u0131 tesislerinde s\u00fcrd\u00fcr\u00fcyor. Teknik Direkt\u00f6r R\u0131za \u00c7al\u0131mbay ve yard\u0131mc\u0131lar\u0131 nezaretinde yap\u0131lan ve dayan\u0131kl\u0131l\u0131k ko\u015fusuyla \u00e7al\u0131\u015fmalara ba\u015flayan k\u0131rm\u0131z\u0131 &#8211; beyazl\u0131lar, idman\u0131 iki grup halinde yap\u0131lan 5\u2019e 2 top kapma, pas ve pres \u00e7al\u0131\u015fmas\u0131yla s\u00fcrd\u00fcrd\u00fc. Daha sonra istasyon \u00e7al\u0131\u015fmas\u0131 yapan Sivasspor, yar\u0131 sahada \u00e7ift kale ma\u00e7la antrenman\u0131n\u0131 tamamlad\u0131.<\/p>\n","protected":false},"excerpt":{"rendered":"<p>S\u0130VASSPOR\u2019DA YARDIMCI ANTREN\u00d6RL\u00dcK G\u00d6REV\u0130 YAPAN SERVET \u00c7ET\u0130N, ANTRENMAN \u00d6NCES\u0130 \u0130HLAS HABER AJANSI\u2019NA (\u0130HA) \u00d6ZEL A\u00c7IKLAMALARDA BULUNDU.<\/p>\n","protected":false},"author":1,"featured_media":191223,"comment_status":"closed","ping_status":"open","sticky":false,"template":"","format":"standard","meta":{"jetpack_post_was_ever_published":false,"_jetpack_newsletter_access":"","_jetpack_dont_email_post_to_subs":false,"_jetpack_newsletter_tier_id":0,"_jetpack_memberships_contains_paywalled_content":false,"_jetpack_memberships_contains_paid_content":false,"footnotes":"","jetpack_publicize_message":"","jetpack_publicize_feature_enabled":true,"jetpack_social_post_already_shared":true,"jetpack_social_options":{"image_generator_settings":{"template":"highway","default_image_id":0,"font":"","enabled":false},"version":2}},"categories":[657],"tags":[9555,8715,12753,5087,5484,8011],"class_list":["post-191222","post","type-post","status-publish","format-standard","has-post-thumbnail","hentry","category-spor","tag-cetin","tag-ligde","tag-olmaz","tag-olmazsa","tag-servet","tag-sivasspor"],"jetpack_publicize_connections":[],"jetpack_featured_media_url":"https:\/\/i0.wp.com\/www.tvturk.com\/wp-content\/uploads\/2019\/08\/servet-cetin-sivasspor-ligde-olmazsa-olmaz_ecca5ed.jpg?fit=1000%2C762","jetpack_sharing_enabled":true,"jetpack_shortlink":"https:\/\/wp.me\/paKIfm-NKe","_links":{"self":[{"href":"http:\/\/www.tvturk.com\/index.php\/wp-json\/wp\/v2\/posts\/191222","targetHints":{"allow":["GET"]}}],"collection":[{"href":"http:\/\/www.tvturk.com\/index.php\/wp-json\/wp\/v2\/posts"}],"about":[{"href":"http:\/\/www.tvturk.com\/index.php\/wp-json\/wp\/v2\/types\/post"}],"author":[{"embeddable":true,"href":"http:\/\/www.tvturk.com\/index.php\/wp-json\/wp\/v2\/users\/1"}],"replies":[{"embeddable":true,"href":"http:\/\/www.tvturk.com\/index.php\/wp-json\/wp\/v2\/comments?post=191222"}],"version-history":[{"count":0,"href":"http:\/\/www.tvturk.com\/index.php\/wp-json\/wp\/v2\/posts\/191222\/revisions"}],"wp:featuredmedia":[{"embeddable":true,"href":"http:\/\/www.tvturk.com\/index.php\/wp-json\/wp\/v2\/media\/191223"}],"wp:attachment":[{"href":"http:\/\/www.tvturk.com\/index.php\/wp-json\/wp\/v2\/media?parent=191222"}],"wp:term":[{"taxonomy":"category","embeddable":true,"href":"http:\/\/www.tvturk.com\/index.php\/wp-json\/wp\/v2\/categories?post=191222"},{"taxonomy":"post_tag","embeddable":true,"href":"http:\/\/www.tvturk.com\/index.php\/wp-json\/wp\/v2\/tags?post=191222"}],"curies":[{"name":"wp","href":"https:\/\/api.w.org\/{rel}","templated":true}]}}