{"id":191236,"date":"2019-08-07T13:46:26","date_gmt":"2019-08-07T10:46:26","guid":{"rendered":"http:\/\/www.tvturk.com\/index.php\/seftali-tarlada-1-1-5-lira-markette-4-95-lira\/"},"modified":"2019-08-07T13:46:26","modified_gmt":"2019-08-07T10:46:26","slug":"seftali-tarlada-1-1-5-lira-markette-4-95-lira","status":"publish","type":"post","link":"http:\/\/www.tvturk.com\/index.php\/seftali-tarlada-1-1-5-lira-markette-4-95-lira\/","title":{"rendered":"\u015eeftali tarlada 1-1.5 lira, markette 4.95 lira"},"content":{"rendered":"<p>Tokat\u2019ta \u015feftali \u00fcretiminin artmas\u0131 ve ihracat yap\u0131lmamas\u0131 nedeniyle tarlada cinsine g\u00f6re 1-1.5 liraya kadar d\u00fc\u015fen \u015feftali, pazar yerinde 2-2.5 lira, marketlerde 3-5 lira aras\u0131nda sat\u0131l\u0131yor.<\/p>\n<p>Tokat merkeze ba\u011fl\u0131 Kemalpa\u015fa k\u00f6y\u00fcnde yakla\u015f\u0131k 2 haftad\u0131r devam eden \u015feftali \u00fcretiminde art\u0131\u015f ya\u015fan\u0131rken fiyatlarda d\u00fc\u015f\u00fc\u015f dikkat \u00e7ekiyor. \u0130hracat olmamas\u0131 nedeniyle yurt i\u00e7i piyasaya g\u00f6nderilen \u015feftalide \u00fcreticinin maliyetini kar\u015f\u0131lam\u0131yor.  \u0130\u015f\u00e7ilik, mazot, ila\u00e7 ve g\u00fcbre fiyatlar\u0131ndaki art\u0131\u015fa dikkat \u00e7eken \u00e7ift\u00e7iler i\u015f\u00e7i \u00e7al\u0131\u015ft\u0131ram\u0131yor.  \u00dcretimin bol olmas\u0131 nedeniyle son bir haftada 2 lira olan \u015feftali fiyatlar\u0131n\u0131n 1 liraya kadar d\u00fc\u015ft\u00fc\u011f\u00fcn\u00fc ifade eden Mehmet Can Erdo\u011fdu,  \u201cYakla\u015f\u0131k 20 y\u0131ld\u0131r bu i\u015fle u\u011fra\u015f\u0131yoruz. Fiyatlar bir hafta \u00f6nce iyi idi, \u00fcretim bolla\u015f\u0131p ihracat olmad\u0131\u011f\u0131 i\u00e7in d\u00fc\u015ft\u00fc. Sat\u0131\u015flarda zorlan\u0131yoruz\u201d dedi.<\/p>\n<p>\u0130hracat olmad\u0131\u011f\u0131 i\u00e7in fiyatlar d\u00fc\u015ft\u00fc<\/p>\n<p>\u00c7ift\u00e7ilikle ge\u00e7imini sa\u011flayan R\u0131za Erdo\u011fdu ise \u015feftali hasad\u0131n\u0131n kendileri i\u00e7in sanc\u0131l\u0131 ba\u015flad\u0131\u011f\u0131n\u0131 belirterek, &#8220;\u015eeftalinin maliyetine \u015feftali sat\u0131yoruz, yevmiyemizi dahi \u00e7\u0131kartam\u0131yoruz. \u0130hracat olmad\u0131\u011f\u0131ndan, vatanda\u015flar\u0131n da ekonomik durumu iyi olmad\u0131\u011f\u0131 i\u00e7in \u015feftali ikinci planda kal\u0131yor. \u015eeftali 5 kilo yiyorsa 1 kilo yiyor\u201d diye konu\u015ftu.<\/p>\n<p>\u00c7ift\u00e7ilerden \u0130smail Korkmaz, 50 kuru\u015fa meyve suyu fabrikas\u0131nda 1-1.5 liraya kadarda cinsine g\u00f6re \u015feftaliyi hale g\u00f6nderdiklerini ifade ederek, \u201cMeyve bol oldu\u011fu i\u00e7in fiyatlar d\u00fc\u015f\u00fcyor, ihracat da yok bu sene. Maliyetimizi kar\u015f\u0131lam\u0131yor, tarlay\u0131 elektrikle suluyoruz maliyetimizi kar\u015f\u0131lam\u0131yor. G\u00fcbre ila\u00e7 pahal\u0131. Marketlerde fiyatlar y\u00fcksek arada u\u00e7urum var\u201d \u015feklinde konu\u015ftu.<\/p>\n<p>Tarladaki fiyatla market aras\u0131nda u\u00e7urum var<\/p>\n<p>Komisyoncu Suat Durgun ise k\u00f6yl\u00fcn\u00fcn d\u00fc\u015fen fiyatlar nedeniyle i\u015fin i\u00e7inden \u00e7\u0131kamad\u0131\u011f\u0131n\u0131 belirterek, \u201dTarla ile market aras\u0131nda u\u00e7urum var. Bizim 1 lira yazd\u0131\u011f\u0131m\u0131z \u015feftali markette 4-5 lira. Fiyatlar neden bu kadar y\u00fcksek \u00e7\u00f6zemiyoruz\u201d ifadelerini kulland\u0131.<\/p>\n","protected":false},"excerpt":{"rendered":"<p>TOKAT MERKEZE BA\u011eLI KEMALPA\u015eA K\u00d6Y\u00dc\u2019NDE YAKLA\u015eIK 2 HAFTADIR DEVAM EDEN \u015eEFTAL\u0130 \u00dcRET\u0130M\u0130NDE ARTI\u015e YA\u015eANIRKEN F\u0130YATLARDA D\u00dc\u015e\u00dc\u015e D\u0130KKAT \u00c7EK\u0130YOR.<\/p>\n","protected":false},"author":1,"featured_media":191237,"comment_status":"closed","ping_status":"open","sticky":false,"template":"","format":"standard","meta":{"jetpack_post_was_ever_published":false,"_jetpack_newsletter_access":"","_jetpack_dont_email_post_to_subs":false,"_jetpack_newsletter_tier_id":0,"_jetpack_memberships_contains_paywalled_content":false,"_jetpack_memberships_contains_paid_content":false,"footnotes":"","jetpack_publicize_message":"","jetpack_publicize_feature_enabled":true,"jetpack_social_post_already_shared":true,"jetpack_social_options":{"image_generator_settings":{"template":"highway","default_image_id":0,"font":"","enabled":false},"version":2}},"categories":[19],"tags":[47827,47828,1881,18996,46473,11545],"class_list":["post-191236","post","type-post","status-publish","format-standard","has-post-thumbnail","hentry","category-ekonomi","tag-1-1-5","tag-4-95","tag-lira","tag-markette","tag-seftali","tag-tarlada"],"jetpack_publicize_connections":[],"jetpack_featured_media_url":"https:\/\/i0.wp.com\/www.tvturk.com\/wp-content\/uploads\/2019\/08\/seftali-tarlada-1-15-lira-markette-495-lira_fc48ecc.jpg?fit=1000%2C671","jetpack_sharing_enabled":true,"jetpack_shortlink":"https:\/\/wp.me\/paKIfm-NKs","_links":{"self":[{"href":"http:\/\/www.tvturk.com\/index.php\/wp-json\/wp\/v2\/posts\/191236","targetHints":{"allow":["GET"]}}],"collection":[{"href":"http:\/\/www.tvturk.com\/index.php\/wp-json\/wp\/v2\/posts"}],"about":[{"href":"http:\/\/www.tvturk.com\/index.php\/wp-json\/wp\/v2\/types\/post"}],"author":[{"embeddable":true,"href":"http:\/\/www.tvturk.com\/index.php\/wp-json\/wp\/v2\/users\/1"}],"replies":[{"embeddable":true,"href":"http:\/\/www.tvturk.com\/index.php\/wp-json\/wp\/v2\/comments?post=191236"}],"version-history":[{"count":0,"href":"http:\/\/www.tvturk.com\/index.php\/wp-json\/wp\/v2\/posts\/191236\/revisions"}],"wp:featuredmedia":[{"embeddable":true,"href":"http:\/\/www.tvturk.com\/index.php\/wp-json\/wp\/v2\/media\/191237"}],"wp:attachment":[{"href":"http:\/\/www.tvturk.com\/index.php\/wp-json\/wp\/v2\/media?parent=191236"}],"wp:term":[{"taxonomy":"category","embeddable":true,"href":"http:\/\/www.tvturk.com\/index.php\/wp-json\/wp\/v2\/categories?post=191236"},{"taxonomy":"post_tag","embeddable":true,"href":"http:\/\/www.tvturk.com\/index.php\/wp-json\/wp\/v2\/tags?post=191236"}],"curies":[{"name":"wp","href":"https:\/\/api.w.org\/{rel}","templated":true}]}}