{"id":191242,"date":"2019-08-07T13:47:09","date_gmt":"2019-08-07T10:47:09","guid":{"rendered":"http:\/\/www.tvturk.com\/index.php\/fetoden-devralinan-hastane-hizmete-basladi\/"},"modified":"2019-08-07T13:47:09","modified_gmt":"2019-08-07T10:47:09","slug":"fetoden-devralinan-hastane-hizmete-basladi","status":"publish","type":"post","link":"http:\/\/www.tvturk.com\/index.php\/fetoden-devralinan-hastane-hizmete-basladi\/","title":{"rendered":"FET\u00d6\u2019den devral\u0131nan hastane hizmete ba\u015flad\u0131"},"content":{"rendered":"<p>15 Temmuz darbe giri\u015fimi sonras\u0131 Fetullah\u00e7\u0131 Ter\u00f6r \u00d6rg\u00fct\u00fc\u2019ne (FET\u00d6) y\u00f6nelik ba\u015flat\u0131lan soru\u015fturmalar kapsam\u0131nda 3 y\u0131l \u00f6nce OHAL kararnamesiyle Sa\u011fl\u0131k Bakanl\u0131\u011f\u0131na devredilen \u00d6zel \u0130stanbul Hastanesi, Van E\u011fitim ve Ara\u015ft\u0131rma Hastanesi \u0130pekyolu Ek Binas\u0131 olarak hizmet vermeye ba\u015flad\u0131.<\/p>\n<p>Sa\u011fl\u0131k Bilimleri \u00dcniversitesi (SB\u00dc) Van E\u011fitim ve Ara\u015ft\u0131rma Hastanesi \u0130pekyolu Ek Binas\u0131 olarak yakla\u015f\u0131k 3 y\u0131ld\u0131r tam kapsaml\u0131 hizmet veremeyen hastane, \u0130l Sa\u011fl\u0131k M\u00fcd\u00fcr\u00fc Do\u00e7. Dr. Mahmut S\u00fcnnet\u00e7io\u011flu amirli\u011finde, Van Valili\u011fi himayesinde yatakl\u0131 servisin a\u00e7\u0131lmas\u0131yla daha aktif hale getirildi. A\u00e7\u0131klamalarda bulunan SB\u00dc Van E\u011fitim ve Ara\u015ft\u0131rma Hastanesi Ba\u015fhekimi Do\u00e7. Dr. Sebahattin \u00c7elik, 15 Temmuz FET\u00d6 darbe giri\u015fimi sonras\u0131 eski ad\u0131yla \u201c\u0130stanbul Hastanesi\u201d olan hastanenin 3 y\u0131l \u00f6nce Van E\u011fitim ve Ara\u015ft\u0131rma Hastanesine devredildi\u011fini an\u0131msatt\u0131. Devral\u0131nan hastanenin bir s\u00fcre aktif olarak kullan\u0131lmad\u0131\u011f\u0131n\u0131 ancak son zamanlarda yap\u0131lan \u00e7al\u0131\u015fmalarla daha aktif hale geldi\u011fini ifade eden Ba\u015fhekim \u00c7elik, \u201cFET\u00d6 d\u00f6neminde bu hastane aktif olarak kullan\u0131l\u0131yordu ve ciddi bir hasta potansiyeli vard\u0131. Daha sonra maalesef aktif olarak kullanamad\u0131k. Ancak son birka\u00e7 ayd\u0131r daha aktif hale getirildi. Hastanemizi yatakl\u0131 servise de a\u00e7t\u0131k. B\u00f6ylece daha aktif kullanma giri\u015fiminde bulunduk. 5 g\u00fcn \u00f6nce FTR servisimizi a\u00e7t\u0131k. Toplamda 10 poliklinik hizmetimiz var ve acil servisimiz de \u015fu an aktif durumdad\u0131r. Ancak acil servisimizin baz\u0131 alt yap\u0131 s\u0131k\u0131nt\u0131lar\u0131 var. Acil servisimizi de daha modern hale getirme \u00e7abas\u0131 i\u00e7erisindeyiz. Bu anlamda baz\u0131 alt yap\u0131 \u00e7al\u0131\u015fmam\u0131z olacakt\u0131r\u201d dedi.<\/p>\n<p>Hekim sorununun \u00e7\u00f6z\u00fclmesiyle birlikte hastaneyi \u00f6nemli bir noktaya ta\u015f\u0131yacaklar\u0131n\u0131n alt\u0131n\u0131 \u00e7izen \u00c7elik, s\u00f6zlerini \u015f\u00f6yle s\u00fcrd\u00fcrd\u00fc:<\/p>\n<p>\u201cYakla\u015f\u0131k 3 y\u0131ld\u0131r aktif olarak kullan\u0131lamayan ve at\u0131l durumda olan hastanemizi eski ihti\u015fam\u0131na kavu\u015fturaca\u011f\u0131z. \u0130dari amirlerimizin deste\u011fiyle de bunu ba\u015faraca\u011f\u0131m\u0131za inan\u0131yorum. Di\u011fer benzer hastanelerle kar\u015f\u0131la\u015ft\u0131rd\u0131\u011f\u0131m\u0131zda yakla\u015f\u0131k 50 hekim eksi\u011fimiz var. Bunu da Sa\u011fl\u0131k Bakanl\u0131\u011f\u0131 nezdinde baz\u0131 giri\u015fimlerle halletmeye \u00e7al\u0131\u015faca\u011f\u0131z. Bu da hallolduktan sonra bu ek hizmet binam\u0131z\u0131 aktif olarak kullanaca\u011f\u0131m\u0131za inan\u0131yorum.\u201d<\/p>\n<p>Hastanenin yatakl\u0131 servisinin hizmete a\u00e7\u0131lmas\u0131ndan memnuniyet duyduklar\u0131n\u0131 ifade eden vatanda\u015flar ise \u00e7al\u0131\u015fmalar\u0131ndan dolay\u0131 hastane y\u00f6netimi ve \u00e7al\u0131\u015fanlar\u0131na te\u015fekk\u00fcr etti.<\/p>\n","protected":false},"excerpt":{"rendered":"<p>15 TEMMUZ DARBE G\u0130R\u0130\u015e\u0130M\u0130 SONRASI FETHULLAH\u00c7I TER\u00d6R \u00d6RG\u00dcT\u00dc\u2019NE (FET\u00d6) Y\u00d6NEL\u0130K BA\u015eLATILAN SORU\u015eTURMALAR KAPSAMINDA 3 YIL \u00d6NCE OHAL KARARNAMES\u0130YLE SA\u011eLIK BAKANLI\u011eINA DEVRED\u0130LEN \u00d6ZEL \u0130STANBUL HASTANES\u0130, VAN E\u011e\u0130T\u0130M VE ARA\u015eTIRMA HASTANES\u0130 \u0130PEKYOLU EK B\u0130NASI OLARAK AKT\u0130F H\u0130ZMET VERMEYE BA\u015eLADI.<\/p>\n","protected":false},"author":1,"featured_media":191243,"comment_status":"closed","ping_status":"open","sticky":false,"template":"","format":"standard","meta":{"jetpack_post_was_ever_published":false,"_jetpack_newsletter_access":"","_jetpack_dont_email_post_to_subs":false,"_jetpack_newsletter_tier_id":0,"_jetpack_memberships_contains_paywalled_content":false,"_jetpack_memberships_contains_paid_content":false,"footnotes":"","jetpack_publicize_message":"","jetpack_publicize_feature_enabled":true,"jetpack_social_post_already_shared":true,"jetpack_social_options":{"image_generator_settings":{"template":"highway","default_image_id":0,"font":"","enabled":false},"version":2}},"categories":[1],"tags":[55,47834,1799,1478,3303],"class_list":["post-191242","post","type-post","status-publish","format-standard","has-post-thumbnail","hentry","category-genel","tag-basladi","tag-devralinan","tag-fetoden","tag-hastane","tag-hizmete"],"jetpack_publicize_connections":[],"jetpack_featured_media_url":"https:\/\/i0.wp.com\/www.tvturk.com\/wp-content\/uploads\/2019\/08\/fetoden-devralinan-hastane-hizmete-basladi_7a32473.jpg?fit=1000%2C750","jetpack_sharing_enabled":true,"jetpack_shortlink":"https:\/\/wp.me\/paKIfm-NKy","_links":{"self":[{"href":"http:\/\/www.tvturk.com\/index.php\/wp-json\/wp\/v2\/posts\/191242","targetHints":{"allow":["GET"]}}],"collection":[{"href":"http:\/\/www.tvturk.com\/index.php\/wp-json\/wp\/v2\/posts"}],"about":[{"href":"http:\/\/www.tvturk.com\/index.php\/wp-json\/wp\/v2\/types\/post"}],"author":[{"embeddable":true,"href":"http:\/\/www.tvturk.com\/index.php\/wp-json\/wp\/v2\/users\/1"}],"replies":[{"embeddable":true,"href":"http:\/\/www.tvturk.com\/index.php\/wp-json\/wp\/v2\/comments?post=191242"}],"version-history":[{"count":0,"href":"http:\/\/www.tvturk.com\/index.php\/wp-json\/wp\/v2\/posts\/191242\/revisions"}],"wp:featuredmedia":[{"embeddable":true,"href":"http:\/\/www.tvturk.com\/index.php\/wp-json\/wp\/v2\/media\/191243"}],"wp:attachment":[{"href":"http:\/\/www.tvturk.com\/index.php\/wp-json\/wp\/v2\/media?parent=191242"}],"wp:term":[{"taxonomy":"category","embeddable":true,"href":"http:\/\/www.tvturk.com\/index.php\/wp-json\/wp\/v2\/categories?post=191242"},{"taxonomy":"post_tag","embeddable":true,"href":"http:\/\/www.tvturk.com\/index.php\/wp-json\/wp\/v2\/tags?post=191242"}],"curies":[{"name":"wp","href":"https:\/\/api.w.org\/{rel}","templated":true}]}}