{"id":191248,"date":"2019-08-07T14:01:53","date_gmt":"2019-08-07T11:01:53","guid":{"rendered":"http:\/\/www.tvturk.com\/index.php\/tarihi-erzurum-kongresi-kararlari-100-yil-sonra-yeniden-ilan-edildi\/"},"modified":"2019-08-07T14:01:53","modified_gmt":"2019-08-07T11:01:53","slug":"tarihi-erzurum-kongresi-kararlari-100-yil-sonra-yeniden-ilan-edildi","status":"publish","type":"post","link":"http:\/\/www.tvturk.com\/index.php\/tarihi-erzurum-kongresi-kararlari-100-yil-sonra-yeniden-ilan-edildi\/","title":{"rendered":"Tarihi Erzurum Kongresi kararlar\u0131 100 y\u0131l sonra yeniden ilan edildi"},"content":{"rendered":"<p>Milli M\u00fccadelenin 100. y\u0131l d\u00f6n\u00fcm\u00fc etkinlikleri kapsam\u0131nda tarihi Erzurum Kongresinde al\u0131nan kararlar, bug\u00fcn bir kez daha t\u00fcm d\u00fcnyaya ilan edildi.<\/p>\n<p>Erzurum Kongre binas\u0131nda d\u00fczenlenen programa Erzurum Valisi Okay Memi\u015f ve B\u00fcy\u00fck\u015fehir Belediye Ba\u015fkan\u0131 Mehmet Sekmen de kat\u0131ld\u0131. Programda da Erzurum Kongresi kararlar\u0131, tiyatro sanat\u00e7\u0131lar\u0131 taraf\u0131ndan temsili olarak bir kez daha ilan edildi.<\/p>\n<p>Erzurum Valisi Okay Memi\u015f, t\u00f6rende yapt\u0131\u011f\u0131 a\u00e7\u0131klamada, yakla\u015f\u0131k 1 ay boyunca 23 Temmuz\u2019un 100. y\u0131l\u0131 dolay\u0131s\u0131yla Cumhurba\u015fkanl\u0131\u011f\u0131n\u0131n himayesinde bir\u00e7ok etkinlik ve kutlama program\u0131 d\u00fczenlendi\u011fini an\u0131msatarak, \u201cErzurumlulara, Dada\u015flara ve b\u00fct\u00fcn T\u00fcrkiye\u2019ye Cumhuriyetin temellerinin at\u0131ld\u0131\u011f\u0131 il olan Erzurum\u2019u m\u00fcmk\u00fcn oldu\u011fu kadar tan\u0131tmaya ve o zaman\u0131n ruhunu yeniden gen\u00e7 nesillere ya\u015fatmaya gayret ettik. Yap\u0131lan etkinliklerin bug\u00fcn son g\u00fcn\u00fcndeyiz. 7 A\u011fustos kongre kararlar\u0131n\u0131n a\u00e7\u0131kland\u0131\u011f\u0131 g\u00fcn. Kongre kararlar\u0131n\u0131n en \u00f6nemlisi de manda ve himayenin kald\u0131r\u0131lmas\u0131 hususudur. Erzurum, Cumhuriyetin temellerinin at\u0131ld\u0131\u011f\u0131 bir il. Dada\u015flar hem Cumhuriyet d\u00f6neminde b\u00fcy\u00fck bedeller \u00f6demi\u015f hem de Osmanl\u0131 d\u00f6neminde emperyalist g\u00fc\u00e7lere ve Ermeni \u00e7etelere kar\u015f\u0131 can\u0131n\u0131, kan\u0131n\u0131 ortaya koymu\u015ftur. Bana g\u00f6re Erzurum bir gazi \u015fehirdir. Erzurum, Gazi Mustafa Kemal Atat\u00fcrk\u2019e 57 g\u00fcn ev sahipli\u011fi yapt\u0131. Orduyla b\u00fct\u00fcn ili\u015fkisi kesilmi\u015fken Atat\u00fcrk\u2019e Erzurumlular sahip \u00e7\u0131km\u0131\u015ft\u0131r. Erzurumlular Atat\u00fcrk\u2019e kongreye ba\u015fkanl\u0131k etmesini sa\u011fl\u0131yor, Meclisi Mebusan\u2019a milletvekili olarak g\u00f6nderiyor ve fahri hem\u015fehrilik berat\u0131 veriyor; yani onu \u00e7ok ciddi yetkilerle g\u00fc\u00e7lendirerek Sivas\u2019a, Ankara\u2019ya do\u011fru yolcu ediyor. Erzurumlular\u0131n bu davran\u0131\u015f\u0131n\u0131 b\u00fct\u00fcn T\u00fcrkiye\u2019ye \u00f6rnek olarak g\u00f6steriyorum.  Erzurumlular, o d\u00f6nemde neredeyse yok olmu\u015f bir milletken bir lidere moral veriyor. Bu davran\u0131\u015f g\u00fcn\u00fcm\u00fcz i\u00e7in de \u00f6rnek olmas\u0131 laz\u0131m. Erzurumlu \u0130brahim Hakk\u0131 Hazretleri Derne\u011finin d\u00fczenlemi\u015f oldu\u011fu Erzurum\u2019un \u015fahsiyetlerinin sergilendi\u011fi bir sergi var. Erzurum\u2019da bir\u00e7ok insan\u0131n bilmedi\u011fi benimde bilmedi\u011fim yeni fark etti\u011fim \u00e7ok \u00f6nemli de\u011ferlerimiz var. Erzurum \u00e7ok alim insan yeti\u015ftirmi\u015f. Erzurum a\u015f\u0131klar kenti ayn\u0131 zamanda manevi unsurlar\u0131n \u00e7ok oldu\u011fu bir \u015fehir. Manevi temellerin \u00fczerine kurulmu\u015f bir \u015fehir. Bir toplum ekonomik a\u00e7\u0131dan de\u011fil de as\u0131l manevi a\u00e7\u0131dan \u00e7\u00f6kerse ger\u00e7ekten \u00e7\u00f6km\u00fc\u015ft\u00fcr. Erzurumlular bu manevi bilin\u00e7le hareket ediyor. Ebediyete intikal etmi\u015f b\u00fct\u00fcn manevi \u00f6nderlerimize Allah\u2019tan rahmet diliyorum. Ba\u015fta Gazi Mustafa Kemal\u2019e ve vatan\u0131n b\u00fct\u00fcnl\u00fc\u011f\u00fc i\u00e7in m\u00fccadele eden b\u00fct\u00fcn dada\u015flara ve \u015fehit karde\u015flerimize Allah\u2019tan rahmet diliyorum. 23 Temmuz 100.y\u0131l organizasyonunda eme\u011fi ge\u00e7en b\u00fct\u00fcn arkada\u015flar\u0131ma ba\u015fta B\u00fcy\u00fck\u015fehir Belediye Ba\u015fkan\u0131na ve b\u00fct\u00fcn ekibine, Vali Yard\u0131mc\u0131m\u0131za, Valilik \u00d6zel Kalemimize, il m\u00fcd\u00fcrl\u00fcklerimize, emniyet te\u015fkilat\u0131m\u0131za ve b\u00fct\u00fcn bas\u0131n mensuplar\u0131m\u0131za \u00e7ok te\u015fekk\u00fcr ediyorum\u201d diye konu\u015ftu.<\/p>\n<p>&#8220;Tarihin tekerr\u00fcr etmesini istemiyorsak ders almay\u0131 bilmemiz gerekir&#8221;<\/p>\n<p>Erzurum B\u00fcy\u00fck\u015fehir Belediye Ba\u015fkan\u0131 Mehmet Sekmen ise, \u201cSay\u0131n Cumhurba\u015fkan\u0131m\u0131z\u0131n himayesinde ger\u00e7ekle\u015ftirilen 100. y\u0131l kutlamalar\u0131n\u0131n son g\u00fcn\u00fcndeyiz. T\u00fcrkiye Cumhuriyeti\u2019nin nas\u0131l zor \u015fartlar alt\u0131nda kuruldu\u011funu, Erzurum halk\u0131n\u0131n bu kurulu\u015fta ne kadar etkin bir yeri oldu\u011funu hep beraber g\u00f6rd\u00fck ve tekrar \u00f6\u011frenmi\u015f olduk.  \u00dclkenin kurtulu\u015fu i\u00e7in yola \u00e7\u0131kan Mustafa Kemal Atat\u00fcrk\u2019\u00fcn Erzurum\u2019a davet edilmesiyle ba\u015flayan bu ser\u00fcveni tekrar ve tekrar o g\u00fcnleri ya\u015fad\u0131k ve hissettik. Tarih tekerr\u00fcrden ibarettir; tekerr\u00fcr etmesini istemiyorsak ders almay\u0131 bilmemiz gerekir. Bilin\u00e7li ve dikkatli olmam\u0131z laz\u0131m, gen\u00e7li\u011fimizi ona g\u00f6re haz\u0131rlamam\u0131z laz\u0131m. Bug\u00fcn de Erzurum\u2019da yeti\u015fmi\u015f tarihi \u015fahsiyetlerin sergisini dola\u015ft\u0131k ve hepsini rahmetle and\u0131k. Tabii ba\u015fta Mustafa Kemal Atat\u00fcrk olmak \u00fczere, o g\u00fcn ve bug\u00fcne kadar \u015fehit olan t\u00fcm karde\u015flerimizi rahmetle an\u0131yoruz; mekanlar\u0131 cennet olsun. Erzurum\u2019dan da nice b\u00fcy\u00fck devlet ve ilim adamlar\u0131n\u0131n yeti\u015fti\u011fini hep beraber sergiyi gezerek g\u00f6rd\u00fck. Yeni ilim, bilim ve g\u00f6n\u00fcl adamlar\u0131n\u0131n yeti\u015fmesi i\u00e7in \u00e7al\u0131\u015fmam\u0131z gerekti\u011fini ifade ediyorum. Allah bu millete b\u00f6yle g\u00fcnler g\u00f6stermesin temennisinde bulunuyorum. Ba\u015fta Say\u0131n Valim olmak \u00fczere eme\u011fi ge\u00e7en herkesi kutluyoruz ve Erzurum\u2019un \u00f6nder bir \u015fehir oldu\u011funu her zaman devletinin ve milletinin yan\u0131nda yer ald\u0131\u011f\u0131n\u0131 buradan ifade etmek istiyorum\u201d ifadelerini kulland\u0131.<\/p>\n<p>T\u00f6rende ayr\u0131ca kongre binas\u0131nda Erzurumlu \u015eahsiyetler Biyografi sergisi a\u00e7\u0131ld\u0131. Sergi a\u00e7\u0131l\u0131\u015f\u0131n\u0131n ard\u0131ndan Erzurum Bar ekibi bir g\u00f6steri yapt\u0131.<\/p>\n","protected":false},"excerpt":{"rendered":"<p>M\u0130LL\u0130 M\u00dcCADELEN\u0130N 100. YIL D\u00d6N\u00dcM\u00dc ETK\u0130NL\u0130KLER\u0130 KAPSAMINDA TAR\u0130H\u0130 ERZURUM KONGRES\u0130NDE ALINAN KARARLAR, BUG\u00dcN B\u0130R KEZ DAHA T\u00dcM D\u00dcNYAYA \u0130LAN ED\u0130LD\u0130.<\/p>\n","protected":false},"author":1,"featured_media":191249,"comment_status":"closed","ping_status":"open","sticky":false,"template":"","format":"standard","meta":{"jetpack_post_was_ever_published":false,"_jetpack_newsletter_access":"","_jetpack_dont_email_post_to_subs":false,"_jetpack_newsletter_tier_id":0,"_jetpack_memberships_contains_paywalled_content":false,"_jetpack_memberships_contains_paid_content":false,"footnotes":"","jetpack_publicize_message":"","jetpack_publicize_feature_enabled":true,"jetpack_social_post_already_shared":true,"jetpack_social_options":{"image_generator_settings":{"template":"highway","default_image_id":0,"font":"","enabled":false},"version":2}},"categories":[1],"tags":[2127,857,2294,904,13138,6792,2022,800,720,231],"class_list":["post-191248","post","type-post","status-publish","format-standard","has-post-thumbnail","hentry","category-genel","tag-2127","tag-edildi","tag-erzurum","tag-ilan","tag-kararlari","tag-kongresi","tag-sonra","tag-tarihi","tag-yeniden","tag-yil"],"jetpack_publicize_connections":[],"jetpack_featured_media_url":"https:\/\/i0.wp.com\/www.tvturk.com\/wp-content\/uploads\/2019\/08\/tarihi-erzurum-kongresi-kararlari-100-yil-sonra-yeniden-ilan-edildi_d884317.jpg?fit=1000%2C665","jetpack_sharing_enabled":true,"jetpack_shortlink":"https:\/\/wp.me\/paKIfm-NKE","_links":{"self":[{"href":"http:\/\/www.tvturk.com\/index.php\/wp-json\/wp\/v2\/posts\/191248","targetHints":{"allow":["GET"]}}],"collection":[{"href":"http:\/\/www.tvturk.com\/index.php\/wp-json\/wp\/v2\/posts"}],"about":[{"href":"http:\/\/www.tvturk.com\/index.php\/wp-json\/wp\/v2\/types\/post"}],"author":[{"embeddable":true,"href":"http:\/\/www.tvturk.com\/index.php\/wp-json\/wp\/v2\/users\/1"}],"replies":[{"embeddable":true,"href":"http:\/\/www.tvturk.com\/index.php\/wp-json\/wp\/v2\/comments?post=191248"}],"version-history":[{"count":0,"href":"http:\/\/www.tvturk.com\/index.php\/wp-json\/wp\/v2\/posts\/191248\/revisions"}],"wp:featuredmedia":[{"embeddable":true,"href":"http:\/\/www.tvturk.com\/index.php\/wp-json\/wp\/v2\/media\/191249"}],"wp:attachment":[{"href":"http:\/\/www.tvturk.com\/index.php\/wp-json\/wp\/v2\/media?parent=191248"}],"wp:term":[{"taxonomy":"category","embeddable":true,"href":"http:\/\/www.tvturk.com\/index.php\/wp-json\/wp\/v2\/categories?post=191248"},{"taxonomy":"post_tag","embeddable":true,"href":"http:\/\/www.tvturk.com\/index.php\/wp-json\/wp\/v2\/tags?post=191248"}],"curies":[{"name":"wp","href":"https:\/\/api.w.org\/{rel}","templated":true}]}}