{"id":191267,"date":"2019-08-07T14:31:32","date_gmt":"2019-08-07T11:31:32","guid":{"rendered":"http:\/\/www.tvturk.com\/index.php\/kktcde-tonlarca-ilac-depolarda-unutuldu\/"},"modified":"2019-08-07T14:31:32","modified_gmt":"2019-08-07T11:31:32","slug":"kktcde-tonlarca-ilac-depolarda-unutuldu","status":"publish","type":"post","link":"http:\/\/www.tvturk.com\/index.php\/kktcde-tonlarca-ilac-depolarda-unutuldu\/","title":{"rendered":"KKTC\u2019de tonlarca ila\u00e7 depolarda unutuldu"},"content":{"rendered":"<p>KKTC\u2019de devletin ila\u00e7 depolar\u0131nda 90 kamyon tarihi ge\u00e7mi\u015f ila\u00e7 bulundu.<\/p>\n<p>Kuzey K\u0131br\u0131s T\u00fcrk Cumhuriyeti (KKTC) Sa\u011fl\u0131k Bakanl\u0131\u011f\u0131na ba\u011fl\u0131 \u0130la\u00e7 ve Eczac\u0131l\u0131k Dairesi depolar\u0131nda tarihi ge\u00e7mi\u015f tonlarca ila\u00e7 ortaya \u00e7\u0131kt\u0131. KKTC Sa\u011fl\u0131k Bakanl\u0131\u011f\u0131n\u0131n ila\u00e7 otomasyon sistemi olmay\u0131\u015f\u0131 ve kurumda \u00e7al\u0131\u015fan memurlar\u0131n yeterli donan\u0131mda olmamas\u0131 ile birlikte yanl\u0131\u015f ila\u00e7 ihaleleri y\u00fcz\u00fcnden 90 kamyon tarihi ge\u00e7mi\u015f ila\u00e7 oldu\u011fu belirlendi.<\/p>\n<p>Sa\u011fl\u0131k Bakan\u0131 Ali Pilli konuyla ilgili yapt\u0131\u011f\u0131 a\u00e7\u0131klamada, \u0130la\u00e7 ve Eczac\u0131l\u0131k Dairesinin depo k\u0131sm\u0131nda bir felaketle kar\u015f\u0131la\u015f\u0131ld\u0131\u011f\u0131n\u0131 ve i\u00e7erisinde tarihi ge\u00e7mi\u015f tonlarca ila\u00e7 bulundu\u011funu, bu konuda \u00e7al\u0131\u015fma ba\u015flatt\u0131klar\u0131n\u0131 duyurdu.<\/p>\n<p>\u201cTarihi ge\u00e7mi\u015f \u00e7ok ila\u00e7 tespit ettik, otomasyonda eksiklik var\u201d<\/p>\n<p>Bakanl\u0131k olarak derhal harekete ge\u00e7tiklerini belirten Bakan Pilli, \u201cGenel ecza deposunda tarihi ge\u00e7mi\u015f \u00e7ok say\u0131da ila\u00e7 oldu\u011funu tespit ettik. Burada bulunan ila\u00e7lar\u0131 kay\u0131t alt\u0131na almas\u0131 gereken otomasyon sisteminde de eksiklik s\u00f6z konusu. \u0130la\u00e7lar sa\u011fl\u0131kl\u0131 olarak mevcut sistemde kay\u0131t alt\u0131na al\u0131nam\u0131yor ve depoda yeni gelen ila\u00e7lar \u00f6n k\u0131s\u0131mlara yerle\u015ftirilirken tarihi ge\u00e7mi\u015f ila\u00e7lar arkada b\u0131rak\u0131l\u0131yordu&#8221; dedi.<\/p>\n<p>\u201cYakla\u015f\u0131k 90 kamyon ila\u00e7 imha edilecek\u201d<\/p>\n<p>\u201cY\u0131llarca bu kadar b\u00fcy\u00fck bir ila\u00e7 sarfiyat\u0131n\u0131n olmas\u0131, yakla\u015f\u0131k 90 kamyon kadar ilac\u0131n imha i\u00e7in bu kadar uzun s\u00fcre beklemesi ve bu kadar b\u00fcy\u00fck bir ihmalin olmas\u0131 kabul edilemez bir durum\u201d diyen Pilli, Sa\u011fl\u0131k Bakanl\u0131\u011f\u0131 olarak kal\u0131c\u0131 bir sistem i\u00e7in kollar\u0131 s\u0131vad\u0131klar\u0131n\u0131 kaydetti. Tarihi ge\u00e7mi\u015f ila\u00e7lar\u0131n ay\u0131klanarak ba\u015fka depolarda korunup, uygun ko\u015fullarda gerekli sa\u011fl\u0131k tedbirleri al\u0131narak imha edilece\u011fini dile getiren Pilli, mevcut ila\u00e7lar\u0131n kontrol alt\u0131na al\u0131nmas\u0131 i\u00e7in otomasyon sisteminin d\u00fczenlenece\u011fini ve tarihi ge\u00e7mi\u015f ila\u00e7lar\u0131n an\u0131nda sistemde yer alaca\u011f\u0131n\u0131 belirtti.<\/p>\n<p>\u201cTek bir ilac\u0131n dahi sarf edilmemesi konusunda kararl\u0131y\u0131z\u201d<\/p>\n<p>Otomasyon sisteminin y\u00fczde y\u00fcz verimli hale getirilece\u011fini ve ila\u00e7lar\u0131n depoya giri\u015fi-\u00e7\u0131k\u0131\u015f tarihleri, son kullanma tarihleri, depodan \u00e7\u0131k\u0131\u015flar\u0131n\u0131n ne zaman oldu\u011fu ve ne kadar kald\u0131\u011f\u0131 gibi t\u00fcm detaylar\u0131n sistemde yer alaca\u011f\u0131n\u0131 dile getiren Pilli, \u015fu bilgileri verdi:<\/p>\n<p>\u201cT\u00fcm hastanelerimiz ve sa\u011fl\u0131k merkezlerimizin eczanelerinde bulunan ila\u00e7lar\u0131 da kontrol alt\u0131na alaca\u011f\u0131m\u0131z bir yap\u0131 kuruyoruz. Tek bir ilac\u0131n dahi israf edilmemesi konusunda kararl\u0131y\u0131z. Bu kadar uzun s\u00fcre ila\u00e7lar\u0131n kontrol alt\u0131nda tutulmad\u0131\u011f\u0131n\u0131 \u00fcz\u00fclerek belirtmek isterim. Kal\u0131c\u0131 \u00f6nlemler i\u00e7in d\u00fc\u011fmeye bast\u0131\u011f\u0131m\u0131z\u0131n \u00f6zellikle alt\u0131n\u0131 \u00e7izerek, kamuoyunun bilgisine sunar\u0131m.\u201d<\/p>\n<p>\u00d6te yandan, Lefko\u015fa Dr. Burhan Nalbanto\u011flu Devlet Hastanesinin eski Ba\u015fhekimi B\u00fclent Dizdarl\u0131, Facebook\u2019taki payla\u015f\u0131m\u0131nda, \u2019\u2019Son 4 sa\u011fl\u0131k bakan\u0131m\u0131z\u0131n icraatlar\u0131 s\u0131ras\u0131nda tespit yap\u0131p kamuoyuna a\u00e7\u0131klama yapt\u0131klar\u0131 ortak bir konu var. \u0130la\u00e7 ve Eczac\u0131l\u0131k Dairesi depolar\u0131nda binlerce kutu tarihi ge\u00e7mi\u015f ila\u00e7 bulunup at\u0131ld\u0131. Bu ortak tespit ve icraata ra\u011fmen \u00e7are \u00fcretilemiyor. \u00dcstelik \u00e7arenin otomasyon oldu\u011funu bile bile. 10 y\u0131l\u0131 a\u015fk\u0131nd\u0131r t\u00fcm bakanlarca desteklenen ve kurumu s\u00fcrd\u00fcr\u00fclen otomasyon \u00e7al\u0131\u015fmalar\u0131 bir t\u00fcrl\u00fc tam anlam\u0131yla kurulup organize olunam\u0131yor. Bunun sebeplerine bakt\u0131\u011f\u0131n\u0131z zaman; 1. Otomasyon konusunda deneyimsizli\u011fin getirdi\u011fi yanl\u0131\u015f se\u00e7imlerden do\u011fan zaman kayb\u0131, 2. Bir t\u00fcrl\u00fc sa\u011flanamayan yeterli e\u011fitimli personel, 3. Otomasyonla \u00e7al\u0131\u015fmay\u0131 reddeden personel,  ba\u015fl\u0131ca sebepler olarak say\u0131labilir. Ve bu nedenlerin \u00fczerine gidilmedik\u00e7e bizler gelecekte de benzer olaylar\u0131 ya\u015fayaca\u011f\u0131z&#8221;ifadelerini kulland\u0131.<\/p>\n","protected":false},"excerpt":{"rendered":"<p>KUZEY KIBRIS T\u00dcRK CUMHUR\u0130YET\u0130\u2019NDE (KKTC) DEVLET\u0130N \u0130LA\u00c7 DEPOLARINDA 90 KAMYON TAR\u0130H\u0130 GE\u00c7M\u0130\u015e \u0130LA\u00c7 BULUNDU.<\/p>\n","protected":false},"author":1,"featured_media":191268,"comment_status":"closed","ping_status":"open","sticky":false,"template":"","format":"standard","meta":{"jetpack_post_was_ever_published":false,"_jetpack_newsletter_access":"","_jetpack_dont_email_post_to_subs":false,"_jetpack_newsletter_tier_id":0,"_jetpack_memberships_contains_paywalled_content":false,"_jetpack_memberships_contains_paid_content":false,"footnotes":"","jetpack_publicize_message":"","jetpack_publicize_feature_enabled":true,"jetpack_social_post_already_shared":true,"jetpack_social_options":{"image_generator_settings":{"template":"highway","default_image_id":0,"font":"","enabled":false},"version":2}},"categories":[10],"tags":[41782,3712,4716,10465,19376],"class_list":["post-191267","post","type-post","status-publish","format-standard","has-post-thumbnail","hentry","category-dunya","tag-depolarda","tag-ilac","tag-kktcde","tag-tonlarca","tag-unutuldu"],"jetpack_publicize_connections":[],"jetpack_featured_media_url":"https:\/\/i0.wp.com\/www.tvturk.com\/wp-content\/uploads\/2019\/08\/kktcde-tonlarca-ilac-depolarda-unutuldu_19251a1.jpg?fit=800%2C450","jetpack_sharing_enabled":true,"jetpack_shortlink":"https:\/\/wp.me\/paKIfm-NKX","_links":{"self":[{"href":"http:\/\/www.tvturk.com\/index.php\/wp-json\/wp\/v2\/posts\/191267","targetHints":{"allow":["GET"]}}],"collection":[{"href":"http:\/\/www.tvturk.com\/index.php\/wp-json\/wp\/v2\/posts"}],"about":[{"href":"http:\/\/www.tvturk.com\/index.php\/wp-json\/wp\/v2\/types\/post"}],"author":[{"embeddable":true,"href":"http:\/\/www.tvturk.com\/index.php\/wp-json\/wp\/v2\/users\/1"}],"replies":[{"embeddable":true,"href":"http:\/\/www.tvturk.com\/index.php\/wp-json\/wp\/v2\/comments?post=191267"}],"version-history":[{"count":0,"href":"http:\/\/www.tvturk.com\/index.php\/wp-json\/wp\/v2\/posts\/191267\/revisions"}],"wp:featuredmedia":[{"embeddable":true,"href":"http:\/\/www.tvturk.com\/index.php\/wp-json\/wp\/v2\/media\/191268"}],"wp:attachment":[{"href":"http:\/\/www.tvturk.com\/index.php\/wp-json\/wp\/v2\/media?parent=191267"}],"wp:term":[{"taxonomy":"category","embeddable":true,"href":"http:\/\/www.tvturk.com\/index.php\/wp-json\/wp\/v2\/categories?post=191267"},{"taxonomy":"post_tag","embeddable":true,"href":"http:\/\/www.tvturk.com\/index.php\/wp-json\/wp\/v2\/tags?post=191267"}],"curies":[{"name":"wp","href":"https:\/\/api.w.org\/{rel}","templated":true}]}}