{"id":191311,"date":"2019-08-07T15:17:20","date_gmt":"2019-08-07T12:17:20","guid":{"rendered":"http:\/\/www.tvturk.com\/index.php\/bb-erzurumspor-15-futbolcu-ile-sozlesme-imzaladi\/"},"modified":"2019-08-07T15:17:20","modified_gmt":"2019-08-07T12:17:20","slug":"bb-erzurumspor-15-futbolcu-ile-sozlesme-imzaladi","status":"publish","type":"post","link":"http:\/\/www.tvturk.com\/index.php\/bb-erzurumspor-15-futbolcu-ile-sozlesme-imzaladi\/","title":{"rendered":"BB Erzurumspor 15 futbolcu ile s\u00f6zle\u015fme imzalad\u0131"},"content":{"rendered":"<p>BB Erzurumspor aralar\u0131nda Obertan ve Pote\u2019nin de bulundu\u011fu 15 futbolcu ile s\u00f6zle\u015fme imzalad\u0131.<\/p>\n<p>TFF 1. Lig ekiplerinden BB Erzurumspor, yeni sezonda transfer etti\u011fi 15 futbolcu ile s\u00f6zle\u015fme imzalad\u0131. Ge\u00e7ti\u011fimiz sezon  tak\u0131mda olan ve yeni sezon i\u00e7inde s\u00f6zle\u015fme yenileyen Gabriel Obertan haricinde yeni transferler Mickael Pote, Yusuf  Emre G\u00fcltekin, Tunay Deniz, Osman \u00c7elik, Oltan Karakulluk\u00e7u, G\u00f6khan Karde\u015f, Cenk Ahmet Alk\u0131l\u0131\u00e7, Cem Barl\u0131k, Batuhan Artarslan, Hasan Hatipo\u011flu, Mehmet Murat U\u00e7ar, Aykut Demir, M\u00fccahit Albayrak ve Batuhan \u00dcnsal, kendilerini mavi-beyazl\u0131lara ba\u011flayan s\u00f6zle\u015fme imzalad\u0131.<\/p>\n<p>\u0130mza t\u00f6renin ard\u0131ndan futbolcular Ba\u015fkan H\u00fcseyin \u00dcne\u015f ve y\u00f6netim kurulu ile toplu foto\u011fraf \u00e7ekildi.<\/p>\n<p>&#8220;Y\u00fczde 95 oran\u0131nda transferi tamamlad\u0131k&#8221;<\/p>\n<p>T\u00f6rende konu\u015fan Ba\u015fkan H\u00fcseyin \u00dcne\u015f, transfer d\u00f6neminde ba\u015far\u0131l\u0131 bir d\u00f6nem ge\u00e7irdiklerini ifade ederek, &#8220;15 transferimizle tak\u0131m\u0131m\u0131z\u0131 yeni sezona haz\u0131rlad\u0131k. Y\u00fczde 95 oran\u0131nda transferi tamamlad\u0131k. Ama son dakikaya kadar her \u015fey olabilir. Yabanc\u0131 s\u0131n\u0131rlamas\u0131ndan dolay\u0131 \u00e7ok zor bir s\u00fcreci geride b\u0131rakt\u0131k. Maliyetlerinden dolay\u0131 yollar\u0131 ay\u0131rmakta zorland\u0131k. Yararlanaca\u011f\u0131m\u0131z futbolcular\u0131 yabanc\u0131lar a\u00e7\u0131s\u0131ndan tak\u0131mda tuttuk. Hocam\u0131z Sunu\u2019yu kadroda g\u00f6rmek istiyor. S\u00f6zle\u015fmesini istedi\u011fimiz \u015fartlara ta\u015f\u0131mak istiyoruz. \u015eartlar do\u011frultusunda 31 A\u011fustos\u2019a kadar devam edece\u011fiz. Yabanc\u0131 bir transfer yapmam\u0131z imkans\u0131z gibi. Maliyet olarak \u00e7ok ciddi anlamda de\u011fi\u015fim ya\u015fad\u0131k ge\u00e7en y\u0131la oranla maliyetimizi y\u00fczde 50 azaltt\u0131k&#8221; dedi.<\/p>\n<p>&#8220;\u015eu anda \u0130brahim Akda\u011f bizim futbolcumuz&#8221;<\/p>\n<p>\u0130brahim Akda\u011f\u2019a transfer tekliflerinin oldu\u011funu belirten \u00dcne\u015f, &#8220;Transfer s\u00fcreci devam ediyor. S\u00fcre\u00e7 bitmedi\u011fi s\u00fcrece \u0130brahim konusunda geli\u015fmeler olur. Birka\u00e7 futbolcumuza dolayl\u0131 y\u00f6nden teklifler var. Teklif gelen 4 futbolcumuzun 2 tanesini kesin olarak tak\u0131mda tutmak istiyoruz. \u0130brahim\u2019de Lokman G\u00f6r gibi bize emek vermi\u015f bir futbolcu. Bu tak\u0131mda \u00f6zellikle tutmak istedi\u011fimiz bir futbolcu. Gelinen noktada halen \u00f6yle ama ailesi burada olmad\u0131\u011f\u0131 i\u00e7in sorunlar ya\u015f\u0131yoruz. Gelinen noktada e\u011fer gitmek isterse Lokman\u2019a te\u015fekk\u00fcr etti\u011fimiz gibi te\u015fekk\u00fcr eder yollar\u0131z. \u015eu anda \u0130brahim Akda\u011f bizim futbolcumuz&#8221; \u015feklinde konu\u015ftu.<\/p>\n","protected":false},"excerpt":{"rendered":"<p>BB ERZURUMSPOR ARALARINDA OBERTAN VE POTE\u2019N\u0130N DE BULUNDU\u011eU 15 FUTBOLCU \u0130LE S\u00d6ZLE\u015eME \u0130MZALADI.<\/p>\n","protected":false},"author":1,"featured_media":191312,"comment_status":"closed","ping_status":"open","sticky":false,"template":"","format":"standard","meta":{"jetpack_post_was_ever_published":false,"_jetpack_newsletter_access":"","_jetpack_dont_email_post_to_subs":false,"_jetpack_newsletter_tier_id":0,"_jetpack_memberships_contains_paywalled_content":false,"_jetpack_memberships_contains_paid_content":false,"footnotes":"","jetpack_publicize_message":"","jetpack_publicize_feature_enabled":true,"jetpack_social_post_already_shared":true,"jetpack_social_options":{"image_generator_settings":{"template":"highway","default_image_id":0,"font":"","enabled":false},"version":2}},"categories":[657],"tags":[3678,4599,192,2317,4475],"class_list":["post-191311","post","type-post","status-publish","format-standard","has-post-thumbnail","hentry","category-spor","tag-erzurumspor","tag-futbolcu","tag-ile","tag-imzaladi","tag-sozlesme"],"jetpack_publicize_connections":[],"jetpack_featured_media_url":"https:\/\/i0.wp.com\/www.tvturk.com\/wp-content\/uploads\/2019\/08\/bb-erzurumspor-15-futbolcu-ile-sozlesme-imzaladi_afea49e.jpg?fit=1000%2C666","jetpack_sharing_enabled":true,"jetpack_shortlink":"https:\/\/wp.me\/paKIfm-NLF","_links":{"self":[{"href":"http:\/\/www.tvturk.com\/index.php\/wp-json\/wp\/v2\/posts\/191311","targetHints":{"allow":["GET"]}}],"collection":[{"href":"http:\/\/www.tvturk.com\/index.php\/wp-json\/wp\/v2\/posts"}],"about":[{"href":"http:\/\/www.tvturk.com\/index.php\/wp-json\/wp\/v2\/types\/post"}],"author":[{"embeddable":true,"href":"http:\/\/www.tvturk.com\/index.php\/wp-json\/wp\/v2\/users\/1"}],"replies":[{"embeddable":true,"href":"http:\/\/www.tvturk.com\/index.php\/wp-json\/wp\/v2\/comments?post=191311"}],"version-history":[{"count":0,"href":"http:\/\/www.tvturk.com\/index.php\/wp-json\/wp\/v2\/posts\/191311\/revisions"}],"wp:featuredmedia":[{"embeddable":true,"href":"http:\/\/www.tvturk.com\/index.php\/wp-json\/wp\/v2\/media\/191312"}],"wp:attachment":[{"href":"http:\/\/www.tvturk.com\/index.php\/wp-json\/wp\/v2\/media?parent=191311"}],"wp:term":[{"taxonomy":"category","embeddable":true,"href":"http:\/\/www.tvturk.com\/index.php\/wp-json\/wp\/v2\/categories?post=191311"},{"taxonomy":"post_tag","embeddable":true,"href":"http:\/\/www.tvturk.com\/index.php\/wp-json\/wp\/v2\/tags?post=191311"}],"curies":[{"name":"wp","href":"https:\/\/api.w.org\/{rel}","templated":true}]}}